

{"id":45169,"date":"2024-06-06T05:04:26","date_gmt":"2024-06-06T08:04:26","guid":{"rendered":"https:\/\/portalfloresnoar.com\/floresnoar\/?p=45169"},"modified":"2024-06-07T18:26:58","modified_gmt":"2024-06-07T21:26:58","slug":"projeto-mantos-viabiliza-intercambio-cultural-entre-brasil-e-chile","status":"publish","type":"post","link":"https:\/\/portalfloresnoar.com\/floresnoar\/projeto-mantos-viabiliza-intercambio-cultural-entre-brasil-e-chile\/","title":{"rendered":"PROJETO &#8216;MANTOS&#8217; VIABILIZA INTERC\u00c2MBIO CULTURAL ENTRE BRASIL E CHILE"},"content":{"rendered":"<figure id=\"attachment_45170\" aria-describedby=\"caption-attachment-45170\" style=\"width: 601px\" class=\"wp-caption aligncenter\"><img decoding=\"async\" loading=\"lazy\" class=\"wp-image-45170\" src=\"https:\/\/portalfloresnoar.com\/floresnoar\/wp-content\/uploads\/2024\/06\/projeto-mantos-brasil-chile-700x525.jpeg\" alt=\"\" width=\"601\" height=\"451\" srcset=\"https:\/\/portalfloresnoar.com\/floresnoar\/wp-content\/uploads\/2024\/06\/projeto-mantos-brasil-chile-700x525.jpeg 700w, https:\/\/portalfloresnoar.com\/floresnoar\/wp-content\/uploads\/2024\/06\/projeto-mantos-brasil-chile-300x225.jpeg 300w, https:\/\/portalfloresnoar.com\/floresnoar\/wp-content\/uploads\/2024\/06\/projeto-mantos-brasil-chile-768x576.jpeg 768w, https:\/\/portalfloresnoar.com\/floresnoar\/wp-content\/uploads\/2024\/06\/projeto-mantos-brasil-chile-1536x1152.jpeg 1536w, https:\/\/portalfloresnoar.com\/floresnoar\/wp-content\/uploads\/2024\/06\/projeto-mantos-brasil-chile-160x120.jpeg 160w, https:\/\/portalfloresnoar.com\/floresnoar\/wp-content\/uploads\/2024\/06\/projeto-mantos-brasil-chile.jpeg 2000w\" sizes=\"(max-width: 601px) 100vw, 601px\" \/><figcaption id=\"caption-attachment-45170\" class=\"wp-caption-text\">Mestre Manoelzinho Salustiano e a gestora do Instituto Casa Astral, Guida Gomes, na exposi\u00e7\u00e3o do projeto Mantos na Universidad Austral de Chile, em Vald\u00edvia. Fotos: Lu Rabelo<\/figcaption><\/figure>\n<p>Neste Outono de 2024 aconteceu no Chile, o projeto de interc\u00e2mbio \u2018Mantos \u2013 Vestimenta, Mem\u00f3ria e Identidade dos Povos Amer\u00edndios, Tecendo Conex\u00f5es Culturais entre Brasil e Chile\u2019.<\/p>\n<figure id=\"attachment_45171\" aria-describedby=\"caption-attachment-45171\" style=\"width: 359px\" class=\"wp-caption alignleft\"><img decoding=\"async\" loading=\"lazy\" class=\"wp-image-45171\" src=\"https:\/\/portalfloresnoar.com\/floresnoar\/wp-content\/uploads\/2024\/06\/projeto-mantos-intercambio-cultural-brasil-e-chile-700x651.jpeg\" alt=\"\" width=\"359\" height=\"334\" srcset=\"https:\/\/portalfloresnoar.com\/floresnoar\/wp-content\/uploads\/2024\/06\/projeto-mantos-intercambio-cultural-brasil-e-chile-700x651.jpeg 700w, https:\/\/portalfloresnoar.com\/floresnoar\/wp-content\/uploads\/2024\/06\/projeto-mantos-intercambio-cultural-brasil-e-chile-300x279.jpeg 300w, https:\/\/portalfloresnoar.com\/floresnoar\/wp-content\/uploads\/2024\/06\/projeto-mantos-intercambio-cultural-brasil-e-chile-768x715.jpeg 768w, https:\/\/portalfloresnoar.com\/floresnoar\/wp-content\/uploads\/2024\/06\/projeto-mantos-intercambio-cultural-brasil-e-chile.jpeg 1496w\" sizes=\"(max-width: 359px) 100vw, 359px\" \/><figcaption id=\"caption-attachment-45171\" class=\"wp-caption-text\">Roda de Conversas na Universidad Austral de Chile<\/figcaption><\/figure>\n<p>O projeto \u00e9 uma iniciativa do Instituto Casa Astral, em parceria com o mestre Manoelzinho Salustiano, sendo viabilizado pela Bolsa Funarte de Mobilidade Art\u00edstica, do Minist\u00e9rio da Cultura. Contou com a\u00e7\u00f5es, neste final de maio, na Universidad Austral de Chile (UaCh), em Vald\u00edvia, e no Instituto Guimar\u00e3es Rosa, em Santiago.<\/p>\n<p>O interc\u00e2mbio cultural uniu &#8211; na UaCh (Museo Hist\u00f3rico y Antropol\u00f3gico Maurice Van de Male \/ Museo de La Exploracion Rudolph Amandus Philippi) &#8211; as golas do Maracatu de Baque Solto, levadas pelo mestre Manoelzinho Salustiano, aos mantos Mapuche da artes\u00e3 Hilda \u00d1anco. Os dois maestros exibiram os seus mantos, participaram de roda de conversa e facilitaram lindas oficinas, conectando as experi\u00eancias dos povos origin\u00e1rios da Am\u00e9rica do Sul, atrav\u00e9s da arte de tecer e bordar. As atividades aconteceram durante a celebra\u00e7\u00e3o do \u2018D\u00eda de los Patrimonios\u2019, alcan\u00e7ando a visita\u00e7\u00e3o de 2.179 pessoas nos museus da UACh em Vald\u00edvia.<\/p>\n<figure id=\"attachment_45172\" aria-describedby=\"caption-attachment-45172\" style=\"width: 391px\" class=\"wp-caption alignright\"><img decoding=\"async\" loading=\"lazy\" class=\"wp-image-45172\" src=\"https:\/\/portalfloresnoar.com\/floresnoar\/wp-content\/uploads\/2024\/06\/manoelzinho-salustiano-IGR-Chile.jpg\" alt=\"\" width=\"391\" height=\"335\" srcset=\"https:\/\/portalfloresnoar.com\/floresnoar\/wp-content\/uploads\/2024\/06\/manoelzinho-salustiano-IGR-Chile.jpg 680w, https:\/\/portalfloresnoar.com\/floresnoar\/wp-content\/uploads\/2024\/06\/manoelzinho-salustiano-IGR-Chile-300x257.jpg 300w\" sizes=\"(max-width: 391px) 100vw, 391px\" \/><figcaption id=\"caption-attachment-45172\" class=\"wp-caption-text\">Mestre Manoelzinho durante a apresenta\u00e7\u00e3o da aula-espet\u00e1culo no Instituto Guimar\u00e3es Rosa \/ IGR-Chile<\/figcaption><\/figure>\n<p>No Instituto Guimar\u00e3es Rosa, em Santiago, o mestre Manuelzinho apresentou sua aula espet\u00e1culo, exp\u00f4s as golas e tirou d\u00favidas do interessado p\u00fablico.<\/p>\n<p>Manoelzinho e a equipe que o acompanhou \u2013 a gestora da casa Astral Guida Gomes, a historiadora e filha do mestre Gabi Salustiano e a comunicadora Lu Rabelo &#8211; ainda tiveram a gra\u00e7a de serem convidades a visitar espa\u00e7os especiais em Santiago, como o Museu Chilheno de Arte Precolombino e o Museu da Mem\u00f3ria e dos Direitos Humanos.<\/p>\n<p>Manoelzinho Salustiano \u00e9 mestre no universo do Maracatu de Baque Solto e do Cavalo Marinho, tendo recebido, em 2020, o t\u00edtulo de Doutor Honoris Causa pela Universidade de Pernambuco. Filho mais velho do Mestre Salu, desde crian\u00e7a est\u00e1 envolto nas atividades da cultura popular, com reconhecido destaque como artes\u00e3o de estandartes de agremia\u00e7\u00f5es e golas de caboclos e arreiam\u00e1 do Maracatu de Baque Solto, onde utiliza a t\u00e9cnica do bordado com mi\u00e7angas e lantejoulas.<\/p>\n<p>REALIZA\u00c7\u00c3O<br \/>\nINSTITUTO CASA ASTRAL<br \/>\nMANOELZINHO SALUSTIAN<br \/>\nFUNARTE \/ MINIST\u00c9RIO DA CULTURA<\/p>\n<p>APOIO<br \/>\nSecretaria de Cultura da Cida de Recife \/ Prefeitura do Recife<br \/>\nCerveceria Kunstmann<br \/>\nCaf\u00e9 Restaurante Cosas Ricas @cosasricas.valdivia<br \/>\nFlotar<br \/>\nPortal Flores no Ar<\/p>\n<p>&nbsp;<\/p>\n","protected":false},"excerpt":{"rendered":"<p>Neste Outono de 2024 aconteceu no Chile, o projeto de interc\u00e2mbio \u2018Mantos \u2013 Vestimenta, Mem\u00f3ria e Identidade dos Povos Amer\u00edndios, Tecendo Conex\u00f5es Culturais entre Brasil e Chile\u2019. O projeto \u00e9 uma iniciativa do Instituto Casa Astral, em parceria com o mestre Manoelzinho Salustiano, sendo viabilizado pela Bolsa Funarte de Mobilidade Art\u00edstica, do Minist\u00e9rio da Cultura. [&hellip;]<\/p>\n","protected":false},"author":1,"featured_media":45173,"comment_status":"open","ping_status":"open","sticky":false,"template":"","format":"standard","meta":{"om_disable_all_campaigns":false,"_monsterinsights_skip_tracking":false,"_monsterinsights_sitenote_active":false,"_monsterinsights_sitenote_note":"","_monsterinsights_sitenote_category":0,"footnotes":""},"categories":[9],"tags":[373,1414,1514],"acf":[],"publishpress_future_action":{"enabled":false,"date":"1969-12-31 21:00:00","action":"","terms":[],"taxonomy":"","browser_timezone_offset":0},"_links":{"self":[{"href":"https:\/\/portalfloresnoar.com\/floresnoar\/wp-json\/wp\/v2\/posts\/45169"}],"collection":[{"href":"https:\/\/portalfloresnoar.com\/floresnoar\/wp-json\/wp\/v2\/posts"}],"about":[{"href":"https:\/\/portalfloresnoar.com\/floresnoar\/wp-json\/wp\/v2\/types\/post"}],"author":[{"embeddable":true,"href":"https:\/\/portalfloresnoar.com\/floresnoar\/wp-json\/wp\/v2\/users\/1"}],"replies":[{"embeddable":true,"href":"https:\/\/portalfloresnoar.com\/floresnoar\/wp-json\/wp\/v2\/comments?post=45169"}],"version-history":[{"count":4,"href":"https:\/\/portalfloresnoar.com\/floresnoar\/wp-json\/wp\/v2\/posts\/45169\/revisions"}],"predecessor-version":[{"id":45178,"href":"https:\/\/portalfloresnoar.com\/floresnoar\/wp-json\/wp\/v2\/posts\/45169\/revisions\/45178"}],"wp:featuredmedia":[{"embeddable":true,"href":"https:\/\/portalfloresnoar.com\/floresnoar\/wp-json\/wp\/v2\/media\/45173"}],"wp:attachment":[{"href":"https:\/\/portalfloresnoar.com\/floresnoar\/wp-json\/wp\/v2\/media?parent=45169"}],"wp:term":[{"taxonomy":"category","embeddable":true,"href":"https:\/\/portalfloresnoar.com\/floresnoar\/wp-json\/wp\/v2\/categories?post=45169"},{"taxonomy":"post_tag","embeddable":true,"href":"https:\/\/portalfloresnoar.com\/floresnoar\/wp-json\/wp\/v2\/tags?post=45169"}],"curies":[{"name":"wp","href":"https:\/\/api.w.org\/{rel}","templated":true}]}}