

{"id":45161,"date":"2024-05-20T16:01:56","date_gmt":"2024-05-20T19:01:56","guid":{"rendered":"https:\/\/portalfloresnoar.com\/floresnoar\/?p=45161"},"modified":"2024-05-20T16:01:56","modified_gmt":"2024-05-20T19:01:56","slug":"projeto-de-intercambio-cultural-entre-brasil-e-chile-valoriza-a-vestimenta-a-memoria-e-a-identidade-dos-povos-amerindios","status":"publish","type":"post","link":"https:\/\/portalfloresnoar.com\/floresnoar\/projeto-de-intercambio-cultural-entre-brasil-e-chile-valoriza-a-vestimenta-a-memoria-e-a-identidade-dos-povos-amerindios\/","title":{"rendered":"Projeto de interc\u00e2mbio cultural entre Brasil e Chile valoriza a vestimenta, a mem\u00f3ria e a identidade dos povos amer\u00edndios"},"content":{"rendered":"<p><img decoding=\"async\" loading=\"lazy\" class=\"aligncenter  wp-image-45162\" src=\"https:\/\/portalfloresnoar.com\/floresnoar\/wp-content\/uploads\/2024\/05\/projeto-Mantos_-Brasil-e-Chile-700x700.jpeg\" alt=\"\" width=\"601\" height=\"601\" srcset=\"https:\/\/portalfloresnoar.com\/floresnoar\/wp-content\/uploads\/2024\/05\/projeto-Mantos_-Brasil-e-Chile-700x700.jpeg 700w, https:\/\/portalfloresnoar.com\/floresnoar\/wp-content\/uploads\/2024\/05\/projeto-Mantos_-Brasil-e-Chile-300x300.jpeg 300w, https:\/\/portalfloresnoar.com\/floresnoar\/wp-content\/uploads\/2024\/05\/projeto-Mantos_-Brasil-e-Chile-150x150.jpeg 150w, https:\/\/portalfloresnoar.com\/floresnoar\/wp-content\/uploads\/2024\/05\/projeto-Mantos_-Brasil-e-Chile-768x768.jpeg 768w, https:\/\/portalfloresnoar.com\/floresnoar\/wp-content\/uploads\/2024\/05\/projeto-Mantos_-Brasil-e-Chile-100x100.jpeg 100w, https:\/\/portalfloresnoar.com\/floresnoar\/wp-content\/uploads\/2024\/05\/projeto-Mantos_-Brasil-e-Chile.jpeg 1080w\" sizes=\"(max-width: 601px) 100vw, 601px\" \/><\/p>\n<p>O mestre Manoelzinho Salustiano viaja ao Chile, nesta quarta-feira, onde realiza o projeto de interc\u00e2mbio \u2018Mantos &#8211; Vestimenta, Mem\u00f3ria e Identidade dos Povos Amer\u00edndios, Tecendo Conex\u00f5es Culturais entre Brasil e Chile\u2019.<\/p>\n<p>O projeto \u00e9 uma iniciativa do Instituto Casa Astral, em parceria com Manoelzinho Salustiano, e promover\u00e1 atividades na Universidade Austral do Chile, em Vald\u00edvia, e Instituto Guimar\u00e3es Rosa, em Santiago. A a\u00e7\u00e3o est\u00e1 sendo viabilizada pela Bolsa Funarte de Mobilidade Art\u00edstica, do Minist\u00e9rio da Cultura, e conta tamb\u00e9m com o apoio da Secretaria de Cultura da Cidade do Recife, atrav\u00e9s da Funda\u00e7\u00e3o de Cultura da Cidade do Recife.<\/p>\n<p>O intuito do projeto \u00e9 a valoriza\u00e7\u00e3o dos mestres e das artes manuais e visuais, criadas no formato de adere\u00e7os e pe\u00e7as simb\u00f3licas, que comp\u00f5em o universo l\u00fadico dentro das manifesta\u00e7\u00f5es da cultura popular, que expressam a for\u00e7a genu\u00edna da identidade, da ancestralidade e da criatividade do povo brasileiro, a exemplo das golas do Maracatu de Baque Solto de Pernambuco e manifesta\u00e7\u00f5es tradicionais da Am\u00e9rica do Sul, como o uso do poncho como vestimenta t\u00edpica andina, com o mesmo princ\u00edpio ativo de prote\u00e7\u00e3o e identidade das golas do Maracatu.<\/p>\n<p>O interc\u00e2mbio busca contemplar a participa\u00e7\u00e3o de brincantes locais, pesquisadores e artes\u00e3os e artistas visuais interessados em participar de momentos de aprendizados e trocas de saberes, por meio de roda de di\u00e1logos, pr\u00e1ticas manuais e compartilhamento de t\u00e9cnicas artesanais.<\/p>\n<p>Junto com Manoelzinho seguem nessa jornada, Guida Gomes, jornalista, artes\u00e3, produtora cultural e coordenadora do Instituto Cultural e Social Casa Astral; Luciana Rabelo, comunicadora e artista, respons\u00e1vel no projeto pelos registros audiovisuais; e a brincante e historiadora, Gabriela Soares, filha do Mestre Manoelzinho, que ir\u00e1 produzir conte\u00fados, a partir das observa\u00e7\u00f5es feitas no percurso.<\/p>\n<p>\u201cO projeto se apresenta de valiosa import\u00e2ncia, j\u00e1 que coloca para as artes visuais e o universo est\u00e9tico, o fazer manual da cultura popular em posto de protagonismo criativo, para um olhar de destaque e reconhecimento. A conex\u00e3o entre os povos tradicionais, fazedores de cultura, se faz de extrema urg\u00eancia, nesse momento de transi\u00e7\u00e3o e retomada dos movimentos sociais, pol\u00edticos e art\u00edsticos, tendo em vista \u00e0s adversidades severas oriundas dos fatos pol\u00edticos recentes, que envolvem tamb\u00e9m os efeitos da pandemia. Podemos, assim, fortalecer a transmiss\u00e3o dos saberes ancestrais origin\u00e1rios amer\u00edndios, as pr\u00e1ticas desses mestres e dos grupos aos quais est\u00e3o ligados, ativando rela\u00e7\u00f5es intergeracionais e territoriais\u201d, conta Guida Gomes.<\/p>\n<p>Manoelzinho Salustiano \u00e9 mestre no universo do Maracatu de Baque Solto e do Cavalo Marinho, tendo recebido, em 2020, o t\u00edtulo de Doutor Honoris Causa pela Universidade de Pernambuco. Filho mais velho do Mestre Salu, desde crian\u00e7a est\u00e1 envolto nas atividades da cultura popular, com reconhecido destaque como artes\u00e3o de estandartes de agremia\u00e7\u00f5es e golas de caboclos e arreiam\u00e1 do Maracatu de Baque Solto, onde utiliza a t\u00e9cnica do bordado com mi\u00e7angas e lantejoulas.<\/p>\n<p>PROGRAMA\u00c7\u00c3O<br \/>\n<strong>Universidade Austral do Chile &#8211; 22 a 27 de Maio de 2024<\/strong><br \/>\nMostra de Pe\u00e7as Tradicionais da Culturas Amer\u00edndias &#8211; Visita Guiada ao Museu da Universidade Austral do Chile, em Vald\u00edvia. Ser\u00e1 disponibilizada ao p\u00fablico uma pequena mostra, com golas\/mantos pelo Mestre Manoelzinho Salustiano, em conjunto com ponchos produzidos pela artes\u00e3 mapuche Hilda \u00d1anco.<\/p>\n<p>Oficina &#8211; Durante esta viv\u00eancia, com Manoelzinho Salustiano apresentar\u00e1 as principais caracter\u00edsticas do Maracatu de Baque Solto, a partir de seus elementos est\u00e9ticos, t\u00e9cnicas, bordados e adere\u00e7os, trazendo tamb\u00e9m as semelhan\u00e7as com as pe\u00e7as presentes no Boi do Maranh\u00e3o. Haver\u00e1 uma pr\u00e1tica de bordado de pequena gola de Maracatu, com capacidade para 10 pessoas, entre estudantes, artes\u00e3os, pesquisadores e artistas visuais.<\/p>\n<p><strong>Instituto Guimar\u00e3es Rosa, em Santiago &#8211; 27 a 29 de Maio<\/strong><br \/>\nRoda de Di\u00e1logo &#8211; O Mestre Manoelzinho falar\u00e1 aos presentes sobre T\u00e9cnicas Manuais e Art\u00edsticas no Fazer da Cultura Popular e suas rela\u00e7\u00f5es com as artes visuais, envolvendo tamb\u00e9m Tradi\u00e7\u00f5es e Contemporaneidades, apresentando imagens e hist\u00f3rico da evolu\u00e7\u00e3o das golas nas agremia\u00e7\u00f5es de Maracatu de Baque Solto.<\/p>\n<p>Ap\u00f3s o Interc\u00e2mbio no Chile, uma Mostra dos Conte\u00fados registrados no Interc\u00e2mbio com Roda de Di\u00e1logo ser\u00e1 realizada no Instituto Cultural e Social Casa Astral, no Recife, pelo Mestre Manoelzinho Salustiano, para compartilhamento das viv\u00eancias desenvolvidas e dos elos nutridos com as entidades e agentes locais daquele pa\u00eds. Os conte\u00fados apreendidos pela pesquisadora e suas percep\u00e7\u00f5es no \u00e2mbito de cria\u00e7\u00e3o art\u00edstica e manifesta\u00e7\u00f5es tradicionais, ser\u00e3o compartilhadas em explana\u00e7\u00e3o. Os registros audiovisuais produzidos, tamb\u00e9m ser\u00e3o compartilhados para pesquisadores, brincantes e artistas, por meio de grupos e canais online.<\/p>\n<p><strong>Ficha t\u00e9cnica <\/strong><br \/>\nRealiza\u00e7\u00e3o: Instituto Casa Astral e Manoelzinho Salustiano<br \/>\nCoordena\u00e7\u00e3o e Produ\u00e7\u00e3o Executiva: Guida Gomes<br \/>\nHistoriadora: Gabriela Soares<br \/>\nComunica\u00e7\u00e3o: Luciana Rabelo &#8211; Portal Flores no Ar<br \/>\nCo-produ\u00e7\u00e3o: Juce Reis\/Flotar<br \/>\nIdentidade Visual: Bella Labanca<br \/>\nParcerias: Universidade Austral e Museo Austral de Vald\u00edvia; Instituto Guimar\u00e3es de Santiago<\/p>\n","protected":false},"excerpt":{"rendered":"<p>O mestre Manoelzinho Salustiano viaja ao Chile, nesta quarta-feira, onde realiza o projeto de interc\u00e2mbio \u2018Mantos &#8211; Vestimenta, Mem\u00f3ria e Identidade dos Povos Amer\u00edndios, Tecendo Conex\u00f5es Culturais entre Brasil e Chile\u2019. O projeto \u00e9 uma iniciativa do Instituto Casa Astral, em parceria com Manoelzinho Salustiano, e promover\u00e1 atividades na Universidade Austral do Chile, em Vald\u00edvia, [&hellip;]<\/p>\n","protected":false},"author":1,"featured_media":45163,"comment_status":"open","ping_status":"open","sticky":false,"template":"","format":"standard","meta":{"om_disable_all_campaigns":false,"_monsterinsights_skip_tracking":false,"_monsterinsights_sitenote_active":false,"_monsterinsights_sitenote_note":"","_monsterinsights_sitenote_category":0,"footnotes":""},"categories":[9],"tags":[373,1514],"acf":[],"publishpress_future_action":{"enabled":false,"date":"1969-12-31 21:00:00","action":"","terms":[],"taxonomy":"","browser_timezone_offset":0},"_links":{"self":[{"href":"https:\/\/portalfloresnoar.com\/floresnoar\/wp-json\/wp\/v2\/posts\/45161"}],"collection":[{"href":"https:\/\/portalfloresnoar.com\/floresnoar\/wp-json\/wp\/v2\/posts"}],"about":[{"href":"https:\/\/portalfloresnoar.com\/floresnoar\/wp-json\/wp\/v2\/types\/post"}],"author":[{"embeddable":true,"href":"https:\/\/portalfloresnoar.com\/floresnoar\/wp-json\/wp\/v2\/users\/1"}],"replies":[{"embeddable":true,"href":"https:\/\/portalfloresnoar.com\/floresnoar\/wp-json\/wp\/v2\/comments?post=45161"}],"version-history":[{"count":1,"href":"https:\/\/portalfloresnoar.com\/floresnoar\/wp-json\/wp\/v2\/posts\/45161\/revisions"}],"predecessor-version":[{"id":45164,"href":"https:\/\/portalfloresnoar.com\/floresnoar\/wp-json\/wp\/v2\/posts\/45161\/revisions\/45164"}],"wp:featuredmedia":[{"embeddable":true,"href":"https:\/\/portalfloresnoar.com\/floresnoar\/wp-json\/wp\/v2\/media\/45163"}],"wp:attachment":[{"href":"https:\/\/portalfloresnoar.com\/floresnoar\/wp-json\/wp\/v2\/media?parent=45161"}],"wp:term":[{"taxonomy":"category","embeddable":true,"href":"https:\/\/portalfloresnoar.com\/floresnoar\/wp-json\/wp\/v2\/categories?post=45161"},{"taxonomy":"post_tag","embeddable":true,"href":"https:\/\/portalfloresnoar.com\/floresnoar\/wp-json\/wp\/v2\/tags?post=45161"}],"curies":[{"name":"wp","href":"https:\/\/api.w.org\/{rel}","templated":true}]}}