

{"id":45155,"date":"2024-09-11T04:27:52","date_gmt":"2024-09-11T07:27:52","guid":{"rendered":"https:\/\/portalfloresnoar.com\/floresnoar\/?p=45155"},"modified":"2024-12-16T11:37:07","modified_gmt":"2024-12-16T14:37:07","slug":"espaco-gerar-disponibiliza-salao-para-cursos-palestras-aulas-e-vivencias-terapeuticas","status":"publish","type":"post","link":"https:\/\/portalfloresnoar.com\/floresnoar\/espaco-gerar-disponibiliza-salao-para-cursos-palestras-aulas-e-vivencias-terapeuticas\/","title":{"rendered":"Espa\u00e7o Gerar disponibiliza Sal\u00e3o para cursos, palestras, aulas e viv\u00eancias terap\u00eauticas"},"content":{"rendered":"<p><img decoding=\"async\" loading=\"lazy\" class=\"wp-image-45157 alignleft\" src=\"https:\/\/portalfloresnoar.com\/floresnoar\/wp-content\/uploads\/2024\/05\/sala-para-grupos-no-recife-525x700.jpeg\" alt=\"\" width=\"350\" height=\"467\" srcset=\"https:\/\/portalfloresnoar.com\/floresnoar\/wp-content\/uploads\/2024\/05\/sala-para-grupos-no-recife-525x700.jpeg 525w, https:\/\/portalfloresnoar.com\/floresnoar\/wp-content\/uploads\/2024\/05\/sala-para-grupos-no-recife-225x300.jpeg 225w, https:\/\/portalfloresnoar.com\/floresnoar\/wp-content\/uploads\/2024\/05\/sala-para-grupos-no-recife-768x1024.jpeg 768w, https:\/\/portalfloresnoar.com\/floresnoar\/wp-content\/uploads\/2024\/05\/sala-para-grupos-no-recife-1152x1536.jpeg 1152w, https:\/\/portalfloresnoar.com\/floresnoar\/wp-content\/uploads\/2024\/05\/sala-para-grupos-no-recife.jpeg 1200w\" sizes=\"(max-width: 350px) 100vw, 350px\" \/>O Espa\u00e7o Gerar &#8211; Psicologia, Arteterapia e Bem-Estar, localizado no bairro do Po\u00e7o da Panela, no Recife, inaugurou recentemente o &#8216;Sal\u00e3o Gerar&#8217;, espa\u00e7o destinado a cursos, palestras, aulas e viv\u00eancias terap\u00eauticas para grupos. O Sal\u00e3o \u00e9 climatizado e tem capacidade para at\u00e9 30 pessoas.<\/p>\n<p>Integrado ao jardim do Gerar, o Sal\u00e3o est\u00e1 dispon\u00edvel para realiza\u00e7\u00e3o de trabalhos grupais em diversas abordagens (Arteterapia, Psicologia, Yoga, Reiki, Medita\u00e7\u00e3o, C\u00edrculos de Mulheres&#8230;).<\/p>\n<p>O Sal\u00e3o vem coroar mais uma a\u00e7\u00e3o do Gerar, que \u00e9 a de valoriza\u00e7\u00e3o do trabalho terap\u00eautico voltado para o coletivo, especialmente para as propostas de forma\u00e7\u00e3o continuada.<\/p>\n<p>Para maiores informa\u00e7\u00f5es entrar em contato pelo Fone\/ WhatsApp: (81) 997606383.<\/p>\n<p>GERAR &#8211; PSICOLOGIA, ARTETERAPIA E BEM-ESTAR<br \/>\n<strong>Endere\u00e7o:<\/strong> Rua Luiz Guimar\u00e3es, 253, Po\u00e7o da Panela, Recife\/PE<br \/>\n<em>(Mapa com a localiza\u00e7\u00e3o:<a href=\"https:\/\/maps.app.goo.gl\/kZCHrg1TKRm8Qhmv9\" target=\"_blank\" rel=\"noopener\"> https:\/\/maps.app.goo.gl\/kZCHrg1TKRm8Qhmv9<\/a>)<\/em><br \/>\n<strong>Instagram:<\/strong> <a href=\"https:\/\/www.instagram.com\/gerararteterapia\/\" target=\"_blank\" rel=\"noopener\">@gerararteterapia<\/a><br \/>\n<strong>Fone\/WhatsApp:<\/strong> (81) 99760.6383<\/p>\n","protected":false},"excerpt":{"rendered":"<p>O Espa\u00e7o Gerar &#8211; Psicologia, Arteterapia e Bem-Estar, localizado no bairro do Po\u00e7o da Panela, no Recife, inaugurou recentemente o &#8216;Sal\u00e3o Gerar&#8217;, espa\u00e7o destinado a cursos, palestras, aulas e viv\u00eancias terap\u00eauticas para grupos. O Sal\u00e3o \u00e9 climatizado e tem capacidade para at\u00e9 30 pessoas. Integrado ao jardim do Gerar, o Sal\u00e3o est\u00e1 dispon\u00edvel para realiza\u00e7\u00e3o [&hellip;]<\/p>\n","protected":false},"author":1,"featured_media":45156,"comment_status":"open","ping_status":"open","sticky":false,"template":"","format":"standard","meta":{"om_disable_all_campaigns":false,"_monsterinsights_skip_tracking":false,"_monsterinsights_sitenote_active":false,"_monsterinsights_sitenote_note":"","_monsterinsights_sitenote_category":0,"footnotes":""},"categories":[9],"tags":[34,42,1513,43,582,81,21],"acf":[],"publishpress_future_action":{"enabled":false,"date":"1969-12-31 21:00:00","action":"","terms":[],"taxonomy":"","browser_timezone_offset":0},"_links":{"self":[{"href":"https:\/\/portalfloresnoar.com\/floresnoar\/wp-json\/wp\/v2\/posts\/45155"}],"collection":[{"href":"https:\/\/portalfloresnoar.com\/floresnoar\/wp-json\/wp\/v2\/posts"}],"about":[{"href":"https:\/\/portalfloresnoar.com\/floresnoar\/wp-json\/wp\/v2\/types\/post"}],"author":[{"embeddable":true,"href":"https:\/\/portalfloresnoar.com\/floresnoar\/wp-json\/wp\/v2\/users\/1"}],"replies":[{"embeddable":true,"href":"https:\/\/portalfloresnoar.com\/floresnoar\/wp-json\/wp\/v2\/comments?post=45155"}],"version-history":[{"count":3,"href":"https:\/\/portalfloresnoar.com\/floresnoar\/wp-json\/wp\/v2\/posts\/45155\/revisions"}],"predecessor-version":[{"id":45160,"href":"https:\/\/portalfloresnoar.com\/floresnoar\/wp-json\/wp\/v2\/posts\/45155\/revisions\/45160"}],"wp:featuredmedia":[{"embeddable":true,"href":"https:\/\/portalfloresnoar.com\/floresnoar\/wp-json\/wp\/v2\/media\/45156"}],"wp:attachment":[{"href":"https:\/\/portalfloresnoar.com\/floresnoar\/wp-json\/wp\/v2\/media?parent=45155"}],"wp:term":[{"taxonomy":"category","embeddable":true,"href":"https:\/\/portalfloresnoar.com\/floresnoar\/wp-json\/wp\/v2\/categories?post=45155"},{"taxonomy":"post_tag","embeddable":true,"href":"https:\/\/portalfloresnoar.com\/floresnoar\/wp-json\/wp\/v2\/tags?post=45155"}],"curies":[{"name":"wp","href":"https:\/\/api.w.org\/{rel}","templated":true}]}}