

{"id":45139,"date":"2024-01-08T11:52:05","date_gmt":"2024-01-08T14:52:05","guid":{"rendered":"https:\/\/portalfloresnoar.com\/floresnoar\/?p=45139"},"modified":"2024-06-03T21:05:33","modified_gmt":"2024-06-04T00:05:33","slug":"agenda-pe-pai-nosso-em-aramaico-com-maria-lalla-cy-ache-dia-30-de-maio-no-recife","status":"publish","type":"post","link":"https:\/\/portalfloresnoar.com\/floresnoar\/agenda-pe-pai-nosso-em-aramaico-com-maria-lalla-cy-ache-dia-30-de-maio-no-recife\/","title":{"rendered":"[AGENDA PE] &#8216;Pai Nosso em Aramaico&#8217; com Maria Lalla Cy Ach\u00e9 dia 30 de maio (Corpus Christi) no Recife"},"content":{"rendered":"<p><img decoding=\"async\" loading=\"lazy\" class=\"size-full wp-image-45143 alignleft\" src=\"https:\/\/portalfloresnoar.com\/floresnoar\/wp-content\/uploads\/2024\/05\/PAI-NOSSO-EM-ARAMAICO.png\" alt=\"\" width=\"307\" height=\"630\" srcset=\"https:\/\/portalfloresnoar.com\/floresnoar\/wp-content\/uploads\/2024\/05\/PAI-NOSSO-EM-ARAMAICO.png 307w, https:\/\/portalfloresnoar.com\/floresnoar\/wp-content\/uploads\/2024\/05\/PAI-NOSSO-EM-ARAMAICO-146x300.png 146w\" sizes=\"(max-width: 307px) 100vw, 307px\" \/>No dia 30 de maio de 2024, dia de Corpus Christi, a dan\u00e7arina, compositora e escritora Maria Lalla Cy Ach\u00e9 estar\u00e1 no Recife, realizando o ritual do <strong>&#8216;Pai Nosso em Aramaico<\/strong>&#8216;. O encontro ser\u00e1 das 9h \u00e0s 17h, no Espa\u00e7o Circular, localizado no bairro de Casa Forte.<\/p>\n<p>&#8220;Queremos reunir no Corpus Christi pessoas interessadas em cantar e dan\u00e7ar o Pai Nosso na l\u00edngua original, o aramaico, e descobrir os significados mais profundos da ora\u00e7\u00e3o, que revela o cora\u00e7\u00e3o cr\u00edstico em n\u00f3s. \u00c9 uma experi\u00eancia de renascimento, comunh\u00e3o e unidade. Cantar e dan\u00e7ar o Pai Nosso em Aramaico \u00e9 um ritual de conex\u00e3o com a sabedoria do cora\u00e7\u00e3o. Ressignificando de forma po\u00e9tica e profunda a ora\u00e7\u00e3o ensinada por Jesus Cristo, a tradu\u00e7\u00e3o do mestre Saadi nos conduz na revela\u00e7\u00e3o da nossa pr\u00f3pria natureza divina, filhos que somos do Pai\/M\u00e3e do Cosmos&#8221;, explica Maria Lalla.<\/p>\n<p>PROGRAMA\u00c7\u00c3O<br \/>\n<strong>Das 9h \u00e0s 13h<\/strong> \u2013 Aprendendo a ora\u00e7\u00e3o em aramaico e os passos da medita\u00e7\u00e3o em movimento.<br \/>\n<strong>Das 13h \u00e0s 15h<\/strong> &#8211; Tempo livre para o almo\u00e7o.<br \/>\n<strong>Das 15h \u00e0s 17h<\/strong> &#8211; Ritual completo com partilha do p\u00e3o e do vinho: &#8220;\u00c0 mesa com a Santa Sabedoria&#8221;.<\/p>\n<p>SOBRE A CONDUTORA<br \/>\n<strong>Maria Lalla Cy Ach\u00e9<\/strong> \u00e9 compositora , core\u00f3grafa, dan\u00e7arina da paz e escritora. \u00c9 int\u00e9rprete de S\u00edmbolos do Tar\u00f4, mentora de Dan\u00e7as da Paz Universal e guia da Sufi Ruhaniat International. Possui Forma\u00e7\u00e3o pelo Interspiritual Leadership Program de Abwoon Studies e \u00e9 membro do International Dance Council CID_UNESCO.<\/p>\n<p><strong>JUREMAR<\/strong> &#8211; Nos dias 1 e 2 de junho de 2024, Maria Lalla Cy Ach\u00e9 conduzir\u00e1 o ritual &#8216;Juremar Yaci Uaru\u00e1 &#8211; Outono\/Inverno&#8217;. O encontro ser\u00e1 no Divina Fonte, s\u00edtio localizado na zona rural de Ch\u00e3 Grande\/PE, a 80 Km do Recife. Mais informa\u00e7\u00f5es neste link: <a href=\"https:\/\/portalfloresnoar.com\/floresnoar\/agenda-pe-ritual-juremar-yaci-uarua-acontece-nos-dias-1-e-2-de-junho-em-cha-grande-pe\/\" target=\"_blank\" rel=\"noopener\">https:\/\/portalfloresnoar.com\/floresnoar\/agenda-pe-ritual-juremar-yaci-uarua-acontece-nos-dias-1-e-2-de-junho-em-cha-grande-pe\/<\/a><\/p>\n<p>SERVI\u00c7O<br \/>\n<strong>Pai Nosso Aramaico<\/strong><br \/>\n<strong>Data:<\/strong> 30 de Maio de 2025 (quinta-feira)<br \/>\n<strong>Hor\u00e1rio:<\/strong> das 9h \u00e0s 17h<br \/>\n<strong>Local:<\/strong> Espa\u00e7o Circular &#8211; Rua Samuel de Farias, 95, Casa Forte, Recife\/PE<br \/>\n<strong>Valores: <\/strong>Contribui\u00e7\u00e3o solid\u00e1ria: R$ 85,00 \/ Contribui\u00e7\u00e3o Sustent\u00e1vel: R$ 135,00\/ Contribui\u00e7\u00e3o abundante: R$ 185,00<br \/>\n<em>Obs.1: O pagamento deve ser feito atrav\u00e9s da chave pix: marialallache@gmail.com<br \/>\nObs.2: O comprovante deve ser enviado para o WhatsApp: 21 999243132<\/em><\/p>\n<p>INSCRI\u00c7\u00d5ES E MAIS INFORMA\u00c7\u00d5ES<br \/>\n<strong>Telefone\/WhatsApp:<\/strong> 21 99924 3132 (Maria Lalla)<br \/>\n<strong>E-mail:<\/strong> marialallache@gmail.com<br \/>\n<strong>Instagram:<\/strong><a href=\"https:\/\/www.instagram.com\/marialallache\" target=\"_blank\" rel=\"noopener\"> @marialallache<\/a><br \/>\n<strong>Site:<\/strong> <a href=\"https:\/\/www.estudiomariaache.com.br\/\" target=\"_blank\" rel=\"noopener\">www.estudiomariaache.com.br<\/a><\/p>\n","protected":false},"excerpt":{"rendered":"<p>No dia 30 de maio de 2024, dia de Corpus Christi, a dan\u00e7arina, compositora e escritora Maria Lalla Cy Ach\u00e9 estar\u00e1 no Recife, realizando o ritual do &#8216;Pai Nosso em Aramaico&#8216;. O encontro ser\u00e1 das 9h \u00e0s 17h, no Espa\u00e7o Circular, localizado no bairro de Casa Forte. &#8220;Queremos reunir no Corpus Christi pessoas interessadas em [&hellip;]<\/p>\n","protected":false},"author":1,"featured_media":45142,"comment_status":"open","ping_status":"open","sticky":false,"template":"","format":"standard","meta":{"om_disable_all_campaigns":false,"_monsterinsights_skip_tracking":false,"_monsterinsights_sitenote_active":false,"_monsterinsights_sitenote_note":"","_monsterinsights_sitenote_category":0,"footnotes":""},"categories":[8,214],"tags":[42,129],"acf":[],"publishpress_future_action":{"enabled":false,"date":"1969-12-31 21:00:00","action":"","terms":[],"taxonomy":"","browser_timezone_offset":0},"_links":{"self":[{"href":"https:\/\/portalfloresnoar.com\/floresnoar\/wp-json\/wp\/v2\/posts\/45139"}],"collection":[{"href":"https:\/\/portalfloresnoar.com\/floresnoar\/wp-json\/wp\/v2\/posts"}],"about":[{"href":"https:\/\/portalfloresnoar.com\/floresnoar\/wp-json\/wp\/v2\/types\/post"}],"author":[{"embeddable":true,"href":"https:\/\/portalfloresnoar.com\/floresnoar\/wp-json\/wp\/v2\/users\/1"}],"replies":[{"embeddable":true,"href":"https:\/\/portalfloresnoar.com\/floresnoar\/wp-json\/wp\/v2\/comments?post=45139"}],"version-history":[{"count":5,"href":"https:\/\/portalfloresnoar.com\/floresnoar\/wp-json\/wp\/v2\/posts\/45139\/revisions"}],"predecessor-version":[{"id":45152,"href":"https:\/\/portalfloresnoar.com\/floresnoar\/wp-json\/wp\/v2\/posts\/45139\/revisions\/45152"}],"wp:featuredmedia":[{"embeddable":true,"href":"https:\/\/portalfloresnoar.com\/floresnoar\/wp-json\/wp\/v2\/media\/45142"}],"wp:attachment":[{"href":"https:\/\/portalfloresnoar.com\/floresnoar\/wp-json\/wp\/v2\/media?parent=45139"}],"wp:term":[{"taxonomy":"category","embeddable":true,"href":"https:\/\/portalfloresnoar.com\/floresnoar\/wp-json\/wp\/v2\/categories?post=45139"},{"taxonomy":"post_tag","embeddable":true,"href":"https:\/\/portalfloresnoar.com\/floresnoar\/wp-json\/wp\/v2\/tags?post=45139"}],"curies":[{"name":"wp","href":"https:\/\/api.w.org\/{rel}","templated":true}]}}