

{"id":45137,"date":"2024-01-19T11:51:59","date_gmt":"2024-01-19T14:51:59","guid":{"rendered":"https:\/\/portalfloresnoar.com\/floresnoar\/?p=45137"},"modified":"2024-06-03T21:04:26","modified_gmt":"2024-06-04T00:04:26","slug":"agenda-pe-ritual-juremar-yaci-uarua-acontece-nos-dias-1-e-2-de-junho-em-cha-grande-pe","status":"publish","type":"post","link":"https:\/\/portalfloresnoar.com\/floresnoar\/agenda-pe-ritual-juremar-yaci-uarua-acontece-nos-dias-1-e-2-de-junho-em-cha-grande-pe\/","title":{"rendered":"[AGENDA\/PE] &#8216;Ritual Juremar Yaci Uaru\u00e1&#8217; dias 1 e 2 de junho em Ch\u00e3 Grande\/PE"},"content":{"rendered":"<p><img decoding=\"async\" loading=\"lazy\" class=\"aligncenter wp-image-45144\" src=\"https:\/\/portalfloresnoar.com\/floresnoar\/wp-content\/uploads\/2024\/05\/Juremar-Yaci-Uarua-700x466.jpeg\" alt=\"\" width=\"601\" height=\"400\" srcset=\"https:\/\/portalfloresnoar.com\/floresnoar\/wp-content\/uploads\/2024\/05\/Juremar-Yaci-Uarua-700x466.jpeg 700w, https:\/\/portalfloresnoar.com\/floresnoar\/wp-content\/uploads\/2024\/05\/Juremar-Yaci-Uarua-300x200.jpeg 300w, https:\/\/portalfloresnoar.com\/floresnoar\/wp-content\/uploads\/2024\/05\/Juremar-Yaci-Uarua-768x512.jpeg 768w, https:\/\/portalfloresnoar.com\/floresnoar\/wp-content\/uploads\/2024\/05\/Juremar-Yaci-Uarua-1536x1023.jpeg 1536w, https:\/\/portalfloresnoar.com\/floresnoar\/wp-content\/uploads\/2024\/05\/Juremar-Yaci-Uarua.jpeg 1600w\" sizes=\"(max-width: 601px) 100vw, 601px\" \/><\/p>\n<p>A dan\u00e7arina, compositora e escritora Maria Lalla Cy Ach\u00e9 estar\u00e1 em breve em terras pernambucanas, onde realizar\u00e1 o ritual <strong>&#8216;Juremar Yaci Uaru\u00e1 &#8211; Outono\/Inverno&#8217;<\/strong>. A viv\u00eancia ser\u00e1 nos dias 1 e 2 de junho de 2024, no Divina Fonte, s\u00edtio localizado na zona rural de Ch\u00e3 Grande\/PE, a 80 Km do Recife.<\/p>\n<p>O &#8216;Juremar Yacy Uaru\u00e1&#8217; \u00e9 um ciclo de dan\u00e7as rituais dedicado ao Sagrado Feminino, criado por Maria Lalla Cy Ach\u00e9. &#8220;O ritual busca a revela\u00e7\u00e3o e conex\u00e3o com o poder que emana de Cy, o arqu\u00e9tipo da Grande M\u00e3e Brasileira e matriz de todo o universo criado. Atrav\u00e9s da poesia, m\u00fasica e linguagem corporal, o Juremar Yacy Uaru\u00e1 explora mitologias ind\u00edgenas e caboclas, entrando em contato com os arqu\u00e9tipos e s\u00edmbolos da Terra Bras\u00edlis. O ciclo de dan\u00e7as honra nossos ancestrais e convida homens e mulheres a mergulharem nos aspectos profundos e sens\u00edveis da alma, proporcionando transforma\u00e7\u00e3o e conex\u00e3o com o sagrado&#8221;, conta Maria.<\/p>\n<p>Segunda ela, cada Juremar trabalha com diferentes arqu\u00e9tipos femininos e, nesse pr\u00f3ximo Juremar, o mergulho ser\u00e1 no universo arquet\u00edpico das \u00e1guas do inconsciente, trabalhando com os arqu\u00e9tipos da sereia brasileira Yara e com a Vit\u00f3ria R\u00e9gia, nosso l\u00f3tus amaz\u00f4nico. A viv\u00eancia \u00e9 voltada a todas as pessoas em busca de autoconhecimento, purifica\u00e7\u00e3o e fortalecimento, e que amam a Jurema Sagrada, a M\u00e3e Natureza e o xamanismo nativo dos povos origin\u00e1rios.<\/p>\n<figure id=\"attachment_45150\" aria-describedby=\"caption-attachment-45150\" style=\"width: 616px\" class=\"wp-caption aligncenter\"><img decoding=\"async\" loading=\"lazy\" class=\"wp-image-45150 size-full\" src=\"https:\/\/portalfloresnoar.com\/floresnoar\/wp-content\/uploads\/2024\/05\/ritual-juremar.jpg\" alt=\"uso da foto autorizado por Maria Lalla\" width=\"616\" height=\"404\" srcset=\"https:\/\/portalfloresnoar.com\/floresnoar\/wp-content\/uploads\/2024\/05\/ritual-juremar.jpg 616w, https:\/\/portalfloresnoar.com\/floresnoar\/wp-content\/uploads\/2024\/05\/ritual-juremar-300x197.jpg 300w\" sizes=\"(max-width: 616px) 100vw, 616px\" \/><figcaption id=\"caption-attachment-45150\" class=\"wp-caption-text\">Foto: Ana Gama<\/figcaption><\/figure>\n<p><strong>Maria Lalla Cy Ach\u00e9<\/strong> \u00e9 compositora , core\u00f3grafa, dan\u00e7arina da paz e escritora. \u00c9 int\u00e9rprete de S\u00edmbolos do Tar\u00f4, mentora de Dan\u00e7as da Paz Universal e guia da Sufi Ruhaniat International. Possui Forma\u00e7\u00e3o pelo Interspiritual Leadership Program de Abwoon Studies e \u00e9 membro do International Dance Council CID_UNESCO.<\/p>\n<p>PROGRAMA\u00c7\u00c3O<\/p>\n<p><strong>S\u00e1bado (01\/06)<\/strong><br \/>\n9h &#8211; Prece de abertura e apresenta\u00e7\u00f5es.<br \/>\n10h \u2013 O arqu\u00e9tipo da Yara e da Vit\u00f3ria R\u00e9gia. Din\u00e2micas de Trabalho com a Luz e a Sombra. Dan\u00e7as da Mandala Florestal. A Tran\u00e7a Integrativa e o Lago Espelho da Lua.<br \/>\n13h &#8211; Almo\u00e7o compartilhado (traga algo para a nossa mesa)<br \/>\n15h \u2013 O jogo da mulher \u00e1rvore e dan\u00e7as da Mandala Florestal.<br \/>\n19h &#8211; Sopa<br \/>\n20h \u2013 Preparo da Jurema Branca, roda de cachimbos, consagra\u00e7\u00e3o e Tor\u00e9 com Tyfladjwa Fulny-\u00f4<br \/>\n22h \u2013 Recolhimento<\/p>\n<p><strong>Domingo (02\/06)<\/strong><br \/>\n9h &#8211; Caf\u00e9 compartilhado (traga alguma contribui\u00e7\u00e3o)<br \/>\n10h \u2013 Partilha de sonhos, dan\u00e7as e preces finais<br \/>\n13h &#8211; Fechamento<\/p>\n<p>SERVI\u00c7O<br \/>\n<strong>Juremar Yaci Uaru\u00e1 &#8211; Outono\/Inverno<\/strong><br \/>\n<strong>Data:<\/strong> 1 e 2 de junho de 2024 (s\u00e1bado e domingo)<br \/>\n<strong>Hor\u00e1rio:<\/strong> das 9h do s\u00e1bado at\u00e9 o almo\u00e7o do domingo<br \/>\n<strong>Local:<\/strong> S\u00edtio Divina Fonte, Ch\u00e3 Grande\/PE<br \/>\n<em>Obs.: Mais detalhes sobre como chegar ao local ser\u00e1 fornecido no ato da inscri\u00e7\u00e3o<\/em><\/p>\n<p><strong>Investimento<\/strong>: R$ 250,00 (quem fizer a inscri\u00e7\u00e3o at\u00e9 o dia 30\/05 pagar\u00e1 o valor de R$ 230,00)<br \/>\n<em>Obs.1: O pagamento deve ser feito atrav\u00e9s da chave pix: marialallache@gmail.com<br \/>\nObs.2: O comprovante deve ser enviado para o WhatsApp: 21 999243132<\/em><br \/>\n<em>Obs.3: O valor inclui pernoite de s\u00e1bado para domingo no Divina Fonte. \u00c9 pedido para cada um\/uma levar algum alimento ou bebida para compartilhar no almo\u00e7o e no caf\u00e9 da manh\u00e3.<\/em><\/p>\n<p>MAIS INFORMA\u00c7\u00d5ES<br \/>\n<strong>Telefone\/WhatsApp:<\/strong> 21 99924 3132 (Maria Lalla)<br \/>\n<strong>E-mail:<\/strong> marialallache@gmail.com<br \/>\n<strong>Instagram:<\/strong><a href=\"https:\/\/www.instagram.com\/marialallache\" target=\"_blank\" rel=\"noopener\"> @marialallache<\/a><br \/>\n<strong>Site:<\/strong> <a href=\"https:\/\/www.estudiomariaache.com.br\/\" target=\"_blank\" rel=\"noopener\">www.estudiomariaache.com.br<\/a><\/p>\n<p><em>Veja tamb\u00e9m!<\/em><\/p>\n<p><b>PAI NOSSO EM ARAMAICO <\/b>&#8211; Na quinta-feira, dia 30 de maio, dia de Corpus Christi, Maria Lalla Cy Ach\u00e9 estar\u00e1 no Recife, realizando o ritual do <strong>&#8216;Pai Nosso em Aramaico<\/strong>&#8216;. O encontro ser\u00e1 das 9h \u00e0s 17h, no Espa\u00e7o Circular, localizado no bairro de Casa Forte. Mais informa\u00e7\u00f5es neste link:<a href=\"https:\/\/portalfloresnoar.com\/floresnoar\/agenda-pe-pai-nosso-em-aramaico-com-maria-lalla-cy-ache-dia-30-de-maio-no-recife\/\" target=\"_blank\" rel=\"noopener\"> https:\/\/portalfloresnoar.com\/floresnoar\/agenda-pe-pai-nosso-em-aramaico-com-maria-lalla-cy-ache-dia-30-de-maio-no-recife\/<\/a><\/p>\n","protected":false},"excerpt":{"rendered":"<p>A dan\u00e7arina, compositora e escritora Maria Lalla Cy Ach\u00e9 estar\u00e1 em breve em terras pernambucanas, onde realizar\u00e1 o ritual &#8216;Juremar Yaci Uaru\u00e1 &#8211; Outono\/Inverno&#8217;. A viv\u00eancia ser\u00e1 nos dias 1 e 2 de junho de 2024, no Divina Fonte, s\u00edtio localizado na zona rural de Ch\u00e3 Grande\/PE, a 80 Km do Recife. O &#8216;Juremar Yacy [&hellip;]<\/p>\n","protected":false},"author":1,"featured_media":45144,"comment_status":"open","ping_status":"open","sticky":false,"template":"","format":"standard","meta":{"om_disable_all_campaigns":false,"_monsterinsights_skip_tracking":false,"_monsterinsights_sitenote_active":false,"_monsterinsights_sitenote_note":"","_monsterinsights_sitenote_category":0,"footnotes":""},"categories":[8,214],"tags":[42,626],"acf":[],"publishpress_future_action":{"enabled":false,"date":"1969-12-31 21:00:00","action":"","terms":[],"taxonomy":"","browser_timezone_offset":0},"_links":{"self":[{"href":"https:\/\/portalfloresnoar.com\/floresnoar\/wp-json\/wp\/v2\/posts\/45137"}],"collection":[{"href":"https:\/\/portalfloresnoar.com\/floresnoar\/wp-json\/wp\/v2\/posts"}],"about":[{"href":"https:\/\/portalfloresnoar.com\/floresnoar\/wp-json\/wp\/v2\/types\/post"}],"author":[{"embeddable":true,"href":"https:\/\/portalfloresnoar.com\/floresnoar\/wp-json\/wp\/v2\/users\/1"}],"replies":[{"embeddable":true,"href":"https:\/\/portalfloresnoar.com\/floresnoar\/wp-json\/wp\/v2\/comments?post=45137"}],"version-history":[{"count":7,"href":"https:\/\/portalfloresnoar.com\/floresnoar\/wp-json\/wp\/v2\/posts\/45137\/revisions"}],"predecessor-version":[{"id":45154,"href":"https:\/\/portalfloresnoar.com\/floresnoar\/wp-json\/wp\/v2\/posts\/45137\/revisions\/45154"}],"wp:featuredmedia":[{"embeddable":true,"href":"https:\/\/portalfloresnoar.com\/floresnoar\/wp-json\/wp\/v2\/media\/45144"}],"wp:attachment":[{"href":"https:\/\/portalfloresnoar.com\/floresnoar\/wp-json\/wp\/v2\/media?parent=45137"}],"wp:term":[{"taxonomy":"category","embeddable":true,"href":"https:\/\/portalfloresnoar.com\/floresnoar\/wp-json\/wp\/v2\/categories?post=45137"},{"taxonomy":"post_tag","embeddable":true,"href":"https:\/\/portalfloresnoar.com\/floresnoar\/wp-json\/wp\/v2\/tags?post=45137"}],"curies":[{"name":"wp","href":"https:\/\/api.w.org\/{rel}","templated":true}]}}