

{"id":45120,"date":"2024-05-15T10:43:42","date_gmt":"2024-05-15T13:43:42","guid":{"rendered":"https:\/\/portalfloresnoar.com\/floresnoar\/?p=45120"},"modified":"2024-07-30T21:18:32","modified_gmt":"2024-07-31T00:18:32","slug":"agenda-pe-curso-de-formacao-em-constelacao-sistemica-e-familiar-tem-inicio-em-julho-no-recife","status":"publish","type":"post","link":"https:\/\/portalfloresnoar.com\/floresnoar\/agenda-pe-curso-de-formacao-em-constelacao-sistemica-e-familiar-tem-inicio-em-julho-no-recife\/","title":{"rendered":"[AGENDA PE] Curso de Forma\u00e7\u00e3o em Constela\u00e7\u00e3o Sist\u00eamica e Familiar no Recife"},"content":{"rendered":"<p><img decoding=\"async\" loading=\"lazy\" class=\"aligncenter wp-image-45127\" src=\"https:\/\/portalfloresnoar.com\/floresnoar\/wp-content\/uploads\/2024\/05\/curso-de-constelacao-familiar-no-recife-700x700.jpeg\" alt=\"\" width=\"601\" height=\"601\" srcset=\"https:\/\/portalfloresnoar.com\/floresnoar\/wp-content\/uploads\/2024\/05\/curso-de-constelacao-familiar-no-recife-700x700.jpeg 700w, https:\/\/portalfloresnoar.com\/floresnoar\/wp-content\/uploads\/2024\/05\/curso-de-constelacao-familiar-no-recife-300x300.jpeg 300w, https:\/\/portalfloresnoar.com\/floresnoar\/wp-content\/uploads\/2024\/05\/curso-de-constelacao-familiar-no-recife-150x150.jpeg 150w, https:\/\/portalfloresnoar.com\/floresnoar\/wp-content\/uploads\/2024\/05\/curso-de-constelacao-familiar-no-recife-768x768.jpeg 768w, https:\/\/portalfloresnoar.com\/floresnoar\/wp-content\/uploads\/2024\/05\/curso-de-constelacao-familiar-no-recife-100x100.jpeg 100w, https:\/\/portalfloresnoar.com\/floresnoar\/wp-content\/uploads\/2024\/05\/curso-de-constelacao-familiar-no-recife.jpeg 1080w\" sizes=\"(max-width: 601px) 100vw, 601px\" \/><\/p>\n<p>A terapeuta consteladora Juliana Sampaio inicia em julho, no Recife, o &#8216;Curso de Forma\u00e7\u00e3o em Constela\u00e7\u00e3o Sist\u00eamica e Familiar&#8217;. As aulas ser\u00e3o presenciais, na Casa Semente, localizada no bairro da Encruzilhada. O primeiro m\u00f3dulo do curso ser\u00e1 nos dias 20 e 21 de julho de 2024.<\/p>\n<p>O curso \u00e9 composto por dez m\u00f3dulos, sendo um final de semana por m\u00eas, das 9h \u00e0s 17h, somando um total de 180 horas, mais supervis\u00e3o on-line. A forma\u00e7\u00e3o tem certifica\u00e7\u00e3o da Associa\u00e7\u00e3o Brasileira dos Terapeutas Hol\u00edsticos (ABRATH) e Biblioteca Nacional, e habilitar\u00e1 o participante a atuar profissionalmente com facilita\u00e7\u00e3o de Constela\u00e7\u00e3o. &#8220;O curso tamb\u00e9m ser\u00e1 um caminho de autotransforma\u00e7\u00e3o e desenvolvimento pessoal para quem n\u00e3o tiver o desejo de se profissionalizar&#8221;, explica Juliana.<\/p>\n<p><strong>LIVE<\/strong> &#8211; No dia 23\/05, \u00e0s 20h, Juliana Sampaio far\u00e1 uma live voltada para as pessoas interessadas em conhecer mais a proposta do curso, assim como para que possam tirar d\u00favidas. A live ser\u00e1 transmitida atrav\u00e9s do perfil do Instagram: <a class=\"x1i10hfl xjbqb8w x1ejq31n xd10rxx x1sy0etr x17r0tee x972fbf xcfux6l x1qhh985 xm0m39n x9f619 x1ypdohk xt0psk2 xe8uvvx xdj266r x11i5rnm xat24cr x1mh8g0r xexx8yu x4uap5 x18d9i69 xkhd6sd x16tdsg8 x1hl2dhg xggy1nq x1a2a7pz notranslate _a6hd\" tabindex=\"0\" role=\"link\" href=\"https:\/\/www.instagram.com\/julianasampaioterapeuta\/\">@julianasampaioterapeuta<\/a><\/p>\n<p>SOBRE A CONSTELA\u00c7\u00c3O SIST\u00caMICA E FAMILIAR<\/p>\n<p>A Constela\u00e7\u00e3o Sist\u00eamica e Familiar foi sistematizada pelo alem\u00e3o Bert Hellinger, na d\u00e9cada de 1980. De acordo com Juliana Sampaio, &#8220;\u00e9 um caminho de expans\u00e3o da consci\u00eancia, autoconhecimento e transforma\u00e7\u00e3o do ser, que acontece atrav\u00e9s da identifica\u00e7\u00e3o e libera\u00e7\u00e3o de padr\u00f5es repetitivos de sofrimentos e cren\u00e7as distorcidas, herdadas dos sistemas ancestrais ou constru\u00eddos a partir da nossa experi\u00eancia individual, que manifestamos inconscientemente nas nossas vidas e rela\u00e7\u00f5es, atrav\u00e9s de sintomas f\u00edsicos, emocionais, comportamentais ou relacionais. O m\u00e9todo terap\u00eautico tem como base as leis sist\u00eamicas ou ordens do amor e possui ampla possibilidade de utiliza\u00e7\u00e3o. \u00c9 reconhecido e utilizado pelo Sistema \u00danico de Sa\u00fade &#8211; SUS como uma das Pr\u00e1ticas Integrativas e Complementares em Sa\u00fade PICS.<\/p>\n<p>SOBRE A TERAPEUTA<br \/>\n<strong>Juliana Sampaio<\/strong> \u00e9 terapeuta consteladora (CRTH-B 17338), especialista em Constelac\u00e3o Sist\u00eamica e Familiar e Psicossom\u00e1tica, especialista em Constela\u00e7\u00e3o Intrauterina, facilitadora de grupos e formadora.<\/p>\n<p><strong>CONTE\u00daDO PROGRAM\u00c1TICO\u00a0 DO CURSO<\/strong><\/p>\n<p><strong>M\u00d3DULO 1 (20 e 21 julho de 2024)<\/strong> &#8211; Bert Hellinger e as Constela\u00e7\u00f5es Sist\u00eamicas e Familiares, fenomenologia, transgeracionalidade, campos morfogen\u00e9ticos e leis sist\u00eamicas.<\/p>\n<p><strong>M\u00d3DULO 2 (24 e 25 de agosto de 2024)<\/strong> &#8211; Campo sist\u00eamico, tipos de atendimento, diversas \u00e2ncoras, recursos auxiliares, como atender com constela\u00e7\u00e3o.<\/p>\n<p><strong>M\u00d3DULO 3 (21 e 22 de setembro de 2024)<\/strong> &#8211; Ancestralidade, reconex\u00e3o com as ra\u00edzes (pai e m\u00e3e), constela\u00e7\u00f5es inter\u00e9tnicas, e interculturais, lugar de origem\/terra natal.<\/p>\n<p><strong>M\u00d3DULO 4 (19 e 20 de outubro de 2024)<\/strong> &#8211; Constela\u00e7\u00e3o Intrauterina, concep\u00e7\u00e3o, parto e nascimento, inf\u00e2ncia, reprodu\u00e7\u00e3o assistida, ado\u00e7\u00e3o.<\/p>\n<p><strong>M\u00d3DULO 5 (23 e 24 de novembro de 2024)<\/strong> &#8211; Relacionamento de casal.<\/p>\n<p><strong>M\u00d3DULO 6 (14 e 15 de dezembro de 2024)<\/strong> &#8211; Constela\u00e7\u00e3o na sa\u00fade.<\/p>\n<p><strong>M\u00d3DULO 7 (25 e 26 de janeiro de 2025)<\/strong> &#8211; Constela\u00e7\u00e3o Organizacional e Pedagogia Sist\u00eamica.<\/p>\n<p><strong>M\u00d3DULO 8 (22 e 23 de fevereiro de 2025)<\/strong> &#8211; Constela\u00e7\u00e3o Jur\u00eddica e Social (sistemas prisionais, comunidades).<\/p>\n<p><strong>M\u00d3DULO 9 (22 e 23 de mar\u00e7o de 2025)<\/strong> &#8211; Ordens da ajuda, postura sist\u00eamica do terapeuta, atendimento cl\u00ednico, manejo, \u00e9tica profissional e autocuidado.<\/p>\n<p><strong>M\u00d3DULO 10 ( 26 e 27 de abril de 2025)<\/strong> &#8211; Entrega e apresenta\u00e7\u00e3o do relat\u00f3rio, partilhas, conclus\u00e3o do curso.<\/p>\n<p>LOCAL DO CURSO<br \/>\n<a href=\"https:\/\/www.instagram.com\/casasemente283\" target=\"_blank\" rel=\"noopener\">Casa Semente <\/a>&#8211; Rua Marechal Deodoro, 283, Encruzilhada, Recife &#8211; PE<\/p>\n<p><em>As vagas s\u00e3o limitadas e as inscri\u00e7\u00f5es devem ser feitas previamente!<\/em><\/p>\n<p>INSCRI\u00c7\u00d5ES E MAIS INFORMA\u00c7\u00d5ES:<br \/>\n<strong>Fone\/ WhatsApp:<\/strong> (81) 99774-4108<br \/>\n<strong>E-mail: j<\/strong>ulianacs01@outlook.com<br \/>\n<strong>Instagram:<\/strong> <a href=\"https:\/\/www.instagram.com\/juliana.c.sampaio\" target=\"_blank\" rel=\"noopener\">@juliana.c.sampaio<\/a> \/ <a href=\"https:\/\/www.instagram.com\/julianasampaioterapeuta\" target=\"_blank\" rel=\"noopener\">@julianasampaioterapeuta<\/a><\/p>\n","protected":false},"excerpt":{"rendered":"<p>A terapeuta consteladora Juliana Sampaio inicia em julho, no Recife, o &#8216;Curso de Forma\u00e7\u00e3o em Constela\u00e7\u00e3o Sist\u00eamica e Familiar&#8217;. As aulas ser\u00e3o presenciais, na Casa Semente, localizada no bairro da Encruzilhada. O primeiro m\u00f3dulo do curso ser\u00e1 nos dias 20 e 21 de julho de 2024. O curso \u00e9 composto por dez m\u00f3dulos, sendo um [&hellip;]<\/p>\n","protected":false},"author":1,"featured_media":45122,"comment_status":"open","ping_status":"open","sticky":false,"template":"","format":"standard","meta":{"om_disable_all_campaigns":false,"_monsterinsights_skip_tracking":false,"_monsterinsights_sitenote_active":false,"_monsterinsights_sitenote_note":"","_monsterinsights_sitenote_category":0,"footnotes":""},"categories":[8,214],"tags":[302,389,531,167],"acf":[],"publishpress_future_action":{"enabled":false,"date":"1969-12-31 21:00:00","action":"","terms":[],"taxonomy":"","browser_timezone_offset":0},"_links":{"self":[{"href":"https:\/\/portalfloresnoar.com\/floresnoar\/wp-json\/wp\/v2\/posts\/45120"}],"collection":[{"href":"https:\/\/portalfloresnoar.com\/floresnoar\/wp-json\/wp\/v2\/posts"}],"about":[{"href":"https:\/\/portalfloresnoar.com\/floresnoar\/wp-json\/wp\/v2\/types\/post"}],"author":[{"embeddable":true,"href":"https:\/\/portalfloresnoar.com\/floresnoar\/wp-json\/wp\/v2\/users\/1"}],"replies":[{"embeddable":true,"href":"https:\/\/portalfloresnoar.com\/floresnoar\/wp-json\/wp\/v2\/comments?post=45120"}],"version-history":[{"count":6,"href":"https:\/\/portalfloresnoar.com\/floresnoar\/wp-json\/wp\/v2\/posts\/45120\/revisions"}],"predecessor-version":[{"id":45236,"href":"https:\/\/portalfloresnoar.com\/floresnoar\/wp-json\/wp\/v2\/posts\/45120\/revisions\/45236"}],"wp:featuredmedia":[{"embeddable":true,"href":"https:\/\/portalfloresnoar.com\/floresnoar\/wp-json\/wp\/v2\/media\/45122"}],"wp:attachment":[{"href":"https:\/\/portalfloresnoar.com\/floresnoar\/wp-json\/wp\/v2\/media?parent=45120"}],"wp:term":[{"taxonomy":"category","embeddable":true,"href":"https:\/\/portalfloresnoar.com\/floresnoar\/wp-json\/wp\/v2\/categories?post=45120"},{"taxonomy":"post_tag","embeddable":true,"href":"https:\/\/portalfloresnoar.com\/floresnoar\/wp-json\/wp\/v2\/tags?post=45120"}],"curies":[{"name":"wp","href":"https:\/\/api.w.org\/{rel}","templated":true}]}}