

{"id":45112,"date":"2024-07-05T06:47:50","date_gmt":"2024-07-05T09:47:50","guid":{"rendered":"https:\/\/portalfloresnoar.com\/floresnoar\/?p=45112"},"modified":"2024-07-06T18:42:35","modified_gmt":"2024-07-06T21:42:35","slug":"conte-e-compartilhe-suas-historias-gratuitamente-no-museu-da-pessoa","status":"publish","type":"post","link":"https:\/\/portalfloresnoar.com\/floresnoar\/conte-e-compartilhe-suas-historias-gratuitamente-no-museu-da-pessoa\/","title":{"rendered":"Conte e compartilhe suas hist\u00f3rias gratuitamente no Museu da Pessoa"},"content":{"rendered":"<p><iframe loading=\"lazy\" title=\"YouTube video player\" src=\"https:\/\/www.youtube.com\/embed\/INpD8J_GC6I?si=sq6oQsWEyb2Tb9QK\" width=\"560\" height=\"315\" frameborder=\"0\" allowfullscreen=\"allowfullscreen\"><\/iframe><\/p>\n<p>O <a href=\"https:\/\/museudapessoa.org\/\" target=\"_blank\" rel=\"noopener\">Museu da Pessoa <\/a>disponibiliza um espa\u00e7o aberto e gratuito para que qualquer pessoa possa contar suas hist\u00f3rias de forma simples e r\u00e1pida! Todos os registros passam a fazer parte do acervo digital do Museu, que est\u00e1 dispon\u00edvel no site <a href=\"https:\/\/museudapessoa.org\/\" target=\"_blank\" rel=\"noopener\">www.museudapessoa.org<\/a><\/p>\n<p>Para contar e registrar sua hist\u00f3ria \u00e9 s\u00f3 entrar neste link: <a href=\"https:\/\/museudapessoa.org\/inicio-contacao-de-historia\/\" target=\"_blank\" rel=\"noopener\">https:\/\/museudapessoa.org\/inicio-contacao-de-historia\/<\/a> . Os registros podem ser feitos em v\u00eddeo, a\u00fadio e texto.<\/p>\n<p>\u00c9 poss\u00edvel contar quantas hist\u00f3rias quiser, sobre sua vida ou sobre pessoas importantes para voc\u00ea \u2013 seus familiares, amigos e pessoas da sua comunidade. Ap\u00f3s feito o registro, voc\u00ea poder\u00e1 compartilhar sua hist\u00f3ria com quem quiser, atrav\u00e9s do link gerado no site.<\/p>\n<p>SOBRE O MUSEU DA PESSOA<br \/>\nO Museu da Pessoa \u00e9 um museu virtual e colaborativo de hist\u00f3rias de vida aberto \u00e0 participa\u00e7\u00e3o de toda pessoa. Nele voc\u00ea pode contar sua hist\u00f3ria, organizar suas pr\u00f3prias cole\u00e7\u00f5es e conhecer hist\u00f3rias de pessoas de todas idades, ra\u00e7as, credos, profiss\u00f5es do Brasil. Fundado em 1991, o Museu da Pessoa acredita que contar, escutar, conhecer e preservar hist\u00f3rias de vida pode mudar seu jeito de ver o mundo.<\/p>\n<p>&gt;&gt;&gt; <em>Veja o Manifesto do Museu da Pessoa: <a href=\"https:\/\/museudapessoa.org\/sobre\/o-que-e\/manifesto\/\" target=\"_blank\" rel=\"noopener\">https:\/\/museudapessoa.org\/sobre\/o-que-e\/manifesto\/<\/a><\/em><\/p>\n<p><strong>Site: <\/strong><a href=\"https:\/\/museudapessoa.org\/\" target=\"_blank\" rel=\"noopener\">www.museudapessoa.org<\/a><br \/>\n<strong>Instagram:<\/strong> <a href=\"https:\/\/www.instagram.com\/museudapessoa\/\" target=\"_blank\" rel=\"noopener\">@museudapessoa<\/a><\/p>\n","protected":false},"excerpt":{"rendered":"<p>O Museu da Pessoa disponibiliza um espa\u00e7o aberto e gratuito para que qualquer pessoa possa contar suas hist\u00f3rias de forma simples e r\u00e1pida! Todos os registros passam a fazer parte do acervo digital do Museu, que est\u00e1 dispon\u00edvel no site www.museudapessoa.org Para contar e registrar sua hist\u00f3ria \u00e9 s\u00f3 entrar neste link: https:\/\/museudapessoa.org\/inicio-contacao-de-historia\/ . Os [&hellip;]<\/p>\n","protected":false},"author":1,"featured_media":45116,"comment_status":"open","ping_status":"open","sticky":false,"template":"","format":"standard","meta":{"om_disable_all_campaigns":false,"_monsterinsights_skip_tracking":false,"_monsterinsights_sitenote_active":false,"_monsterinsights_sitenote_note":"","_monsterinsights_sitenote_category":0,"footnotes":""},"categories":[224,9],"tags":[172,846,1223,1301,655,111,1512],"acf":[],"publishpress_future_action":{"enabled":false,"date":"1969-12-31 21:00:00","action":"","terms":[],"taxonomy":"","browser_timezone_offset":0},"_links":{"self":[{"href":"https:\/\/portalfloresnoar.com\/floresnoar\/wp-json\/wp\/v2\/posts\/45112"}],"collection":[{"href":"https:\/\/portalfloresnoar.com\/floresnoar\/wp-json\/wp\/v2\/posts"}],"about":[{"href":"https:\/\/portalfloresnoar.com\/floresnoar\/wp-json\/wp\/v2\/types\/post"}],"author":[{"embeddable":true,"href":"https:\/\/portalfloresnoar.com\/floresnoar\/wp-json\/wp\/v2\/users\/1"}],"replies":[{"embeddable":true,"href":"https:\/\/portalfloresnoar.com\/floresnoar\/wp-json\/wp\/v2\/comments?post=45112"}],"version-history":[{"count":3,"href":"https:\/\/portalfloresnoar.com\/floresnoar\/wp-json\/wp\/v2\/posts\/45112\/revisions"}],"predecessor-version":[{"id":45136,"href":"https:\/\/portalfloresnoar.com\/floresnoar\/wp-json\/wp\/v2\/posts\/45112\/revisions\/45136"}],"wp:featuredmedia":[{"embeddable":true,"href":"https:\/\/portalfloresnoar.com\/floresnoar\/wp-json\/wp\/v2\/media\/45116"}],"wp:attachment":[{"href":"https:\/\/portalfloresnoar.com\/floresnoar\/wp-json\/wp\/v2\/media?parent=45112"}],"wp:term":[{"taxonomy":"category","embeddable":true,"href":"https:\/\/portalfloresnoar.com\/floresnoar\/wp-json\/wp\/v2\/categories?post=45112"},{"taxonomy":"post_tag","embeddable":true,"href":"https:\/\/portalfloresnoar.com\/floresnoar\/wp-json\/wp\/v2\/tags?post=45112"}],"curies":[{"name":"wp","href":"https:\/\/api.w.org\/{rel}","templated":true}]}}