

{"id":45111,"date":"2024-05-11T10:19:36","date_gmt":"2024-05-11T13:19:36","guid":{"rendered":"https:\/\/portalfloresnoar.com\/floresnoar\/?p=45111"},"modified":"2024-06-03T21:06:55","modified_gmt":"2024-06-04T00:06:55","slug":"acesse-gratuitamente-o-livro-saberes-ancestrais-e-cura-integrativa-dialogos-decoloniais","status":"publish","type":"post","link":"https:\/\/portalfloresnoar.com\/floresnoar\/acesse-gratuitamente-o-livro-saberes-ancestrais-e-cura-integrativa-dialogos-decoloniais\/","title":{"rendered":"Acesse gratuitamente o livro &#8216;Saberes Ancestrais e Cura Integrativa: Di\u00e1logos Decoloniais&#8217;"},"content":{"rendered":"<p><img decoding=\"async\" loading=\"lazy\" class=\" wp-image-45114 alignleft\" src=\"https:\/\/portalfloresnoar.com\/floresnoar\/wp-content\/uploads\/2024\/05\/livro-Saberes-Ancestrais-e-Praticas-de-Cura-baixar-gratuitamente-490x700.jpeg\" alt=\"\" width=\"434\" height=\"620\" srcset=\"https:\/\/portalfloresnoar.com\/floresnoar\/wp-content\/uploads\/2024\/05\/livro-Saberes-Ancestrais-e-Praticas-de-Cura-baixar-gratuitamente-490x700.jpeg 490w, https:\/\/portalfloresnoar.com\/floresnoar\/wp-content\/uploads\/2024\/05\/livro-Saberes-Ancestrais-e-Praticas-de-Cura-baixar-gratuitamente-210x300.jpeg 210w, https:\/\/portalfloresnoar.com\/floresnoar\/wp-content\/uploads\/2024\/05\/livro-Saberes-Ancestrais-e-Praticas-de-Cura-baixar-gratuitamente.jpeg 648w\" sizes=\"(max-width: 434px) 100vw, 434px\" \/>Est\u00e1 dispon\u00edvel para download gratuito o livro &#8216;Saberes Ancestrais e Cura Integrativa: Di\u00e1logos Decoloniais&#8217;, obra lan\u00e7ada no final de abril passado e que privilegia o protagonismo de vozes silenciadas ao longo da hist\u00f3ria.<\/p>\n<p>A publica\u00e7\u00e3o, com 344 p\u00e1ginas, \u00e9 resultado do curso de extens\u00e3o universit\u00e1ria &#8216;Saberes Ancestrais e Pr\u00e1ticas de Cura&#8217;, realizado em 2021\u00a0pelo Centro de Refer\u00eancia em Pr\u00e1ticas Integrativas e Complementares em Sa\u00fade (Cerpics) da Univasf, em parceria com a UPE e a UFCG. Os textos s\u00e3o relatos orais de lideran\u00e7as ind\u00edgenas de dez etnias (Krenak, Qu\u00e9chua, Tukano, Mbya Guarani, Huni Kuin, Patax\u00f3, Kapinaw\u00e1, Truk\u00e1, Potiguara e Pankararu), quatro lideran\u00e7as negras vinculadas \u00e0 tradi\u00e7\u00e3o Iorub\u00e1 nigeriana e mais duas lideran\u00e7as do candombl\u00e9 afro-brasileiro.<\/p>\n<p>O lan\u00e7amento do livro foi poss\u00edvel gra\u00e7as a parcerias com as universidades federais do Vale do S\u00e3o Francisco (Univasf), de Campina Grande (UFCG) e de Ouro Preto (UFOP), Universidade Estadual de Pernambuco (UPE), Fiocruz Pernambuco e Observat\u00f3rio Nacional de Saberes e Pr\u00e1ticas Tradicionais, Integrativas e Complementares em Sa\u00fade (ObservaPICS\/Fiocruz).<\/p>\n<p>Um dos coautores presentes ao lan\u00e7amento, Bino Truk\u00e1, destacou que o livro \u00e9 de grande import\u00e2ncia para seu povo porque traz a hist\u00f3ria dos seus antepassados. \u201cA hist\u00f3ria dos nossos mais velhos, da minha bisav\u00f3, da minha m\u00e3e que era curandeira e nunca teve a oportunidade de mostrar seus trabalhos, mostrar a for\u00e7a que as plantas t\u00eam, a for\u00e7a que a fuma\u00e7a do pacu\u00ed tem de curar\u201d.<\/p>\n<p>O mestre juremeiro, pai Alex Gomes, de Alagoas, ressaltou que &#8216;Saberes Ancestrais e Cura Integrativa&#8217; vai na contram\u00e3o de obras que falam de seus ancestrais, da sua cultura, dos saberes oriundos de pa\u00edses africanos, publicadas por pessoas brancas: \u201cForam escritos por brancos cheios de preconceito, racistas, de defesa da sua comunidade acad\u00eamica branca europeia. Ent\u00e3o foi mal escrito. Voc\u00eas est\u00e3o fazendo diferente, trazendo para dentro do livro aquele que de fato vive e mant\u00e9m viva uma cultura milenar, de saber ancestral, da cura atrav\u00e9s da natureza, da \u00e1gua, do barro, da casca, da folha, da semente.\u201d<\/p>\n<p>Para o professor da UFOP Ricardo Moebus, pesquisador das medicinas ancestrais ind\u00edgenas e um dos organizadores da publica\u00e7\u00e3o, essa obra simboliza a demarca\u00e7\u00e3o de territ\u00f3rio dentro do campo dos saberes, mas sobretudo dentro das universidades. \u201cO livro contribui para a constru\u00e7\u00e3o de uma universidade pluriepist\u00eamica, multi\u00e9tnica, que supera essa limita\u00e7\u00e3o de enquadramento das disciplinas\u201d.<\/p>\n<p>Com ilustra\u00e7\u00f5es feitas por Ailton Krenak, lideran\u00e7a ind\u00edgena, ambientalista, escritor e mais novo membro da Academia Brasileira de Letras, Saberes Ancestrais e Cura Integrativa: Di\u00e1logos Decoloniais pode ser acessado gratuitamente no site do ObservaPICS, atrav\u00e9s deste link: <a href=\"https:\/\/arcadados.fiocruz.br\/dataset.xhtml?persistentId=doi:10.35078\/GVR5AW\" target=\"_blank\" rel=\"noopener\">https:\/\/arcadados.fiocruz.br\/dataset.xhtml?persistentId=doi:10.35078\/GVR5AW<\/a><\/p>\n","protected":false},"excerpt":{"rendered":"<p>Est\u00e1 dispon\u00edvel para download gratuito o livro &#8216;Saberes Ancestrais e Cura Integrativa: Di\u00e1logos Decoloniais&#8217;, obra lan\u00e7ada no final de abril passado e que privilegia o protagonismo de vozes silenciadas ao longo da hist\u00f3ria. A publica\u00e7\u00e3o, com 344 p\u00e1ginas, \u00e9 resultado do curso de extens\u00e3o universit\u00e1ria &#8216;Saberes Ancestrais e Pr\u00e1ticas de Cura&#8217;, realizado em 2021\u00a0pelo Centro [&hellip;]<\/p>\n","protected":false},"author":1,"featured_media":45113,"comment_status":"open","ping_status":"open","sticky":false,"template":"","format":"standard","meta":{"om_disable_all_campaigns":false,"_monsterinsights_skip_tracking":false,"_monsterinsights_sitenote_active":false,"_monsterinsights_sitenote_note":"","_monsterinsights_sitenote_category":0,"footnotes":""},"categories":[226,9],"tags":[1511,1194,69,62,1048,1193,1510],"acf":[],"publishpress_future_action":{"enabled":false,"date":"1969-12-31 21:00:00","action":"","terms":[],"taxonomy":"","browser_timezone_offset":0},"_links":{"self":[{"href":"https:\/\/portalfloresnoar.com\/floresnoar\/wp-json\/wp\/v2\/posts\/45111"}],"collection":[{"href":"https:\/\/portalfloresnoar.com\/floresnoar\/wp-json\/wp\/v2\/posts"}],"about":[{"href":"https:\/\/portalfloresnoar.com\/floresnoar\/wp-json\/wp\/v2\/types\/post"}],"author":[{"embeddable":true,"href":"https:\/\/portalfloresnoar.com\/floresnoar\/wp-json\/wp\/v2\/users\/1"}],"replies":[{"embeddable":true,"href":"https:\/\/portalfloresnoar.com\/floresnoar\/wp-json\/wp\/v2\/comments?post=45111"}],"version-history":[{"count":1,"href":"https:\/\/portalfloresnoar.com\/floresnoar\/wp-json\/wp\/v2\/posts\/45111\/revisions"}],"predecessor-version":[{"id":45115,"href":"https:\/\/portalfloresnoar.com\/floresnoar\/wp-json\/wp\/v2\/posts\/45111\/revisions\/45115"}],"wp:featuredmedia":[{"embeddable":true,"href":"https:\/\/portalfloresnoar.com\/floresnoar\/wp-json\/wp\/v2\/media\/45113"}],"wp:attachment":[{"href":"https:\/\/portalfloresnoar.com\/floresnoar\/wp-json\/wp\/v2\/media?parent=45111"}],"wp:term":[{"taxonomy":"category","embeddable":true,"href":"https:\/\/portalfloresnoar.com\/floresnoar\/wp-json\/wp\/v2\/categories?post=45111"},{"taxonomy":"post_tag","embeddable":true,"href":"https:\/\/portalfloresnoar.com\/floresnoar\/wp-json\/wp\/v2\/tags?post=45111"}],"curies":[{"name":"wp","href":"https:\/\/api.w.org\/{rel}","templated":true}]}}