

{"id":45091,"date":"2024-01-03T11:04:55","date_gmt":"2024-01-03T14:04:55","guid":{"rendered":"https:\/\/portalfloresnoar.com\/floresnoar\/?p=45091"},"modified":"2024-06-03T21:02:48","modified_gmt":"2024-06-04T00:02:48","slug":"agenda-pe-livro-negritude-sem-identidade-de-erico-andrade-sera-lancado-dia-24-05-no-espaco-gerar","status":"publish","type":"post","link":"https:\/\/portalfloresnoar.com\/floresnoar\/agenda-pe-livro-negritude-sem-identidade-de-erico-andrade-sera-lancado-dia-24-05-no-espaco-gerar\/","title":{"rendered":"[AGENDA PE] Livro &#8216;Negritude sem Identidade&#8217;, de \u00c9rico Andrade, ser\u00e1 lan\u00e7ado dia 24\/05 no Espa\u00e7o Gerar"},"content":{"rendered":"<p><img decoding=\"async\" loading=\"lazy\" class=\"aligncenter size-large wp-image-45098\" src=\"https:\/\/portalfloresnoar.com\/floresnoar\/wp-content\/uploads\/2024\/05\/livro-erico-andrade-racismo-560x700.jpeg\" alt=\"\" width=\"560\" height=\"700\" srcset=\"https:\/\/portalfloresnoar.com\/floresnoar\/wp-content\/uploads\/2024\/05\/livro-erico-andrade-racismo-560x700.jpeg 560w, https:\/\/portalfloresnoar.com\/floresnoar\/wp-content\/uploads\/2024\/05\/livro-erico-andrade-racismo-240x300.jpeg 240w, https:\/\/portalfloresnoar.com\/floresnoar\/wp-content\/uploads\/2024\/05\/livro-erico-andrade-racismo-768x960.jpeg 768w, https:\/\/portalfloresnoar.com\/floresnoar\/wp-content\/uploads\/2024\/05\/livro-erico-andrade-racismo.jpeg 1024w\" sizes=\"(max-width: 560px) 100vw, 560px\" \/><\/p>\n<p>O projeto &#8216;Conversas no Jardim&#8217;, do Espa\u00e7o Gerar, realiza no pr\u00f3ximo dia 24 de maio o lan\u00e7amento do livro &#8216;Negritude sem Identidade&#8217;, de autoria do professor e psicanalista \u00c9rico Andrade. O evento se inicia \u00e0s 18h e contar\u00e1 com palestra ministrada pelo autor. A entrada \u00e9 gratuita, mas pede-se a contribui\u00e7\u00e3o de 1 Kg de alimento n\u00e3o perec\u00edvel para ser doado.<\/p>\n<p>\u00c9rico Andrade \u00e9 pesquisador de temas ligados \u00e0 identidade e ao racismo, professor de Filosofia na UFPE, psicanalista e integrante do coletivo Pontes da Psican\u00e1lise. No momento, est\u00e1 presidente da ANPOF (Associa\u00e7\u00e3o Nacional de P\u00f3s-Gradua\u00e7\u00e3o em Filosofia).<\/p>\n<p>SERVI\u00c7O<br \/>\n<strong>Conversas no Jardim \u2013 Lan\u00e7amento do livro &#8216;Negritude sem Identidade&#8217;<\/strong><br \/>\n<strong>Data:<\/strong> 24\/05\/2024 (sexta-feira)<br \/>\n<strong>Hora:<\/strong>\u00a018h \u00e0s 20h<br \/>\n<strong>Local:<\/strong>\u00a0Gerar \u2013 Psicologia Arteterapia e Bem-Estar\u00a0 \u2013 Rua Luiz Guimar\u00e3es, 253, Po\u00e7o da Panela, Recife\/PE<br \/>\n<em>(Mapa com a localiza\u00e7\u00e3o:\u00a0<a href=\"https:\/\/maps.app.goo.gl\/kZCHrg1TKRm8Qhmv9\" target=\"_blank\" rel=\"noopener\">https:\/\/maps.app.goo.gl\/kZCHrg1TKRm8Qhmv9<\/a>)<\/em><br \/>\n<strong>Contribui\u00e7\u00e3o:<\/strong>\u00a01 kg de alimento<\/p>\n<p>MAIS INFORMA\u00c7\u00d5ES<br \/>\n<strong>Fone\/WhatsApp:<\/strong>\u00a0(81) 99760.6383<\/p>\n","protected":false},"excerpt":{"rendered":"<p>O projeto &#8216;Conversas no Jardim&#8217;, do Espa\u00e7o Gerar, realiza no pr\u00f3ximo dia 24 de maio o lan\u00e7amento do livro &#8216;Negritude sem Identidade&#8217;, de autoria do professor e psicanalista \u00c9rico Andrade. O evento se inicia \u00e0s 18h e contar\u00e1 com palestra ministrada pelo autor. A entrada \u00e9 gratuita, mas pede-se a contribui\u00e7\u00e3o de 1 Kg de [&hellip;]<\/p>\n","protected":false},"author":1,"featured_media":45100,"comment_status":"open","ping_status":"open","sticky":false,"template":"","format":"standard","meta":{"om_disable_all_campaigns":false,"_monsterinsights_skip_tracking":false,"_monsterinsights_sitenote_active":false,"_monsterinsights_sitenote_note":"","_monsterinsights_sitenote_category":0,"footnotes":""},"categories":[8,214],"tags":[153,1509,62,801,1508],"acf":[],"publishpress_future_action":{"enabled":false,"date":"1969-12-31 21:00:00","action":"","terms":[],"taxonomy":"","browser_timezone_offset":0},"_links":{"self":[{"href":"https:\/\/portalfloresnoar.com\/floresnoar\/wp-json\/wp\/v2\/posts\/45091"}],"collection":[{"href":"https:\/\/portalfloresnoar.com\/floresnoar\/wp-json\/wp\/v2\/posts"}],"about":[{"href":"https:\/\/portalfloresnoar.com\/floresnoar\/wp-json\/wp\/v2\/types\/post"}],"author":[{"embeddable":true,"href":"https:\/\/portalfloresnoar.com\/floresnoar\/wp-json\/wp\/v2\/users\/1"}],"replies":[{"embeddable":true,"href":"https:\/\/portalfloresnoar.com\/floresnoar\/wp-json\/wp\/v2\/comments?post=45091"}],"version-history":[{"count":2,"href":"https:\/\/portalfloresnoar.com\/floresnoar\/wp-json\/wp\/v2\/posts\/45091\/revisions"}],"predecessor-version":[{"id":45106,"href":"https:\/\/portalfloresnoar.com\/floresnoar\/wp-json\/wp\/v2\/posts\/45091\/revisions\/45106"}],"wp:featuredmedia":[{"embeddable":true,"href":"https:\/\/portalfloresnoar.com\/floresnoar\/wp-json\/wp\/v2\/media\/45100"}],"wp:attachment":[{"href":"https:\/\/portalfloresnoar.com\/floresnoar\/wp-json\/wp\/v2\/media?parent=45091"}],"wp:term":[{"taxonomy":"category","embeddable":true,"href":"https:\/\/portalfloresnoar.com\/floresnoar\/wp-json\/wp\/v2\/categories?post=45091"},{"taxonomy":"post_tag","embeddable":true,"href":"https:\/\/portalfloresnoar.com\/floresnoar\/wp-json\/wp\/v2\/tags?post=45091"}],"curies":[{"name":"wp","href":"https:\/\/api.w.org\/{rel}","templated":true}]}}