

{"id":45084,"date":"2023-06-15T18:21:57","date_gmt":"2023-06-15T21:21:57","guid":{"rendered":"https:\/\/portalfloresnoar.com\/floresnoar\/?p=45084"},"modified":"2024-08-02T12:31:57","modified_gmt":"2024-08-02T15:31:57","slug":"agenda-pe-nova-turma-do-curso-de-psicoterapia-reencarnacionista-no-recife-tem-inicio-no-dia-19-de-maio","status":"publish","type":"post","link":"https:\/\/portalfloresnoar.com\/floresnoar\/agenda-pe-nova-turma-do-curso-de-psicoterapia-reencarnacionista-no-recife-tem-inicio-no-dia-19-de-maio\/","title":{"rendered":"[AGENDA PE] Nova turma do Curso de Psicoterapia Reencarnacionista no Recife tem in\u00edcio no dia 16 de junho"},"content":{"rendered":"<p><img decoding=\"async\" loading=\"lazy\" class=\"aligncenter size-full wp-image-45187\" src=\"https:\/\/portalfloresnoar.com\/floresnoar\/wp-content\/uploads\/2024\/01\/curso-de-psicoterapia-reencarnacionista.jpeg\" alt=\"\" width=\"510\" height=\"700\" srcset=\"https:\/\/portalfloresnoar.com\/floresnoar\/wp-content\/uploads\/2024\/01\/curso-de-psicoterapia-reencarnacionista.jpeg 510w, https:\/\/portalfloresnoar.com\/floresnoar\/wp-content\/uploads\/2024\/01\/curso-de-psicoterapia-reencarnacionista-219x300.jpeg 219w\" sizes=\"(max-width: 510px) 100vw, 510px\" \/><\/p>\n<p>Est\u00e3o abertas as inscri\u00e7\u00f5es para nova turma do <strong>Curso de Forma\u00e7\u00e3o em Psicoterapia Reencarnacionista e Investiga\u00e7\u00e3o do Inconsciente (&#8220;Regress\u00e3o&#8221;)<\/strong>. As aulas come\u00e7am no dia 16 de junho de 2024, de modo on-line. O curso tamb\u00e9m contar\u00e1 com m\u00f3dulos presenciais, que ser\u00e3o realizados no Espa\u00e7o Gerar, no Recife.<\/p>\n<p>A forma\u00e7\u00e3o \u00e9 voltada para profissionais e estudantes da \u00e1rea de Sa\u00fade (oficias ou hol\u00edsticas) e Educa\u00e7\u00e3o, assim como para trabalhadores atuantes em institui\u00e7\u00f5es religiosas. O pr\u00e9-requisito \u00e9 possuir o Ensino M\u00e9dio completo.<\/p>\n<p>O curso tem a dura\u00e7\u00e3o de 18 ou 24 meses (dependendo do n\u00famero de alunos) e \u00e9 certificado pela ABPR (Associa\u00e7\u00e3o Brasileira de Psicoterapia Reencarnacionista). As aulas ser\u00e3o realizadas todo 3\u00ba domingo do m\u00eas, sendo as aulas te\u00f3ricas de forma on-line e as aulas pr\u00e1ticas no Espa\u00e7o Gerar, das 9h \u00e0s 12h e das 14h \u00e0s 18h.<\/p>\n<p>O m\u00e9dico e diretor de ensino da ABPR, Dr. Mauro Kwitko, conta que a Psicoterapia Reencarnacionista \u00e9 uma cria\u00e7\u00e3o de um grupo de Seres Espirituais do Plano Astral, e chegou na Terra em 1996. &#8220;Ela veio com a finalidade de trazer \u00e0 Psicologia e \u00e0 Psiquiatria uma infinita possibilidade de expans\u00e3o, pois a Reencarna\u00e7\u00e3o \u00e9 agregada aos conceitos psicol\u00f3gicos e psiqui\u00e1tricos, criando uma nova maneira de enxergar e lidar com os conflitos humanos&#8221;, informa Dr. Mauro.<\/p>\n<p><strong>O Curso de Psicoterapia Reencarnacionista tem como objetivo capacitar profissionais para:<\/strong><\/p>\n<p>\u2022 Ajudar as pessoas (e os alunos) a saberem para o que reencarnaram, qual a sua proposta de Reforma \u00cdntima, a sua Programa\u00e7\u00e3o para essa atual encarna\u00e7\u00e3o, as suas miss\u00f5es reencarnat\u00f3rias etc. Para isso, os alunos recebem, durante alguns meses, um Tratamento com a Psicoterapia Reencarnacionista e v\u00e1rias Investiga\u00e7\u00f5es do Inconsciente (Regress\u00f5es) para aprenderem e sentirem em si os benef\u00edcios de um Tratamento com a Psicoterapia Reencarnacionista. Em seguida, passam a trabalhar com colegas, integrar Grupos de Estudos, praticando e, assim, capacitando-se a tornarem-se psicoterapeutas reencarnacionistas (a Profissionaliza\u00e7\u00e3o propriamente dita).<\/p>\n<p>\u2022 Ajudar as pessoas (e muitas vezes os pr\u00f3prios alunos) a melhorarem muit\u00edssimo, ou curarem, transtornos focais como as Fobias, o P\u00e2nico, as Depress\u00f5es severas resistentes a Tratamentos convencionais, dores f\u00edsicas cr\u00f4nicas como, por exemplo, a fibromialgia, timidez extrema, baixa autoestima, solid\u00e3o, tend\u00eancia de isolamento, sensa\u00e7\u00e3o de ser \u201cum peixe fora d\u00b4\u00e1gua\u201d, etc.<\/p>\n<p>PROFESSORES<br \/>\n<strong>Dr. Mauro Kwitko<\/strong> &#8211; M\u00e9dico, Fundador, Patrono, ex-Presidente e atual Diretor de Ensino da ABPR (Associa\u00e7\u00e3o Brasileira de Psicoterapia Reencarnacionista).<\/p>\n<p><strong>Carolynne Cunha<\/strong> &#8211; Psicoterapeuta Reencarnacionista, Ministrante de Curso e Diretora de Processos da ABPR (Associa\u00e7\u00e3o Brasileira de Psicoterapia Reencarnacionista), Fisioterapeuta, Hipnoterapeuta, Consteladora familiar, Terapeuta Integrativa, Palestrante.<\/p>\n<p>SERVI\u00c7O<br \/>\n<strong>Curso de Forma\u00e7\u00e3o em Psicoterapia Reencarnacionista e Investiga\u00e7\u00e3o do Inconsciente (&#8220;Regress\u00e3o&#8221;)<\/strong><br \/>\n<strong>In\u00edcio:<\/strong> 16\/06\/2024 (on-line)<br \/>\n<strong>Investimento:<\/strong> R$ 340,00 (mensalidade)<\/p>\n<p>INSCRI\u00c7\u00d5ES E MAIS INFORMA\u00c7\u00d5ES<br \/>\n<strong>WhatsApp:<\/strong> (51) 99113-5137 (Mauro) \/ (51) 99183-7187 (Carolynne)<br \/>\n<strong>Instagram:<\/strong> <a href=\"https:\/\/www.instagram.com\/maurokwitko\/\" target=\"_blank\" rel=\"noopener\">@maurokwitko<\/a><br \/>\n<strong>Site:<\/strong> <a href=\"https:\/\/www.maurokwitko.com.br\/\" target=\"_blank\" rel=\"noopener\">www.maurokwitko.com.br<\/a><\/p>\n<p><em><strong>Obs.:<\/strong> As aulas presenciais ser\u00e3o realizadas no Espa\u00e7o Gerar &#8211; Psicologia, Arteterapia e Bem-Estar, localizado na Rua Luiz Guimar\u00e3es, 253, Po\u00e7o da Panela, Recife\/PE. Fone\/WhatsApp: (81) 99760.6383.<\/em><\/p>\n<p><em><strong>No v\u00eddeo abaixo, Dr. Mauro Kwitko traz informa\u00e7\u00f5es mais detalhadas sobre o curso!<\/strong><\/em><\/p>\n<p><iframe loading=\"lazy\" title=\"YouTube video player\" src=\"https:\/\/www.youtube.com\/embed\/5mr_URwKRB4?si=XOrZaHNmw1PuTEhE\" width=\"560\" height=\"315\" frameborder=\"0\" allowfullscreen=\"allowfullscreen\"><\/iframe><\/p>\n","protected":false},"excerpt":{"rendered":"<p>Est\u00e3o abertas as inscri\u00e7\u00f5es para nova turma do Curso de Forma\u00e7\u00e3o em Psicoterapia Reencarnacionista e Investiga\u00e7\u00e3o do Inconsciente (&#8220;Regress\u00e3o&#8221;). As aulas come\u00e7am no dia 16 de junho de 2024, de modo on-line. O curso tamb\u00e9m contar\u00e1 com m\u00f3dulos presenciais, que ser\u00e3o realizados no Espa\u00e7o Gerar, no Recife. A forma\u00e7\u00e3o \u00e9 voltada para profissionais e estudantes [&hellip;]<\/p>\n","protected":false},"author":1,"featured_media":45044,"comment_status":"open","ping_status":"open","sticky":false,"template":"","format":"standard","meta":{"om_disable_all_campaigns":false,"_monsterinsights_skip_tracking":false,"_monsterinsights_sitenote_active":false,"_monsterinsights_sitenote_note":"","_monsterinsights_sitenote_category":0,"footnotes":""},"categories":[8,214],"tags":[167,33,158,825],"acf":[],"publishpress_future_action":{"enabled":false,"date":"1969-12-31 21:00:00","action":"","terms":[],"taxonomy":"","browser_timezone_offset":0},"_links":{"self":[{"href":"https:\/\/portalfloresnoar.com\/floresnoar\/wp-json\/wp\/v2\/posts\/45084"}],"collection":[{"href":"https:\/\/portalfloresnoar.com\/floresnoar\/wp-json\/wp\/v2\/posts"}],"about":[{"href":"https:\/\/portalfloresnoar.com\/floresnoar\/wp-json\/wp\/v2\/types\/post"}],"author":[{"embeddable":true,"href":"https:\/\/portalfloresnoar.com\/floresnoar\/wp-json\/wp\/v2\/users\/1"}],"replies":[{"embeddable":true,"href":"https:\/\/portalfloresnoar.com\/floresnoar\/wp-json\/wp\/v2\/comments?post=45084"}],"version-history":[{"count":6,"href":"https:\/\/portalfloresnoar.com\/floresnoar\/wp-json\/wp\/v2\/posts\/45084\/revisions"}],"predecessor-version":[{"id":45245,"href":"https:\/\/portalfloresnoar.com\/floresnoar\/wp-json\/wp\/v2\/posts\/45084\/revisions\/45245"}],"wp:featuredmedia":[{"embeddable":true,"href":"https:\/\/portalfloresnoar.com\/floresnoar\/wp-json\/wp\/v2\/media\/45044"}],"wp:attachment":[{"href":"https:\/\/portalfloresnoar.com\/floresnoar\/wp-json\/wp\/v2\/media?parent=45084"}],"wp:term":[{"taxonomy":"category","embeddable":true,"href":"https:\/\/portalfloresnoar.com\/floresnoar\/wp-json\/wp\/v2\/categories?post=45084"},{"taxonomy":"post_tag","embeddable":true,"href":"https:\/\/portalfloresnoar.com\/floresnoar\/wp-json\/wp\/v2\/tags?post=45084"}],"curies":[{"name":"wp","href":"https:\/\/api.w.org\/{rel}","templated":true}]}}