

{"id":45081,"date":"2024-04-22T18:27:33","date_gmt":"2024-04-22T21:27:33","guid":{"rendered":"https:\/\/portalfloresnoar.com\/floresnoar\/?p=45081"},"modified":"2024-04-22T18:27:33","modified_gmt":"2024-04-22T21:27:33","slug":"jardim-aroeira-realiza-campanha-de-financiamento-coletivo-para-assegurar-a-continuidade-da-escola","status":"publish","type":"post","link":"https:\/\/portalfloresnoar.com\/floresnoar\/jardim-aroeira-realiza-campanha-de-financiamento-coletivo-para-assegurar-a-continuidade-da-escola\/","title":{"rendered":"Jardim Aroeira realiza campanha de financiamento coletivo para assegurar a continuidade da escola"},"content":{"rendered":"<p><img decoding=\"async\" loading=\"lazy\" class=\"aligncenter size-large wp-image-45082\" src=\"https:\/\/portalfloresnoar.com\/floresnoar\/wp-content\/uploads\/2024\/04\/jardim-aroeira-olinda-700x362.jpg\" alt=\"\" width=\"700\" height=\"362\" srcset=\"https:\/\/portalfloresnoar.com\/floresnoar\/wp-content\/uploads\/2024\/04\/jardim-aroeira-olinda-700x362.jpg 700w, https:\/\/portalfloresnoar.com\/floresnoar\/wp-content\/uploads\/2024\/04\/jardim-aroeira-olinda-300x155.jpg 300w, https:\/\/portalfloresnoar.com\/floresnoar\/wp-content\/uploads\/2024\/04\/jardim-aroeira-olinda-768x397.jpg 768w, https:\/\/portalfloresnoar.com\/floresnoar\/wp-content\/uploads\/2024\/04\/jardim-aroeira-olinda.jpg 826w\" sizes=\"(max-width: 700px) 100vw, 700px\" \/>A comunidade escolar do Jardim Aroeira lan\u00e7ou esta semana uma <a href=\"https:\/\/benfeitoria.com\/projeto\/salvearoeira\" target=\"_blank\" rel=\"noopener\">campanha de financiamento coletivo<\/a> com o objetivo de arrecadar fundos que assegurem a continuidade da escola neste ano de 2024.<\/p>\n<p>O Jardim Aroeira \u00e9 uma escola de educa\u00e7\u00e3o infantil localizada num s\u00edtio urbano em Olinda (PE), cujo projeto educativo \u00e9 antirracista e baseia-se na Pedagogia Waldorf e na Capoeira Angola, evidenciando o brincar livre e a rela\u00e7\u00e3o saud\u00e1vel com a natureza.<\/p>\n<p>&#8220;Com uma forte proposta social e uma pol\u00edtica de concess\u00e3o de bolsas de estudo para fam\u00edlias mais vulner\u00e1veis do entorno escolar, o Jardim Aroeira enfrenta o desafio significativo de salvar suas finan\u00e7as para continuar oferecendo oportunidades educacionais para crian\u00e7as na primeira inf\u00e2ncia. Cada contribui\u00e7\u00e3o \u00e9 fundamental para mantermos o Jardim Aroeira aberto em 2024, garantindo uma educa\u00e7\u00e3o fraterna e libert\u00e1ria para crian\u00e7as no Nordeste do Brasil&#8221;, informa Rosa Maria, fundadora, professora e gestora do Jardim Aroeira.<\/p>\n<p>A abordagem pedag\u00f3gica da escola est\u00e1 em conson\u00e2ncia com a Lei de Diretrizes e Bases da Educa\u00e7\u00e3o Nacional (LDBS) 11.645 e 10.639, que torna obrigat\u00f3rio o ensino da hist\u00f3ria e cultura afro-brasileira e ind\u00edgena no curr\u00edculo escolar.<\/p>\n<p>&#8220;No Brasil, 53% da popula\u00e7\u00e3o \u00e9 negra. Contudo, na Pedagogia Waldorf e nas escolas Waldorf, observamos uma realidade diferente sendo refletida. Essa propor\u00e7\u00e3o n\u00e3o \u00e9 representada na pedagogia devido ao grande abismo social no Brasil&#8221;, ressalta Rosa.<\/p>\n<p>Al\u00e9m da proposta antirracista, no Jardim Aroeira cada membro \u00e9 co-respons\u00e1vel pelo bom funcionamento da escola, seguindo um modelo de gest\u00e3o horizontal, sem fins lucrativos. A escola \u00e9 gerida e administrada pelas fam\u00edlias e professoras atrav\u00e9s dos GTs (grupos de trabalho).<\/p>\n<p>Com o apoio dos recursos arrecadados no financiamento coletivo, teremos a oportunidade de assegurar continuidade da escola at\u00e9 dezembro de 2024, respirar e desenvolver novas estrat\u00e9gias para sustentar e expandir o nosso projeto educativo em 2025 e nos anos seguintes.<\/p>\n<p><strong>Para colaborar, clique neste link:<\/strong> <a href=\"https:\/\/benfeitoria.com\/projeto\/salvearoeira\" target=\"_blank\" rel=\"noopener\">https:\/\/benfeitoria.com\/projeto\/salvearoeira<\/a><\/p>\n","protected":false},"excerpt":{"rendered":"<p>A comunidade escolar do Jardim Aroeira lan\u00e7ou esta semana uma campanha de financiamento coletivo com o objetivo de arrecadar fundos que assegurem a continuidade da escola neste ano de 2024. O Jardim Aroeira \u00e9 uma escola de educa\u00e7\u00e3o infantil localizada num s\u00edtio urbano em Olinda (PE), cujo projeto educativo \u00e9 antirracista e baseia-se na Pedagogia [&hellip;]<\/p>\n","protected":false},"author":1,"featured_media":45082,"comment_status":"open","ping_status":"open","sticky":false,"template":"","format":"standard","meta":{"om_disable_all_campaigns":false,"_monsterinsights_skip_tracking":false,"_monsterinsights_sitenote_active":false,"_monsterinsights_sitenote_note":"","_monsterinsights_sitenote_category":0,"footnotes":""},"categories":[9],"tags":[223,83,901,461,115,1507],"acf":[],"publishpress_future_action":{"enabled":false,"date":"1969-12-31 21:00:00","action":"","terms":[],"taxonomy":"","browser_timezone_offset":0},"_links":{"self":[{"href":"https:\/\/portalfloresnoar.com\/floresnoar\/wp-json\/wp\/v2\/posts\/45081"}],"collection":[{"href":"https:\/\/portalfloresnoar.com\/floresnoar\/wp-json\/wp\/v2\/posts"}],"about":[{"href":"https:\/\/portalfloresnoar.com\/floresnoar\/wp-json\/wp\/v2\/types\/post"}],"author":[{"embeddable":true,"href":"https:\/\/portalfloresnoar.com\/floresnoar\/wp-json\/wp\/v2\/users\/1"}],"replies":[{"embeddable":true,"href":"https:\/\/portalfloresnoar.com\/floresnoar\/wp-json\/wp\/v2\/comments?post=45081"}],"version-history":[{"count":1,"href":"https:\/\/portalfloresnoar.com\/floresnoar\/wp-json\/wp\/v2\/posts\/45081\/revisions"}],"predecessor-version":[{"id":45083,"href":"https:\/\/portalfloresnoar.com\/floresnoar\/wp-json\/wp\/v2\/posts\/45081\/revisions\/45083"}],"wp:featuredmedia":[{"embeddable":true,"href":"https:\/\/portalfloresnoar.com\/floresnoar\/wp-json\/wp\/v2\/media\/45082"}],"wp:attachment":[{"href":"https:\/\/portalfloresnoar.com\/floresnoar\/wp-json\/wp\/v2\/media?parent=45081"}],"wp:term":[{"taxonomy":"category","embeddable":true,"href":"https:\/\/portalfloresnoar.com\/floresnoar\/wp-json\/wp\/v2\/categories?post=45081"},{"taxonomy":"post_tag","embeddable":true,"href":"https:\/\/portalfloresnoar.com\/floresnoar\/wp-json\/wp\/v2\/tags?post=45081"}],"curies":[{"name":"wp","href":"https:\/\/api.w.org\/{rel}","templated":true}]}}