

{"id":45065,"date":"2024-04-16T08:50:39","date_gmt":"2024-04-16T11:50:39","guid":{"rendered":"https:\/\/portalfloresnoar.com\/floresnoar\/?p=45065"},"modified":"2024-04-16T08:55:35","modified_gmt":"2024-04-16T11:55:35","slug":"canto-de-lu-flores-no-ar-no-mapa-da-midia-independente-e-popular-de-pernambuco","status":"publish","type":"post","link":"https:\/\/portalfloresnoar.com\/floresnoar\/canto-de-lu-flores-no-ar-no-mapa-da-midia-independente-e-popular-de-pernambuco\/","title":{"rendered":"[CANTO DE LU] Flores no Ar no Mapa da M\u00eddia Independente e Popular de Pernambuco"},"content":{"rendered":"<figure id=\"attachment_45066\" aria-describedby=\"caption-attachment-45066\" style=\"width: 700px\" class=\"wp-caption aligncenter\"><img decoding=\"async\" loading=\"lazy\" class=\"wp-image-45066 size-large\" src=\"https:\/\/portalfloresnoar.com\/floresnoar\/wp-content\/uploads\/2024\/04\/flores-no-ar-mapa-da-midia-independente-700x272.jpg\" alt=\"\" width=\"700\" height=\"272\" srcset=\"https:\/\/portalfloresnoar.com\/floresnoar\/wp-content\/uploads\/2024\/04\/flores-no-ar-mapa-da-midia-independente-700x272.jpg 700w, https:\/\/portalfloresnoar.com\/floresnoar\/wp-content\/uploads\/2024\/04\/flores-no-ar-mapa-da-midia-independente-300x116.jpg 300w, https:\/\/portalfloresnoar.com\/floresnoar\/wp-content\/uploads\/2024\/04\/flores-no-ar-mapa-da-midia-independente-768x298.jpg 768w, https:\/\/portalfloresnoar.com\/floresnoar\/wp-content\/uploads\/2024\/04\/flores-no-ar-mapa-da-midia-independente.jpg 1324w\" sizes=\"(max-width: 700px) 100vw, 700px\" \/><figcaption id=\"caption-attachment-45066\" class=\"wp-caption-text\">O Mapa da M\u00eddia Independente e Popular de Pernambuco re\u00fane informa\u00e7\u00f5es dos coletivos de comunica\u00e7\u00e3o atuantes no Estado<\/figcaption><\/figure>\n<p>|\u00a0<em>Por Lu Rabelo*<\/em>\u00a0|<\/p>\n<p>Com alegria, informo que o Portal Flores no Ar est\u00e1 presente no <a href=\"https:\/\/mapadamidiape.marcozero.org\/\" target=\"_blank\" rel=\"noopener\">Mapa da M\u00eddia Independente e Popular de Pernambuco<\/a>, uma rede de coletivos criada pela <a href=\"https:\/\/marcozero.org\/\" target=\"_blank\" rel=\"noopener\">Marco Zero Conte\u00fado<\/a> , em parceria com o <a href=\"https:\/\/www.instagram.com\/sargento_perifa\/\" target=\"_blank\" rel=\"noopener\">Coletivo Sargento Perifa<\/a> e a organiza\u00e7\u00e3o <a href=\"https:\/\/www.instagram.com\/rsfinternational\" target=\"_blank\" rel=\"noopener\">Rep\u00f3rteres sem Fronteiras<\/a> , com o objetivo de dar vez e voz \u00e0 m\u00eddia independente e comunit\u00e1ria pernambucana.<\/p>\n<p>O Mapa, georreferenciado, \u00e9 uma base de dados on-line que permite a qualquer usu\u00e1rio acessar de forma r\u00e1pida e intuitiva informa\u00e7\u00f5es dos coletivos de comunica\u00e7\u00e3o popular do Estado, como data de funda\u00e7\u00e3o, n\u00famero de integrantes, temas abordados, periodicidade da produ\u00e7\u00e3o, formas de financiamento, bem como conhecer suas redes sociais e acionar contatos diretos dos grupos.<\/p>\n<p>Neste ano de 2024 o Flores no Ar completa 15 anos de exist\u00eancia (e resist\u00eancia), como ve\u00edculo de m\u00eddia independente e contra-hegem\u00f4nico, atuando na miss\u00e3o de nutrir o bem viver, atrav\u00e9s da difus\u00e3o de informa\u00e7\u00f5es que fortalecem o Autoconhecimento, a Espiritualidade, a Agroecologia, as Pr\u00e1ticas Integrativas e Complementares em Sa\u00fade (PICS), a Arte, a Cultura Brasileira, a Educa\u00e7\u00e3o e os Direitos Humanos e Animais.<\/p>\n<p>O Flores no Ar \u00e9 fruto de mais de 20 anos de minha atua\u00e7\u00e3o na m\u00eddia independente pernambucana, onde venho militando pelo Direito \u00e0 Comunica\u00e7\u00e3o, tendo atuado na TV Comunit\u00e1ria Canal Capibaribe, F\u00f3rum Pernambucano de Comunica\u00e7\u00e3o (Fopecom), CMI-Recife, R\u00e1dio Livre-Se, Centro de Comunica\u00e7\u00e3o e Juventude (CCJ \u2013 Recife), Ventilador Cultural e Oi Kabum! Recife, entre outros coletivos e entidades.<\/p>\n<p>Gra\u00e7as \u00e0s parcerias com coletivos, espa\u00e7os culturais, espa\u00e7os terap\u00eauticos, artistas, jornalistas, terapeutas, entre outros profissionais e entidades, vem sendo poss\u00edvel manter o Portal no ar de forma independente. Agrade\u00e7o a todes pelas parcerias. Avante!<\/p>\n<p>O Mapa da M\u00eddia Independente e Popular de Pernambuco pode ser acessado no endere\u00e7o: <a href=\"https:\/\/mapadamidiape.marcozero.org\/\" target=\"_blank\" rel=\"noopener\">www.mapadamidiape.marcozero.org<\/a><\/p>\n<p>&nbsp;<\/p>\n<p><em>* Lu Rabelo \u00e9\u00a0<a href=\"https:\/\/www.instagram.com\/canto.de.lu\" target=\"_blank\" rel=\"noopener\">cantadeira<\/a><a href=\"https:\/\/www.facebook.com\/cantodelu7\/\" target=\"_blank\" rel=\"noopener noreferrer\">,<\/a> jornalista, arteterapeuta, herbalista, editora e guardi\u00e3 do <a href=\"http:\/\/portalfloresnoar.com\/\" target=\"_blank\" rel=\"noopener noreferrer\">Portal Flores no Ar<\/a>.\u00a0<\/em><\/p>\n","protected":false},"excerpt":{"rendered":"<p>|\u00a0Por Lu Rabelo*\u00a0| Com alegria, informo que o Portal Flores no Ar est\u00e1 presente no Mapa da M\u00eddia Independente e Popular de Pernambuco, uma rede de coletivos criada pela Marco Zero Conte\u00fado , em parceria com o Coletivo Sargento Perifa e a organiza\u00e7\u00e3o Rep\u00f3rteres sem Fronteiras , com o objetivo de dar vez e voz [&hellip;]<\/p>\n","protected":false},"author":1,"featured_media":45067,"comment_status":"open","ping_status":"open","sticky":false,"template":"","format":"standard","meta":{"om_disable_all_campaigns":false,"_monsterinsights_skip_tracking":false,"_monsterinsights_sitenote_active":false,"_monsterinsights_sitenote_note":"","_monsterinsights_sitenote_category":0,"footnotes":""},"categories":[227,220,224],"tags":[49,653,1487],"acf":[],"publishpress_future_action":{"enabled":false,"date":"1969-12-31 21:00:00","action":"","terms":[],"taxonomy":"","browser_timezone_offset":0},"_links":{"self":[{"href":"https:\/\/portalfloresnoar.com\/floresnoar\/wp-json\/wp\/v2\/posts\/45065"}],"collection":[{"href":"https:\/\/portalfloresnoar.com\/floresnoar\/wp-json\/wp\/v2\/posts"}],"about":[{"href":"https:\/\/portalfloresnoar.com\/floresnoar\/wp-json\/wp\/v2\/types\/post"}],"author":[{"embeddable":true,"href":"https:\/\/portalfloresnoar.com\/floresnoar\/wp-json\/wp\/v2\/users\/1"}],"replies":[{"embeddable":true,"href":"https:\/\/portalfloresnoar.com\/floresnoar\/wp-json\/wp\/v2\/comments?post=45065"}],"version-history":[{"count":4,"href":"https:\/\/portalfloresnoar.com\/floresnoar\/wp-json\/wp\/v2\/posts\/45065\/revisions"}],"predecessor-version":[{"id":45071,"href":"https:\/\/portalfloresnoar.com\/floresnoar\/wp-json\/wp\/v2\/posts\/45065\/revisions\/45071"}],"wp:featuredmedia":[{"embeddable":true,"href":"https:\/\/portalfloresnoar.com\/floresnoar\/wp-json\/wp\/v2\/media\/45067"}],"wp:attachment":[{"href":"https:\/\/portalfloresnoar.com\/floresnoar\/wp-json\/wp\/v2\/media?parent=45065"}],"wp:term":[{"taxonomy":"category","embeddable":true,"href":"https:\/\/portalfloresnoar.com\/floresnoar\/wp-json\/wp\/v2\/categories?post=45065"},{"taxonomy":"post_tag","embeddable":true,"href":"https:\/\/portalfloresnoar.com\/floresnoar\/wp-json\/wp\/v2\/tags?post=45065"}],"curies":[{"name":"wp","href":"https:\/\/api.w.org\/{rel}","templated":true}]}}