

{"id":45056,"date":"2024-04-11T19:15:47","date_gmt":"2024-04-11T22:15:47","guid":{"rendered":"https:\/\/portalfloresnoar.com\/floresnoar\/?p=45056"},"modified":"2024-11-18T14:58:00","modified_gmt":"2024-11-18T17:58:00","slug":"plataforma-gerar-online-oferece-terapias-em-diversas-abordagens","status":"publish","type":"post","link":"https:\/\/portalfloresnoar.com\/floresnoar\/plataforma-gerar-online-oferece-terapias-em-diversas-abordagens\/","title":{"rendered":"Plataforma Gerar On-line oferece terapias em diversas abordagens"},"content":{"rendered":"<p>&nbsp;<\/p>\n<p><img decoding=\"async\" loading=\"lazy\" class=\"aligncenter size-large wp-image-45057\" src=\"https:\/\/portalfloresnoar.com\/floresnoar\/wp-content\/uploads\/2024\/04\/gerar-online-terapias-700x330.jpg\" alt=\"\" width=\"700\" height=\"330\" srcset=\"https:\/\/portalfloresnoar.com\/floresnoar\/wp-content\/uploads\/2024\/04\/gerar-online-terapias-700x330.jpg 700w, https:\/\/portalfloresnoar.com\/floresnoar\/wp-content\/uploads\/2024\/04\/gerar-online-terapias-300x141.jpg 300w, https:\/\/portalfloresnoar.com\/floresnoar\/wp-content\/uploads\/2024\/04\/gerar-online-terapias-768x362.jpg 768w, https:\/\/portalfloresnoar.com\/floresnoar\/wp-content\/uploads\/2024\/04\/gerar-online-terapias.jpg 1286w\" sizes=\"(max-width: 700px) 100vw, 700px\" \/><\/p>\n<p>O <a href=\"https:\/\/www.gerarterapias.com.br\/\" target=\"_blank\" rel=\"noopener\"><strong>GERAR ONLINE<\/strong><\/a>, uma plataforma digital criada e administrada pelo Espa\u00e7o Gerar, oferece atendimentos terap\u00eauticos em diversas abordagens, e est\u00e1 aberta para o cadastro de novos terapeutas.<\/p>\n<p>A plataforma conta com recursos de acessibilidade digital, melhorando a usabilidade e experi\u00eancia dos usu\u00e1rios que t\u00eam necessidades especiais.<\/p>\n<p>S\u00e3o disponibilizados atendimentos em Psicologia, Arteterapia, Psiquiatria, Reiki, Massoterapia, Cristaloterapia, Aromaterapia, Hipnoterapia, Terapia Floral, ThetaHealing\u00ae, Barras de Access\u00ae, Soul-Collage\u00ae Yogaterapia, Mindfulness, entre outras t\u00e9cnicas. Os servi\u00e7os s\u00e3o oferecidos por profissionais de diversos estados do Brasil, com atua\u00e7\u00f5es comprovadas.<\/p>\n<p>As sess\u00f5es podem ser agendadas diretamente com cada terapeuta, ou atrav\u00e9s da central de agendamentos.<\/p>\n<p>Uma outra funcionalidade do site, \u00e9 a possibilidade de busca de terapeutas por especialidade, demanda, e\/ou tipo de servi\u00e7o (presencial ou on-line).<\/p>\n<p>&#8220;O Gerar Online surge da vontade de estender os atributos diferenciados de acolhimento e gest\u00e3o humanizada do Gerar f\u00edsico para o mundo do atendimento virtual. O Gerar desenvolve as suas atividades presenciais desde 2004 e \u00e9 uma refer\u00eancia como espa\u00e7o de sa\u00fade mental e de cuidados preventivos, influindo muito fortemente para o di\u00e1logo e a experi\u00eancia plural entre Psicoterapia, Arteterapia e Terapias Integrativas. A nossa proposta envolve a compreens\u00e3o integral do ser humano, considerando a sa\u00fade em sua dimens\u00e3o sist\u00eamica &#8211; f\u00edsica, mental, emocional, social e espiritual&#8221;, informam as gestoras do Gerar Fabiana Guimar\u00e3es, Josefina Campos e Patr\u00edcia Mello.<\/p>\n<p>CADASTRO DE TERAPEUTAS &#8211; Os terapeutas interessados na parceria com o GERAR ONLINE devem realizar o cadastro <strong><a href=\"https:\/\/www.gerarterapias.com.br\/\" target=\"_blank\" rel=\"noopener\">no site<\/a><\/strong>.<\/p>\n<p>MAIS INFORMA\u00c7\u00d5ES:<br \/>\n<strong>Fone\/WhatsApp:<\/strong> (81) 99760.6383<br \/>\n<strong>Instagram:<\/strong> <a href=\"https:\/\/www.instagram.com\/gerararteterapia\/\" target=\"_blank\" rel=\"noopener\">@gerararteterapia<\/a><br \/>\n<strong>Gerar Online:<\/strong> <a href=\"https:\/\/www.gerarterapias.com.br\/\" target=\"_blank\" rel=\"noopener\">www.gerarterapias.com.br<\/a><\/p>\n","protected":false},"excerpt":{"rendered":"<p>&nbsp; O GERAR ONLINE, uma plataforma digital criada e administrada pelo Espa\u00e7o Gerar, oferece atendimentos terap\u00eauticos em diversas abordagens, e est\u00e1 aberta para o cadastro de novos terapeutas. A plataforma conta com recursos de acessibilidade digital, melhorando a usabilidade e experi\u00eancia dos usu\u00e1rios que t\u00eam necessidades especiais. S\u00e3o disponibilizados atendimentos em Psicologia, Arteterapia, Psiquiatria, Reiki, [&hellip;]<\/p>\n","protected":false},"author":1,"featured_media":45058,"comment_status":"open","ping_status":"open","sticky":false,"template":"","format":"standard","meta":{"om_disable_all_campaigns":false,"_monsterinsights_skip_tracking":false,"_monsterinsights_sitenote_active":false,"_monsterinsights_sitenote_note":"","_monsterinsights_sitenote_category":0,"footnotes":""},"categories":[224,9],"tags":[34,1057,81,37,118],"acf":[],"publishpress_future_action":{"enabled":false,"date":"1969-12-31 21:00:00","action":"","terms":[],"taxonomy":"","browser_timezone_offset":0},"_links":{"self":[{"href":"https:\/\/portalfloresnoar.com\/floresnoar\/wp-json\/wp\/v2\/posts\/45056"}],"collection":[{"href":"https:\/\/portalfloresnoar.com\/floresnoar\/wp-json\/wp\/v2\/posts"}],"about":[{"href":"https:\/\/portalfloresnoar.com\/floresnoar\/wp-json\/wp\/v2\/types\/post"}],"author":[{"embeddable":true,"href":"https:\/\/portalfloresnoar.com\/floresnoar\/wp-json\/wp\/v2\/users\/1"}],"replies":[{"embeddable":true,"href":"https:\/\/portalfloresnoar.com\/floresnoar\/wp-json\/wp\/v2\/comments?post=45056"}],"version-history":[{"count":5,"href":"https:\/\/portalfloresnoar.com\/floresnoar\/wp-json\/wp\/v2\/posts\/45056\/revisions"}],"predecessor-version":[{"id":45503,"href":"https:\/\/portalfloresnoar.com\/floresnoar\/wp-json\/wp\/v2\/posts\/45056\/revisions\/45503"}],"wp:featuredmedia":[{"embeddable":true,"href":"https:\/\/portalfloresnoar.com\/floresnoar\/wp-json\/wp\/v2\/media\/45058"}],"wp:attachment":[{"href":"https:\/\/portalfloresnoar.com\/floresnoar\/wp-json\/wp\/v2\/media?parent=45056"}],"wp:term":[{"taxonomy":"category","embeddable":true,"href":"https:\/\/portalfloresnoar.com\/floresnoar\/wp-json\/wp\/v2\/categories?post=45056"},{"taxonomy":"post_tag","embeddable":true,"href":"https:\/\/portalfloresnoar.com\/floresnoar\/wp-json\/wp\/v2\/tags?post=45056"}],"curies":[{"name":"wp","href":"https:\/\/api.w.org\/{rel}","templated":true}]}}