

{"id":45024,"date":"2023-03-27T19:03:48","date_gmt":"2023-03-27T22:03:48","guid":{"rendered":"https:\/\/portalfloresnoar.com\/floresnoar\/?p=45024"},"modified":"2024-04-08T22:45:51","modified_gmt":"2024-04-09T01:45:51","slug":"agenda-grupo-online-de-arteterapia-e-soulcollage%ef%b8%8f-para-mulheres-tem-inicio-em-abril","status":"publish","type":"post","link":"https:\/\/portalfloresnoar.com\/floresnoar\/agenda-grupo-online-de-arteterapia-e-soulcollage%ef%b8%8f-para-mulheres-tem-inicio-em-abril\/","title":{"rendered":"[AGENDA] Grupo Online de Arteterapia e SoulCollage\u00ae&#xfe0f; para Mulheres tem in\u00edcio em abril"},"content":{"rendered":"<p><img decoding=\"async\" loading=\"lazy\" class=\"aligncenter size-large wp-image-45025\" src=\"https:\/\/portalfloresnoar.com\/floresnoar\/wp-content\/uploads\/2024\/03\/grupo-online-de-arteterapia-e-soulcollage-para-mulheres-560x700.jpeg\" alt=\"\" width=\"560\" height=\"700\" srcset=\"https:\/\/portalfloresnoar.com\/floresnoar\/wp-content\/uploads\/2024\/03\/grupo-online-de-arteterapia-e-soulcollage-para-mulheres-560x700.jpeg 560w, https:\/\/portalfloresnoar.com\/floresnoar\/wp-content\/uploads\/2024\/03\/grupo-online-de-arteterapia-e-soulcollage-para-mulheres-240x300.jpeg 240w, https:\/\/portalfloresnoar.com\/floresnoar\/wp-content\/uploads\/2024\/03\/grupo-online-de-arteterapia-e-soulcollage-para-mulheres-768x960.jpeg 768w, https:\/\/portalfloresnoar.com\/floresnoar\/wp-content\/uploads\/2024\/03\/grupo-online-de-arteterapia-e-soulcollage-para-mulheres.jpeg 1080w\" sizes=\"(max-width: 560px) 100vw, 560px\" \/><\/p>\n<p>As arteterapeutas e facilitadoras de SoulCollage\u00ae&#xfe0f; Isa Stephan e Juliana Lombardi iniciam em abril duas turmas do<strong> &#8216;Grupo Online de Arteterapia e SoulCollage\u00ae&#xfe0f; para Mulheres&#8217;<\/strong>. Os encontros ser\u00e3o quinzenais e ao vivo.<\/p>\n<p>A primeira turma acontece de 01 de abril a 22 de julho, das 19h \u00e0s 21h, nas segundas-feiras. J\u00e1 os encontros da segunda turma ser\u00e3o realizados de 03 de abril a 24 de julho, das 9h30 \u00e0s 11h30, nas quartas-feiras.<\/p>\n<p>O Grupo tem como proposta ser um espa\u00e7o aberto \u00e0 criatividade, com foco no cuidado com a sa\u00fade mental e emocional, proporcionando o equil\u00edbrio entre corpo, mente e esp\u00edrito.<\/p>\n<p>&#8220;Sabemos que pela correria dos dias a nossa vida criativa acaba ficando parada e muitas vezes esquecida. Os encontros do grupo visam alimentar a chama da criatividade, nos permitindo cultivar uma vida mais plena e significativa, alinhada com a nossa alma e com aquilo que faz sentido pra gente. A Arteterapia e o SoulCollage\u00ae&#xfe0f; permitem o livre fluir das nossas ideias, pensamentos e emo\u00e7\u00f5es de forma espont\u00e2nea e sem press\u00f5es est\u00e9ticas, nos convidando a olhar para as nossas quest\u00f5es emocionais e existenciais atrav\u00e9s da Arte e das imagens da Alma&#8221;, informam as facilitadoras.<\/p>\n<p>Durante os encontros ser\u00e3o utilizados recursos e modalidades expressivas variadas, como hist\u00f3rias, contos, pintura, m\u00fasica, desenho, modelagem, fotografia, colagem, poesia, pr\u00e1ticas de respira\u00e7\u00e3o, escrita criativa, mandalas, SoulCollage\u00ae&#xfe0f;, entre outros.<\/p>\n<p><strong>Dentre os principais benef\u00edcios em participar do Grupo, as facilitadoras listaram os seguintes:<\/strong><br \/>\n\u2192\u00a0O cuidado com a sua sa\u00fade (mental e emocional);<br \/>\n\u2192 Reconhecimento de si em outras hist\u00f3rias a partir do compartilhamento de sentimentos e experi\u00eancias profundas de vida;<br \/>\n\u2192 Amplia\u00e7\u00e3o do olhar sobre si mesma, dentro de um espa\u00e7o seguro e coletivo de autocuidado;<br \/>\n\u2192 Crescimento pessoal a partir do autoconhecimento;<br \/>\n\u2192 Oportunidade de manter acesa a chama da Criatividade;<br \/>\n\u2192 Aproxima\u00e7\u00e3o do equil\u00edbrio entre corpo, mente e esp\u00edrito;<br \/>\n\u2192 Reconhecimento das suas diversas camadas e potencialidades internas;<br \/>\n\u2192 Abertura para novas amizades;<br \/>\n\u2192 Espa\u00e7o para reinventar-se;<br \/>\n\u2192 A praticidade de estarmos conectadas, mesmo estando em diferentes lugares do Brasil e do mundo.<\/p>\n<p><strong>GRUPO ONLINE DE ARTETERAPIA &amp; SOULCOLLAGE\u00ae&#xfe0f; PARA MULHERES<\/strong><br \/>\n<strong>TURMA 1:<\/strong> 2a feira \u00e0 noite, das 19h \u00e0s 21h (quinzenal)<br \/>\nIn\u00edcio: 01\/04\/2024<br \/>\nT\u00e9rmino: 22\/07\/2024<\/p>\n<p><strong>TURMA 2:<\/strong> 4a feira de manh\u00e3, 9h30 \u00e0s 11h30 (quinzenal) | IN\u00cdCIO 3\/ABRIL. T\u00c9RMINO 31\/JULHO.<br \/>\nIn\u00edcio: 03\/04\/2024<br \/>\nT\u00e9rmino: 24\/07\/2024<\/p>\n<p>MATERIAIS:<br \/>\nCada participante receber\u00e1 uma lista com os materiais que ser\u00e3o utilizados para que possa adquiri-los e us\u00e1-los durante os encontros. S\u00e3o materiais simples e acess\u00edveis.<\/p>\n<p>INVESTIMENTO:<br \/>\n\u2022 Meses com 2 encontros: R$ 300,00<br \/>\n\u2022 Meses com 3 encontros: R$ 450,00<\/p>\n<p>INSCRI\u00c7\u00d5ES:<br \/>\n<strong>Atrav\u00e9s do formul\u00e1rio dispon\u00edvel neste link: <\/strong><a href=\"https:\/\/docs.google.com\/forms\/d\/15u2opPZNnqPvW6xEz3wXTNAsGtSfSHrbM1EkHwzn-Sw\/viewform?edit_requested=true\" target=\"_blank\" rel=\"noopener\">https:\/\/docs.google.com\/forms\/d\/15u2opPZNnqPvW6xEz3wXTNAsGtSfSHrbM1EkHwzn-Sw\/viewform?edit_requested=true<\/a><\/p>\n<p>MAIS INFORMA\u00c7\u00d5ES:<br \/>\n<strong>WhatsApp:<\/strong> (81) 98730-1118<br \/>\n<strong>Instagram:<\/strong> <a href=\"https:\/\/www.instagram.com\/julianalombardi.psi\/\">@julianalombardi.psi<\/a> \/ <a href=\"https:\/\/www.instagram.com\/eutedouaminhapaz\/\" target=\"_blank\" rel=\"noopener\">@eutedouaminhapaz<\/a><\/p>\n","protected":false},"excerpt":{"rendered":"<p>As arteterapeutas e facilitadoras de SoulCollage\u00ae&#xfe0f; Isa Stephan e Juliana Lombardi iniciam em abril duas turmas do &#8216;Grupo Online de Arteterapia e SoulCollage\u00ae&#xfe0f; para Mulheres&#8217;. Os encontros ser\u00e3o quinzenais e ao vivo. A primeira turma acontece de 01 de abril a 22 de julho, das 19h \u00e0s 21h, nas segundas-feiras. J\u00e1 os encontros da segunda [&hellip;]<\/p>\n","protected":false},"author":1,"featured_media":45026,"comment_status":"open","ping_status":"open","sticky":false,"template":"","format":"standard","meta":{"om_disable_all_campaigns":false,"_monsterinsights_skip_tracking":false,"_monsterinsights_sitenote_active":false,"_monsterinsights_sitenote_note":"","_monsterinsights_sitenote_category":0,"footnotes":""},"categories":[8,214],"tags":[34,137,233],"acf":[],"publishpress_future_action":{"enabled":false,"date":"1969-12-31 21:00:00","action":"","terms":[],"taxonomy":"","browser_timezone_offset":0},"_links":{"self":[{"href":"https:\/\/portalfloresnoar.com\/floresnoar\/wp-json\/wp\/v2\/posts\/45024"}],"collection":[{"href":"https:\/\/portalfloresnoar.com\/floresnoar\/wp-json\/wp\/v2\/posts"}],"about":[{"href":"https:\/\/portalfloresnoar.com\/floresnoar\/wp-json\/wp\/v2\/types\/post"}],"author":[{"embeddable":true,"href":"https:\/\/portalfloresnoar.com\/floresnoar\/wp-json\/wp\/v2\/users\/1"}],"replies":[{"embeddable":true,"href":"https:\/\/portalfloresnoar.com\/floresnoar\/wp-json\/wp\/v2\/comments?post=45024"}],"version-history":[{"count":4,"href":"https:\/\/portalfloresnoar.com\/floresnoar\/wp-json\/wp\/v2\/posts\/45024\/revisions"}],"predecessor-version":[{"id":45030,"href":"https:\/\/portalfloresnoar.com\/floresnoar\/wp-json\/wp\/v2\/posts\/45024\/revisions\/45030"}],"wp:featuredmedia":[{"embeddable":true,"href":"https:\/\/portalfloresnoar.com\/floresnoar\/wp-json\/wp\/v2\/media\/45026"}],"wp:attachment":[{"href":"https:\/\/portalfloresnoar.com\/floresnoar\/wp-json\/wp\/v2\/media?parent=45024"}],"wp:term":[{"taxonomy":"category","embeddable":true,"href":"https:\/\/portalfloresnoar.com\/floresnoar\/wp-json\/wp\/v2\/categories?post=45024"},{"taxonomy":"post_tag","embeddable":true,"href":"https:\/\/portalfloresnoar.com\/floresnoar\/wp-json\/wp\/v2\/tags?post=45024"}],"curies":[{"name":"wp","href":"https:\/\/api.w.org\/{rel}","templated":true}]}}