

{"id":44943,"date":"2023-03-04T19:55:28","date_gmt":"2023-03-04T22:55:28","guid":{"rendered":"https:\/\/portalfloresnoar.com\/floresnoar\/?p=44943"},"modified":"2024-03-25T20:03:45","modified_gmt":"2024-03-25T23:03:45","slug":"agenda-pe-saude-mental-marcadores-sociais-vulnerabilidades-e-inclusao-e-tema-do-conversas-no-jardim-dia-22-03-no-espaco-gerar","status":"publish","type":"post","link":"https:\/\/portalfloresnoar.com\/floresnoar\/agenda-pe-saude-mental-marcadores-sociais-vulnerabilidades-e-inclusao-e-tema-do-conversas-no-jardim-dia-22-03-no-espaco-gerar\/","title":{"rendered":"[AGENDA PE] &#8216;Sa\u00fade mental, marcadores sociais, vulnerabilidades e inclus\u00e3o&#8217; \u00e9 tema do Conversas no Jardim dia 22\/03\/2024 no Espa\u00e7o Gerar"},"content":{"rendered":"<p><img decoding=\"async\" loading=\"lazy\" class=\"aligncenter wp-image-44944\" src=\"https:\/\/portalfloresnoar.com\/floresnoar\/wp-content\/uploads\/2024\/03\/conversas-no-jardim-560x700.jpeg\" alt=\"\" width=\"497\" height=\"621\" srcset=\"https:\/\/portalfloresnoar.com\/floresnoar\/wp-content\/uploads\/2024\/03\/conversas-no-jardim-560x700.jpeg 560w, https:\/\/portalfloresnoar.com\/floresnoar\/wp-content\/uploads\/2024\/03\/conversas-no-jardim-240x300.jpeg 240w, https:\/\/portalfloresnoar.com\/floresnoar\/wp-content\/uploads\/2024\/03\/conversas-no-jardim-768x960.jpeg 768w, https:\/\/portalfloresnoar.com\/floresnoar\/wp-content\/uploads\/2024\/03\/conversas-no-jardim.jpeg 1024w\" sizes=\"(max-width: 497px) 100vw, 497px\" \/><\/p>\n<p>O Espa\u00e7o Gerar realiza no dia 22 de mar\u00e7o, das 18h \u00e0s 20h, a primeira edi\u00e7\u00e3o de 2024 do projeto &#8216;Conversas no Jardim&#8217;, com uma roda\u00a0 sobre o tema &#8216;Sa\u00fade mental, marcadores sociais, vulnerabilidades e inclus\u00e3o&#8217;. O encontro contar\u00e1 com a participa\u00e7\u00e3o da Cacica Kyalonan Karaxuwanassu, e dos psic\u00f3logos Wellington Albuquerque e Manuella Lauritzen. Qualquer pessoa interessada no assunto ser\u00e1 bem-vinda!<\/p>\n<p>O tema foi escolhido com o intuito de colocar a discuss\u00e3o sobre sa\u00fade mental numa perspectiva social, demonstrando as necessidades de um cotidiano mais inclusivo. Na roda de conversas, os participantes trar\u00e3o para discuss\u00e3o realidades sociais que perpassam e demarcam a sa\u00fade de popula\u00e7\u00f5es mais vulner\u00e1veis. Na ocasi\u00e3o, a cacica Kyalonan Karaxuwanassu falar\u00e1 dos desafios vividos pelos povos ind\u00edgenas; Wellington Albuquerque sobre quest\u00f5es que impactam a sa\u00fade mental da popula\u00e7\u00e3o negra; e Manuella Lauritzen abordar\u00e1 os direitos e a sa\u00fade mental da popula\u00e7\u00e3o carcer\u00e1ria.<\/p>\n<p>O &#8216;Conversas no Jardim&#8217; visa promover conhecimentos, atrav\u00e9s da troca de ideias, num ambiente mais aberto, como s\u00e3o os jardins. \u201c\u00c9 uma proposta que visa colocar a intera\u00e7\u00e3o humana no lugar que \u00e9 seu, ou seja, na sua natureza integrada \u00e0 natureza maior, que a cont\u00e9m\u201d, contam as gestoras do Gerar, Fabiana Guimar\u00e3es, Josefina Campos e Patr\u00edcia Mello.<\/p>\n<p>SOBRE OS CONVIDADOS<br \/>\n<img decoding=\"async\" loading=\"lazy\" class=\"wp-image-44949 alignleft\" src=\"https:\/\/portalfloresnoar.com\/floresnoar\/wp-content\/uploads\/2024\/03\/Cacica-Kyalonan-Karaxuwanassu.jpeg\" alt=\"\" width=\"208\" height=\"199\" srcset=\"https:\/\/portalfloresnoar.com\/floresnoar\/wp-content\/uploads\/2024\/03\/Cacica-Kyalonan-Karaxuwanassu.jpeg 584w, https:\/\/portalfloresnoar.com\/floresnoar\/wp-content\/uploads\/2024\/03\/Cacica-Kyalonan-Karaxuwanassu-300x288.jpeg 300w\" sizes=\"(max-width: 208px) 100vw, 208px\" \/><\/p>\n<p><strong>Cacica Kyalonan Karaxuwanassu<\/strong><br \/>\nLideran\u00e7a da aldeia Marataro Kaet\u00e9, territ\u00f3rio do povo Karaxuwanassu, localizado no munic\u00edpio de Igarassu\/PE;<br \/>\nGraduada em Gest\u00e3o P\u00fablica;<br \/>\nEspecializa\u00e7\u00e3o em Sa\u00fade P\u00fablica e Coletiva<br \/>\nSanitarista;<br \/>\nGraduanda em licenciatura em Hist\u00f3ria;<br \/>\nT\u00e9cnica em Agente Comunit\u00e1rio de Sa\u00fade do Recife.<\/p>\n<p>&nbsp;<\/p>\n<p><strong><img decoding=\"async\" loading=\"lazy\" class=\"wp-image-44950 alignleft\" src=\"https:\/\/portalfloresnoar.com\/floresnoar\/wp-content\/uploads\/2024\/03\/Manuella-Lauritzen-575x700.jpeg\" alt=\"\" width=\"197\" height=\"240\" srcset=\"https:\/\/portalfloresnoar.com\/floresnoar\/wp-content\/uploads\/2024\/03\/Manuella-Lauritzen-575x700.jpeg 575w, https:\/\/portalfloresnoar.com\/floresnoar\/wp-content\/uploads\/2024\/03\/Manuella-Lauritzen-246x300.jpeg 246w, https:\/\/portalfloresnoar.com\/floresnoar\/wp-content\/uploads\/2024\/03\/Manuella-Lauritzen.jpeg 580w\" sizes=\"(max-width: 197px) 100vw, 197px\" \/><\/strong><\/p>\n<p>&nbsp;<\/p>\n<p><strong>Manuella Lauritzen<\/strong><br \/>\nPsic\u00f3loga (CRP 02\/11496);<br \/>\nEspecialista em Direito Social e Pol\u00edticas P\u00fablicas (FAFIRE);<br \/>\nEspecialista em Neuropsicologia (CPHD);<br \/>\nEspecialista em Psicologia Hospitalar (CPHD);<br \/>\nAtuou durante 7 anos como Coordenadora do Setor Psicossocial na Secret\u00e1ria de Ressocializa\u00e7\u00e3o de Pernambuco (SERES);<br \/>\nAtua como psic\u00f3loga cl\u00ednica com adultos e idosos.<\/p>\n<p>&nbsp;<\/p>\n<p><strong><img decoding=\"async\" loading=\"lazy\" class=\"wp-image-44951 alignleft\" src=\"https:\/\/portalfloresnoar.com\/floresnoar\/wp-content\/uploads\/2024\/03\/Wellington-Albuquerque-592x700.jpeg\" alt=\"\" width=\"192\" height=\"227\" srcset=\"https:\/\/portalfloresnoar.com\/floresnoar\/wp-content\/uploads\/2024\/03\/Wellington-Albuquerque-592x700.jpeg 592w, https:\/\/portalfloresnoar.com\/floresnoar\/wp-content\/uploads\/2024\/03\/Wellington-Albuquerque-254x300.jpeg 254w, https:\/\/portalfloresnoar.com\/floresnoar\/wp-content\/uploads\/2024\/03\/Wellington-Albuquerque.jpeg 604w\" sizes=\"(max-width: 192px) 100vw, 192px\" \/><\/strong><\/p>\n<p>&nbsp;<\/p>\n<p><strong>Wellington Albuquerque <\/strong><br \/>\nPsic\u00f3logo (CRPPE: 18809\/02);<br \/>\nEspecialistas em Psicologia Junguiana com enfoque na pr\u00e1tica cl\u00ednica;<br \/>\nMestre em Psicologia pela (UFPE);<br \/>\nDoutorando em Psicologia pela (UFPE);<br \/>\nAtua no campo \u00e9tnico-racial com \u00eanfase nos estudos das pol\u00edticas de a\u00e7\u00f5es afirmativas na universidade.<\/p>\n<p>&nbsp;<\/p>\n<p>&nbsp;<\/p>\n<p>SERVI\u00c7O<br \/>\n<strong>Conversas no Jardim &#8211; &#8216;Sa\u00fade mental, marcadores sociais, vulnerabilidades e inclus\u00e3o&#8217;<\/strong><br \/>\n<strong>Data:<\/strong> 22\/03\/2024 (sexta-feira)<br \/>\n<strong>Hora:<\/strong> 18h \u00e0s 20h<br \/>\n<strong>Local:<\/strong> Gerar &#8211; Psicologia Arteterapia e Bem-Estar\u00a0 \u2013 Rua Luiz Guimar\u00e3es, 253, Po\u00e7o da Panela, Recife\/PE<br \/>\n<em>(Mapa com a localiza\u00e7\u00e3o:\u00a0<a href=\"https:\/\/maps.app.goo.gl\/kZCHrg1TKRm8Qhmv9\" target=\"_blank\" rel=\"noopener\">https:\/\/maps.app.goo.gl\/kZCHrg1TKRm8Qhmv9<\/a>)<\/em><br \/>\n<strong>Contribui\u00e7\u00e3o:<\/strong> 1 kg de alimento<\/p>\n<p>MAIS INFORMA\u00c7\u00d5ES<br \/>\n<strong>Fone\/WhatsApp:<\/strong>\u00a0(81) 99760.6383<\/p>\n","protected":false},"excerpt":{"rendered":"<p>O Espa\u00e7o Gerar realiza no dia 22 de mar\u00e7o, das 18h \u00e0s 20h, a primeira edi\u00e7\u00e3o de 2024 do projeto &#8216;Conversas no Jardim&#8217;, com uma roda\u00a0 sobre o tema &#8216;Sa\u00fade mental, marcadores sociais, vulnerabilidades e inclus\u00e3o&#8217;. O encontro contar\u00e1 com a participa\u00e7\u00e3o da Cacica Kyalonan Karaxuwanassu, e dos psic\u00f3logos Wellington Albuquerque e Manuella Lauritzen. Qualquer [&hellip;]<\/p>\n","protected":false},"author":1,"featured_media":44953,"comment_status":"open","ping_status":"open","sticky":false,"template":"","format":"standard","meta":{"om_disable_all_campaigns":false,"_monsterinsights_skip_tracking":false,"_monsterinsights_sitenote_active":false,"_monsterinsights_sitenote_note":"","_monsterinsights_sitenote_category":0,"footnotes":""},"categories":[8,214],"tags":[383,1052,1020],"acf":[],"publishpress_future_action":{"enabled":false,"date":"1969-12-31 21:00:00","action":"","terms":[],"taxonomy":"","browser_timezone_offset":0},"_links":{"self":[{"href":"https:\/\/portalfloresnoar.com\/floresnoar\/wp-json\/wp\/v2\/posts\/44943"}],"collection":[{"href":"https:\/\/portalfloresnoar.com\/floresnoar\/wp-json\/wp\/v2\/posts"}],"about":[{"href":"https:\/\/portalfloresnoar.com\/floresnoar\/wp-json\/wp\/v2\/types\/post"}],"author":[{"embeddable":true,"href":"https:\/\/portalfloresnoar.com\/floresnoar\/wp-json\/wp\/v2\/users\/1"}],"replies":[{"embeddable":true,"href":"https:\/\/portalfloresnoar.com\/floresnoar\/wp-json\/wp\/v2\/comments?post=44943"}],"version-history":[{"count":4,"href":"https:\/\/portalfloresnoar.com\/floresnoar\/wp-json\/wp\/v2\/posts\/44943\/revisions"}],"predecessor-version":[{"id":45010,"href":"https:\/\/portalfloresnoar.com\/floresnoar\/wp-json\/wp\/v2\/posts\/44943\/revisions\/45010"}],"wp:featuredmedia":[{"embeddable":true,"href":"https:\/\/portalfloresnoar.com\/floresnoar\/wp-json\/wp\/v2\/media\/44953"}],"wp:attachment":[{"href":"https:\/\/portalfloresnoar.com\/floresnoar\/wp-json\/wp\/v2\/media?parent=44943"}],"wp:term":[{"taxonomy":"category","embeddable":true,"href":"https:\/\/portalfloresnoar.com\/floresnoar\/wp-json\/wp\/v2\/categories?post=44943"},{"taxonomy":"post_tag","embeddable":true,"href":"https:\/\/portalfloresnoar.com\/floresnoar\/wp-json\/wp\/v2\/tags?post=44943"}],"curies":[{"name":"wp","href":"https:\/\/api.w.org\/{rel}","templated":true}]}}