

{"id":44916,"date":"2023-02-27T08:27:54","date_gmt":"2023-02-27T11:27:54","guid":{"rendered":"https:\/\/portalfloresnoar.com\/floresnoar\/?p=44916"},"modified":"2024-03-04T20:15:30","modified_gmt":"2024-03-04T23:15:30","slug":"agenda-pe-vivencia-pausa-para-planejar-2024-neste-sabado-em-aldeia-pe","status":"publish","type":"post","link":"https:\/\/portalfloresnoar.com\/floresnoar\/agenda-pe-vivencia-pausa-para-planejar-2024-neste-sabado-em-aldeia-pe\/","title":{"rendered":"[AGENDA PE] Viv\u00eancia &#8216;Pausa para Planejar 2024&#8217; em Aldeia\/PE"},"content":{"rendered":"<p><img decoding=\"async\" loading=\"lazy\" class=\"aligncenter size-large wp-image-44918\" src=\"https:\/\/portalfloresnoar.com\/floresnoar\/wp-content\/uploads\/2024\/02\/vivencia-planejamento-2024-em-aldeia-508x700.jpeg\" alt=\"\" width=\"508\" height=\"700\" srcset=\"https:\/\/portalfloresnoar.com\/floresnoar\/wp-content\/uploads\/2024\/02\/vivencia-planejamento-2024-em-aldeia-508x700.jpeg 508w, https:\/\/portalfloresnoar.com\/floresnoar\/wp-content\/uploads\/2024\/02\/vivencia-planejamento-2024-em-aldeia-218x300.jpeg 218w, https:\/\/portalfloresnoar.com\/floresnoar\/wp-content\/uploads\/2024\/02\/vivencia-planejamento-2024-em-aldeia.jpeg 720w\" sizes=\"(max-width: 508px) 100vw, 508px\" \/><\/p>\n<p>Passado o Carnaval, a psic\u00f3loga Juliana Borges realizar\u00e1, no pr\u00f3ximo s\u00e1bado (02\/03), a viv\u00eancia em grupo <strong>&#8216;Pausa para Planejar 2024 &#8211; Express\u00e3o, Arte e Movimento Corporal&#8217;<\/strong>, uma oficina de abertura de ano com o objetivo de aprofundar a autoconex\u00e3o, atrav\u00e9s de recursos que possibilitam o autocuidado e a express\u00e3o criativa. O encontro ser\u00e1 das 9h30 \u00e0s 12h, no Espa\u00e7o Mari Magliano Pilates, em Aldeia\/PE.<\/p>\n<p>&#8220;A agita\u00e7\u00e3o do dia-a-dia nos leva a um modo de funcionamento mec\u00e2nico, um processo de coisifica\u00e7\u00e3o que nos atropela e imp\u00f5e um ritmo fren\u00e9tico, pouco humano e mais m\u00e1quina. Essa maneira que passou a ser o usual na sociedade de hoje, nos afasta de recursos naturais que dispomos no nosso pr\u00f3prio corpo, nas dimens\u00f5es de nosso ser que est\u00e3o em maior sintonia com o ritmo da natureza, exigindo que nos adaptemos ao tempo de um rel\u00f3gio que comanda nossa rotina, muitas vezes estressante e adoecedora&#8221;, ressalta a psic\u00f3loga.<\/p>\n<p>O convite da viv\u00eancia \u00e9 dar uma pausa para uma maior conex\u00e3o pessoal, atrav\u00e9s de recursos que ajudam essa<br \/>\nexpress\u00e3o, seja o contato com o nosso corpo, seja com materiais pl\u00e1sticos como o papel, o l\u00e1pis de cor ou outras linguagens art\u00edsticas como a m\u00fasica e, at\u00e9 mesmo, o estar em grupo. Utilizaremos tamb\u00e9m a ferramenta <em>Kindfulness<\/em>, uma pr\u00e1tica de medita\u00e7\u00e3o laica que integra aten\u00e7\u00e3o plena a partir dos estudos cient\u00edficos de Mindfulness, com habilidades de harmonia emocional. \u00c9 uma metodologia contemplativa desenvolvida pelo Instituto de Ci\u00eancias Contemplativas que tem como fundador Gabriel Jaeger (Lama Jigme Lhawang).<\/p>\n<p>Pausas, muitas vezes, s\u00e3o estrat\u00e9gias de ir al\u00e9m, de avan\u00e7ar em partes do caminho que n\u00e3o conseguimos, mas gostar\u00edamos. A pausa pode ser um espa\u00e7o de restaura\u00e7\u00e3o, de permitir regenerar o que naturalmente nosso corpo, nosso ser, tende a fazer e muitas vezes n\u00e3o consegue pela atribula\u00e7\u00e3o das exig\u00eancias do trabalho e dos v\u00e1rios pap\u00e9is que cumprimos socialmente. &#8220;Perceber a necessidade de pausas, preservar espa\u00e7os que nos permite essa conex\u00e3o conosco mesmo, organizar-se para incluir no nosso cotidiano pequenas paradas, cultivar momentos de leveza, praticar respiros e incluir no nosso planejamento espa\u00e7os que favore\u00e7am um modo de estar no mundo diferente, mais calmo, \u00e9 muito importante, e muitas vezes, essencial!&#8221;<\/p>\n<p>A oficina de Abertura de Ano se prop\u00f5e a ser um espa\u00e7o reservado para esse contato pessoal, para maior conex\u00e3o consigo, tendo como inspira\u00e7\u00e3o o novo ano que se inicia.<\/p>\n<p>SOBRE A FACILITADORA<br \/>\n<strong><img decoding=\"async\" loading=\"lazy\" class=\"wp-image-44922 alignleft\" src=\"https:\/\/portalfloresnoar.com\/floresnoar\/wp-content\/uploads\/2024\/02\/terapeuta-juliana-borges.jpeg\" alt=\"\" width=\"232\" height=\"183\" srcset=\"https:\/\/portalfloresnoar.com\/floresnoar\/wp-content\/uploads\/2024\/02\/terapeuta-juliana-borges.jpeg 562w, https:\/\/portalfloresnoar.com\/floresnoar\/wp-content\/uploads\/2024\/02\/terapeuta-juliana-borges-300x237.jpeg 300w\" sizes=\"(max-width: 232px) 100vw, 232px\" \/><\/strong><\/p>\n<p><strong>Juliana Borges<\/strong> \u00e9 psic\u00f3loga (CRP 02\/15082), mestre em Psicossociologia de Comunidades e Ecologia Social, especialista em Psicologia Cl\u00ednica de base Humanista e com forma\u00e7\u00e3o em Arte, Envelhecimento e pr\u00e1ticas contemplativas com metodologia Kindfulness. Al\u00e9m de viv\u00eancias terap\u00eauticas, realiza atendimentos on-line e presencial no Espa\u00e7o Mari Magliano Pilates, em Aldeia\/PE.<\/p>\n<p>&nbsp;<\/p>\n<p><strong>Inscri\u00e7\u00f5es:<\/strong><a href=\"https:\/\/docs.google.com\/forms\/d\/e\/1FAIpQLSePhKgruGcEnUvhXjs_s8WNDwP0Sdwj9m0imEKfG3tUa1YTqQ\/viewform\" target=\"_blank\" rel=\"noopener\"> https:\/\/docs.google.com\/forms\/d\/e\/1FAIpQLSePhKgruGcEnUvhXjs_s8WNDwP0Sdwj9m0imEKfG3tUa1YTqQ\/viewform<\/a><\/p>\n<p>SERVI\u00c7O<br \/>\n<strong>Viv\u00eancia &#8216;Pausa para Planejar 2024 &#8211; Express\u00e3o, Arte e Movimento Corporal&#8217;<\/strong><br \/>\n<strong>Data:<\/strong> 02\/03\/2024<br \/>\n<strong>Hora:<\/strong> 9h30 \u00e0s 12h<br \/>\n<strong>Local:<\/strong> Espa\u00e7o Mari Magliano Pilates,Km 4,5 &#8211; em Aldeia\/PE<\/p>\n<p>MAIS INFORMA\u00c7\u00d5ES<br \/>\n<strong>Fone\/ WhatsApp:<\/strong> 81 99812-6782<br \/>\n<strong>Instagram:<\/strong> <a href=\"https:\/\/www.instagram.com\/julianaborgespsi\/\">@julianaborgespsi<\/a><\/p>\n","protected":false},"excerpt":{"rendered":"<p>Passado o Carnaval, a psic\u00f3loga Juliana Borges realizar\u00e1, no pr\u00f3ximo s\u00e1bado (02\/03), a viv\u00eancia em grupo &#8216;Pausa para Planejar 2024 &#8211; Express\u00e3o, Arte e Movimento Corporal&#8217;, uma oficina de abertura de ano com o objetivo de aprofundar a autoconex\u00e3o, atrav\u00e9s de recursos que possibilitam o autocuidado e a express\u00e3o criativa. O encontro ser\u00e1 das 9h30 [&hellip;]<\/p>\n","protected":false},"author":1,"featured_media":44939,"comment_status":"open","ping_status":"open","sticky":false,"template":"","format":"standard","meta":{"om_disable_all_campaigns":false,"_monsterinsights_skip_tracking":false,"_monsterinsights_sitenote_active":false,"_monsterinsights_sitenote_note":"","_monsterinsights_sitenote_category":0,"footnotes":""},"categories":[8,214],"tags":[136,315,672,304],"acf":[],"publishpress_future_action":{"enabled":false,"date":"1969-12-31 21:00:00","action":"","terms":[],"taxonomy":"","browser_timezone_offset":0},"_links":{"self":[{"href":"https:\/\/portalfloresnoar.com\/floresnoar\/wp-json\/wp\/v2\/posts\/44916"}],"collection":[{"href":"https:\/\/portalfloresnoar.com\/floresnoar\/wp-json\/wp\/v2\/posts"}],"about":[{"href":"https:\/\/portalfloresnoar.com\/floresnoar\/wp-json\/wp\/v2\/types\/post"}],"author":[{"embeddable":true,"href":"https:\/\/portalfloresnoar.com\/floresnoar\/wp-json\/wp\/v2\/users\/1"}],"replies":[{"embeddable":true,"href":"https:\/\/portalfloresnoar.com\/floresnoar\/wp-json\/wp\/v2\/comments?post=44916"}],"version-history":[{"count":6,"href":"https:\/\/portalfloresnoar.com\/floresnoar\/wp-json\/wp\/v2\/posts\/44916\/revisions"}],"predecessor-version":[{"id":44947,"href":"https:\/\/portalfloresnoar.com\/floresnoar\/wp-json\/wp\/v2\/posts\/44916\/revisions\/44947"}],"wp:featuredmedia":[{"embeddable":true,"href":"https:\/\/portalfloresnoar.com\/floresnoar\/wp-json\/wp\/v2\/media\/44939"}],"wp:attachment":[{"href":"https:\/\/portalfloresnoar.com\/floresnoar\/wp-json\/wp\/v2\/media?parent=44916"}],"wp:term":[{"taxonomy":"category","embeddable":true,"href":"https:\/\/portalfloresnoar.com\/floresnoar\/wp-json\/wp\/v2\/categories?post=44916"},{"taxonomy":"post_tag","embeddable":true,"href":"https:\/\/portalfloresnoar.com\/floresnoar\/wp-json\/wp\/v2\/tags?post=44916"}],"curies":[{"name":"wp","href":"https:\/\/api.w.org\/{rel}","templated":true}]}}