

{"id":44911,"date":"2024-01-02T16:16:39","date_gmt":"2024-01-02T19:16:39","guid":{"rendered":"https:\/\/portalfloresnoar.com\/floresnoar\/?p=44911"},"modified":"2024-03-07T20:04:52","modified_gmt":"2024-03-07T23:04:52","slug":"agenda-df-4a-conferencia-nacional-de-cultura-acontece-de-4-a-8-de-marco-em-brasilia","status":"publish","type":"post","link":"https:\/\/portalfloresnoar.com\/floresnoar\/agenda-df-4a-conferencia-nacional-de-cultura-acontece-de-4-a-8-de-marco-em-brasilia\/","title":{"rendered":"[AGENDA DF] 4\u00aa Confer\u00eancia Nacional de Cultura acontece de 4 a 8 de mar\u00e7o em Bras\u00edlia"},"content":{"rendered":"<p><img decoding=\"async\" loading=\"lazy\" class=\" wp-image-44912 alignleft\" src=\"https:\/\/portalfloresnoar.com\/floresnoar\/wp-content\/uploads\/2024\/02\/4-conferencia-nacional-de-cultura-700x694.png\" alt=\"\" width=\"429\" height=\"425\" srcset=\"https:\/\/portalfloresnoar.com\/floresnoar\/wp-content\/uploads\/2024\/02\/4-conferencia-nacional-de-cultura-700x694.png 700w, https:\/\/portalfloresnoar.com\/floresnoar\/wp-content\/uploads\/2024\/02\/4-conferencia-nacional-de-cultura-300x297.png 300w, https:\/\/portalfloresnoar.com\/floresnoar\/wp-content\/uploads\/2024\/02\/4-conferencia-nacional-de-cultura-150x150.png 150w, https:\/\/portalfloresnoar.com\/floresnoar\/wp-content\/uploads\/2024\/02\/4-conferencia-nacional-de-cultura-100x100.png 100w, https:\/\/portalfloresnoar.com\/floresnoar\/wp-content\/uploads\/2024\/02\/4-conferencia-nacional-de-cultura.png 719w\" sizes=\"(max-width: 429px) 100vw, 429px\" \/>De 4 a 8 de mar\u00e7o de 2024, ser\u00e1 realizada pelo o Minist\u00e9rio da Cultura (MinC) a &#8216;4\u00aa Confer\u00eancia Nacional de Cultura (CNC)&#8217;, ap\u00f3s mais de dez anos desde a \u00faltima edi\u00e7\u00e3o.<\/p>\n<p>Com o tema \u201cDemocracia e Direito \u00e0 Cultura&#8221;, o evento dever\u00e1 reunir mais de 3 mil participantes de todo o Brasil no Centro de Conven\u00e7\u00f5es Ulysses Guimar\u00e3es, em Bras\u00edlia, para debater pol\u00edticas p\u00fablicas culturais e definir orienta\u00e7\u00f5es priorit\u00e1rias para assegurar transversalidades nas a\u00e7\u00f5es do setor. As propostas aprovadas durante o evento v\u00e3o embasar as diretrizes do novo Plano Nacional de Cultura (PNC), que nortear\u00e3o a pasta na pr\u00f3xima d\u00e9cada.<\/p>\n<p>\u201cEsperamos que a 4\u00aa Confer\u00eancia Nacional de Cultura (4\u00aa CNC) seja um ambiente de reflex\u00e3o cr\u00edtica, mas tamb\u00e9m de proposi\u00e7\u00f5es inventivas que far\u00e3o fortalecer os direitos culturais e o estado democr\u00e1tico de direito em nosso pa\u00eds\u201d, ressalta a ministra da Cultura Margareth Menezes, tamb\u00e9m presidenta da CNC.<\/p>\n<p>A ministra refor\u00e7a que a Confer\u00eancia ser\u00e1 a inst\u00e2ncia m\u00e1xima de participa\u00e7\u00e3o popular. \u201cVamos debater o papel da cultura no enfrentamento das desigualdades sociais, ao racismo, sexismo e todas as formas de discrimina\u00e7\u00e3o. Vamos aprofundar nossos entendimentos sobre o que significa federativar as pol\u00edticas culturais, para que qualquer cidad\u00e3o, no mais long\u00ednquo territ\u00f3rio do Brasil, tenha as condi\u00e7\u00f5es necess\u00e1rias de exercer seus direitos culturais\u201d, definiu.<\/p>\n<p>A 4\u00aa CNC \u00e9 realizada pelo MinC e pelo Conselho Nacional de Pol\u00edtica Cultural (CNPC), e co-realizada pela Organiza\u00e7\u00e3o dos Estados Ibero-Americanos (OEI). Al\u00e9m disso, conta com apoio da Faculdade Latino-Americana de Ci\u00eancias Sociais (Flacso Brasil).<\/p>\n<p><strong>Participantes<\/strong><br \/>\nH\u00e1 tr\u00eas categorias de participa\u00e7\u00e3o na 4\u00aa CNC: delegados (as), que t\u00eam direito a voz e voto; convidados (as), que t\u00eam direito a voz e observadores (as), que poder\u00e3o acompanhar todos os debates da Confer\u00eancia.<\/p>\n<p>Est\u00e3o sendo aguardados 1.354 delegados\/as escolhidos ap\u00f3s uma s\u00e9rie de confer\u00eancias regionais realizadas nos munic\u00edpios, nos 26 estados e no Distrito Federal. Nos encontros, os agentes culturais debateram as principais pautas tem\u00e1ticas acerca das necessidades espec\u00edficas de cada local e seus interlocutores. As propostas que ser\u00e3o apresentadas e discutidas durante o evento nasceram da constru\u00e7\u00e3o coletiva discutidas nestas etapas municipais e regionais.<\/p>\n<p><strong>Eixos tem\u00e1ticos<\/strong><br \/>\nNesta edi\u00e7\u00e3o, ser\u00e3o debatidos seis eixos tem\u00e1ticos importantes para democratiza\u00e7\u00e3o e inclus\u00e3o, s\u00e3o eles:<br \/>\n&#8211; Institucionaliza\u00e7\u00e3o, Marcos Legais e Sistema Nacional de Cultura (Eixo 1);<br \/>\n&#8211; Democratiza\u00e7\u00e3o do acesso \u00e0 cultura e Participa\u00e7\u00e3o Social (Eixo 2);<br \/>\n&#8211; Identidade, Patrim\u00f4nio e Mem\u00f3ria (Eixo 3);<br \/>\n&#8211; Diversidade Cultural e Transversalidades de G\u00eanero, Ra\u00e7a e Acessibilidade na Pol\u00edtica Cultural (Eixo 4);<br \/>\n&#8211; Economia Criativa, Trabalho, Renda e Sustentabilidade (Eixo 5);<br \/>\n&#8211; Direito \u00e0s Artes e Linguagens Digitais (Eixo 6).<\/p>\n<p><strong>Confer\u00eancias preparat\u00f3rias<\/strong><br \/>\nEm 2023 e 2024, o MinC realizou 11, de 13 Confer\u00eancias Tem\u00e1ticas em parcerias com outros minist\u00e9rios, Organiza\u00e7\u00f5es da Sociedade Civil (OSCs), universidades e governos locais. Os encontros abordaram os seguintes temas relevantes para o setor, levando em conta a diversidade e a pluralidade de ideias e regionalidades: Cultura e Direito \u00e0 Mem\u00f3ria \u2013 EMUSE, Cultura e Direito \u00e0 Cidade, Cultura e Juventude, Cultura e Igualdade Racial, Culturas Populares e Tradicionais, Trabalhadores da Cultura, Cultura e Educa\u00e7\u00e3o, Cultura LGBTQIA+, Cultura Digital, Cultura e Povos do Campo, \u00c1guas e Florestas, Cultura e Acessibilidade Cultural. A de Cultura e Inf\u00e2ncia ir\u00e1 acontecer nos dias 23 e 24\/02.<\/p>\n<p><strong>Outras confer\u00eancias<\/strong><br \/>\nA 1\u00aa CNC, no ano de 2005, teve como tema \u201cEstado e Sociedade Construindo Pol\u00edticas P\u00fablicas de Cultura\u201d. Em 2010, a 2\u00aa CNC tratou de \u201cCultura, Diversidade, Cidadania e Desenvolvimento\u201d. J\u00e1 a 3\u00aa CNC teve como tema geral: &#8220;Uma Pol\u00edtica de Estado para a Cultura: Desafios do Sistema Nacional de Cultura\u201d.<\/p>\n<p>*** PROGRAMA\u00c7\u00c3O ***<\/p>\n<p><strong>Segunda-feira (4\/03)<\/strong><br \/>\n9h &#8211; Atividades art\u00edsticas<br \/>\n9h \u00e0s 18h &#8211; Recep\u00e7\u00e3o e Credenciamento<br \/>\n12h30 \u00e0s 14h30 &#8211; Almo\u00e7o e Atividades art\u00edsticas<br \/>\n14h30 \u00e0s 17h &#8211; Encontros Nacionais Setoriais e Encontros Nacionais de Gestores<br \/>\n17h &#8211; Fala Inspiradora<br \/>\n18h &#8211; Abertura Oficial<\/p>\n<p><strong>Ter\u00e7a-feira (5\/03)<\/strong><br \/>\n9h &#8211; Atividades art\u00edsticas<br \/>\n9h \u00e0s 18h &#8211; Recep\u00e7\u00e3o e Credenciamento<br \/>\n9h \u00e0s 12h30 &#8211; Reuni\u00f5es Nacionais de Gestores e Reuni\u00f5es Nacionais Setoriais<br \/>\n12h30 \u00e0s 14h30 &#8211; Almo\u00e7o e Atividades art\u00edsticas<br \/>\n14h30 \u00e0s 19h &#8211; Plen\u00e1ria de Regulamento Interno da Etapa Nacional<br \/>\n19h &#8211; Lan\u00e7amento de Livros<br \/>\n19h \u00e0s 21h &#8211; Atividades Autogestionadas<br \/>\n19h \u00e0s 21h &#8211; Escuta ampliada da Comiss\u00e3o Tem\u00e1tica para Reformula\u00e7\u00e3o do Conselho Nacional de Pol\u00edtica Cultural<br \/>\n19h \u00e0s 21h &#8211; Jantar e Atividades art\u00edsticas<br \/>\n20h &#8211; Show (\u00e1rea externa)<\/p>\n<p><strong>Quarta-feira (6\/03)<\/strong><br \/>\n9h Atividades art\u00edsticas<br \/>\n9h \u00e0s 18h &#8211; In\u00edcio das Inscri\u00e7\u00f5es das Mo\u00e7\u00f5es<br \/>\n9h \u00e0s 12h30 &#8211; Grupos de Trabalho dos Eixos<br \/>\n12h30 \u00e0s 14h30 &#8211; Almo\u00e7o e Atividades art\u00edsticas<br \/>\n14h30 \u00e0s 19h &#8211; Grupos de Trabalho dos Eixos<br \/>\n19h &#8211; Lan\u00e7amento de Livros<br \/>\n19h \u00e0s 21h &#8211; Atividades Autogestionadas<br \/>\n19h \u00e0s 21h &#8211; Jantar e Atividades art\u00edsticas<br \/>\n20h &#8211; Show (\u00e1rea externa)<\/p>\n<p><strong>Quinta-feira (7\/03)<\/strong><br \/>\n9h &#8211; Atividades art\u00edsticas<br \/>\n9h \u00e0s 13h &#8211; Plen\u00e1ria dos 6 Eixos Tem\u00e1ticos<br \/>\n12h &#8211; Encerramento das inscri\u00e7\u00f5es das Mo\u00e7\u00f5es<br \/>\n12h30 \u00e0s 14h30 &#8211; Almo\u00e7o e Atividades art\u00edsticas<br \/>\n14h30 \u00e0s 17h &#8211; Plen\u00e1rias dos 6 Eixos Tem\u00e1ticos<br \/>\n17h30 \u00e0s 19h &#8211; Abertura da Plen\u00e1ria Final (Aprova\u00e7\u00e3o das Mo\u00e7\u00f5es)<br \/>\n19h &#8211; Lan\u00e7amento de Livros<br \/>\n19h \u00e0s 21h &#8211; Jantar e Atividades art\u00edsticas<br \/>\n20h &#8211; Show (\u00e1rea externa)<\/p>\n<p><strong>Sexta-feira (8\/03)<\/strong><br \/>\n9h &#8211; Atividades art\u00edsticas<br \/>\n9h \u00e0s 13h &#8211; Plen\u00e1ria final<br \/>\n12h30 \u00e0s 14h30 &#8211; Almo\u00e7o e atividades art\u00edsticas<br \/>\n14h30h \u00e0s 16h &#8211; Encerramento da Plen\u00e1ria final<br \/>\n17h &#8211; Show (\u00e1rea externa)<\/p>\n<p>SERVI\u00c7O<br \/>\n<strong>4\u00aa Confer\u00eancia Nacional de Cultura<\/strong><br \/>\n<strong>Data: <\/strong>4 a 8 de mar\u00e7o de 2024<br \/>\n<strong>Local:<\/strong> Centro de Conven\u00e7\u00f5es Ulysses Guimar\u00e3es\/ Bras\u00edlia<br \/>\n<strong>Mais informa\u00e7\u00f5es:<\/strong> <a href=\"https:\/\/www.gov.br\/cultura\/pt-br\/assuntos\/4a-conferencia-nacional-de-cultura-1\/4cnc\" target=\"_blank\" rel=\"noopener\">https:\/\/www.gov.br\/cultura\/pt-br\/assuntos\/4a-conferencia-nacional-de-cultura-1\/4cnc<\/a><\/p>\n","protected":false},"excerpt":{"rendered":"<p>De 4 a 8 de mar\u00e7o de 2024, ser\u00e1 realizada pelo o Minist\u00e9rio da Cultura (MinC) a &#8216;4\u00aa Confer\u00eancia Nacional de Cultura (CNC)&#8217;, ap\u00f3s mais de dez anos desde a \u00faltima edi\u00e7\u00e3o. Com o tema \u201cDemocracia e Direito \u00e0 Cultura&#8221;, o evento dever\u00e1 reunir mais de 3 mil participantes de todo o Brasil no Centro [&hellip;]<\/p>\n","protected":false},"author":1,"featured_media":44913,"comment_status":"open","ping_status":"open","sticky":false,"template":"","format":"standard","meta":{"om_disable_all_campaigns":false,"_monsterinsights_skip_tracking":false,"_monsterinsights_sitenote_active":false,"_monsterinsights_sitenote_note":"","_monsterinsights_sitenote_category":0,"footnotes":""},"categories":[8,337],"tags":[1500,153,318,154,1501,1502],"acf":[],"publishpress_future_action":{"enabled":false,"date":"1969-12-31 21:00:00","action":"","terms":[],"taxonomy":"","browser_timezone_offset":0},"_links":{"self":[{"href":"https:\/\/portalfloresnoar.com\/floresnoar\/wp-json\/wp\/v2\/posts\/44911"}],"collection":[{"href":"https:\/\/portalfloresnoar.com\/floresnoar\/wp-json\/wp\/v2\/posts"}],"about":[{"href":"https:\/\/portalfloresnoar.com\/floresnoar\/wp-json\/wp\/v2\/types\/post"}],"author":[{"embeddable":true,"href":"https:\/\/portalfloresnoar.com\/floresnoar\/wp-json\/wp\/v2\/users\/1"}],"replies":[{"embeddable":true,"href":"https:\/\/portalfloresnoar.com\/floresnoar\/wp-json\/wp\/v2\/comments?post=44911"}],"version-history":[{"count":1,"href":"https:\/\/portalfloresnoar.com\/floresnoar\/wp-json\/wp\/v2\/posts\/44911\/revisions"}],"predecessor-version":[{"id":44914,"href":"https:\/\/portalfloresnoar.com\/floresnoar\/wp-json\/wp\/v2\/posts\/44911\/revisions\/44914"}],"wp:featuredmedia":[{"embeddable":true,"href":"https:\/\/portalfloresnoar.com\/floresnoar\/wp-json\/wp\/v2\/media\/44913"}],"wp:attachment":[{"href":"https:\/\/portalfloresnoar.com\/floresnoar\/wp-json\/wp\/v2\/media?parent=44911"}],"wp:term":[{"taxonomy":"category","embeddable":true,"href":"https:\/\/portalfloresnoar.com\/floresnoar\/wp-json\/wp\/v2\/categories?post=44911"},{"taxonomy":"post_tag","embeddable":true,"href":"https:\/\/portalfloresnoar.com\/floresnoar\/wp-json\/wp\/v2\/tags?post=44911"}],"curies":[{"name":"wp","href":"https:\/\/api.w.org\/{rel}","templated":true}]}}