

{"id":44899,"date":"2024-01-01T06:49:39","date_gmt":"2024-01-01T09:49:39","guid":{"rendered":"https:\/\/portalfloresnoar.com\/floresnoar\/?p=44899"},"modified":"2024-03-26T10:25:07","modified_gmt":"2024-03-26T13:25:07","slug":"espaco-gerar-disponibiliza-sala-para-locacao-no-recife","status":"publish","type":"post","link":"https:\/\/portalfloresnoar.com\/floresnoar\/espaco-gerar-disponibiliza-sala-para-locacao-no-recife\/","title":{"rendered":"Espa\u00e7o Gerar disponibiliza loca\u00e7\u00e3o de sala para terapeutas no Recife"},"content":{"rendered":"<p><img decoding=\"async\" loading=\"lazy\" class=\" wp-image-44900 alignleft\" src=\"https:\/\/portalfloresnoar.com\/floresnoar\/wp-content\/uploads\/2024\/02\/aluguel-sala-para-terapeuta-recife-560x700.jpeg\" alt=\"\" width=\"403\" height=\"504\" srcset=\"https:\/\/portalfloresnoar.com\/floresnoar\/wp-content\/uploads\/2024\/02\/aluguel-sala-para-terapeuta-recife-560x700.jpeg 560w, https:\/\/portalfloresnoar.com\/floresnoar\/wp-content\/uploads\/2024\/02\/aluguel-sala-para-terapeuta-recife-240x300.jpeg 240w, https:\/\/portalfloresnoar.com\/floresnoar\/wp-content\/uploads\/2024\/02\/aluguel-sala-para-terapeuta-recife-768x960.jpeg 768w, https:\/\/portalfloresnoar.com\/floresnoar\/wp-content\/uploads\/2024\/02\/aluguel-sala-para-terapeuta-recife.jpeg 1024w\" sizes=\"(max-width: 403px) 100vw, 403px\" \/>O Espa\u00e7o Gerar &#8211; Psicologia, Arteterapia e Bem-Estar est\u00e1 disponibilizando, no bairro do Po\u00e7o da Panela, no Recife, a loca\u00e7\u00e3o de uma sala voltada para terapeuta que pretenda realizar seus atendimentos de segunda a sexta-feira. O hor\u00e1rio de funcionamento \u00e9 de 8h \u00e0s 21h.<\/p>\n<p>A sala tem 8,90 m\u00b2, contando com banheiro privativo, e encontra-se vazia para ser mobiliada e decorada de acordo com o gosto da pessoa que a ocupar. Quem se interessar em conhecer, pode agendar uma visita!<\/p>\n<p>SOBRE O ESPA\u00c7O GERAR<br \/>\nCom 19 anos de exist\u00eancia, o Espa\u00e7o Gerar \u00e9 refer\u00eancia regional em Sa\u00fade Mental, promovendo sa\u00fade e qualidade de vida, atrav\u00e9s do oferecimento de diversas abordagens terap\u00eauticas, como:<br \/>\n&gt;&gt;&gt; Psicologia (Psicologia Junguiana, Bioenerg\u00e9tica, Gestalt e TCC)<br \/>\n&gt;&gt;&gt; Arteterapia<br \/>\n&gt;&gt;&gt; Psiquiatria<br \/>\n&gt;&gt;&gt; Pr\u00e1ticas integrativas (Reiki, Hipnoterapia, Aromaterapia, Terapia Floral, Cristaloterapia, ThetaHealing, Barras de Access, Yogaterapia, Mindfulness, entre outras).<\/p>\n<p>Atualmente, cerca de 30 profissionais de sa\u00fade comp\u00f5em a equipe do Gerar. O espa\u00e7o oferece salas para loca\u00e7\u00e3o, subloca\u00e7\u00e3o por turno, al\u00e9m de contar com alguns projetos, como o \u2018Gerando Cuidado\u2019 e o \u2018Gerar nas Empresas\u2019, al\u00e9m do\u00a0<a href=\"https:\/\/www.gerarterapias.com.br\/\" target=\"_blank\" rel=\"noopener\">Gerar On-Line<\/a>, uma plataforma digital de atendimentos terap\u00eauticos<\/p>\n<p>O projeto \u2018Gerando Cuidado\u2019 oferece atendimentos terap\u00eauticos com valor social, visando beneficiar pessoas que n\u00e3o est\u00e3o em condi\u00e7\u00f5es financeiras de pagar o valor integral. J\u00e1 o \u2018Gerar nas Empresas\u2019, atrav\u00e9s de parcerias, oferta viv\u00eancias em grupo, consultoria em desenvolvimento humano, atendimentos terap\u00eauticos com valores diferenciados e sele\u00e7\u00e3o de pessoal, a partir de entrevistas e processos criativos. Mais informa\u00e7\u00f5es,\u00a0<strong><a href=\"https:\/\/portalfloresnoar.com\/floresnoar\/espaco-gerar-lanca-o-projeto-gerar-nas-empresas\/\" target=\"_blank\" rel=\"noopener\">neste link<\/a><\/strong>!<\/p>\n<p><strong>Endere\u00e7o:<\/strong> Rua Luiz Guimar\u00e3es, 253, Po\u00e7o da Panela, Recife\/PE<br \/>\n(Mapa com a localiza\u00e7\u00e3o: <a href=\"https:\/\/maps.app.goo.gl\/kZCHrg1TKRm8Qhmv9\" target=\"_blank\" rel=\"noopener\">https:\/\/maps.app.goo.gl\/kZCHrg1TKRm8Qhmv9<\/a>)<\/p>\n<p>AGENDAMENTO DE VISITAS E MAIS INFORMA\u00c7\u00d5ES<br \/>\n<strong>WhatsApp:<\/strong> (81) 997606383<\/p>\n","protected":false},"excerpt":{"rendered":"<p>O Espa\u00e7o Gerar &#8211; Psicologia, Arteterapia e Bem-Estar est\u00e1 disponibilizando, no bairro do Po\u00e7o da Panela, no Recife, a loca\u00e7\u00e3o de uma sala voltada para terapeuta que pretenda realizar seus atendimentos de segunda a sexta-feira. O hor\u00e1rio de funcionamento \u00e9 de 8h \u00e0s 21h. A sala tem 8,90 m\u00b2, contando com banheiro privativo, e encontra-se [&hellip;]<\/p>\n","protected":false},"author":1,"featured_media":44901,"comment_status":"open","ping_status":"open","sticky":false,"template":"","format":"standard","meta":{"om_disable_all_campaigns":false,"_monsterinsights_skip_tracking":false,"_monsterinsights_sitenote_active":false,"_monsterinsights_sitenote_note":"","_monsterinsights_sitenote_category":0,"footnotes":""},"categories":[9],"tags":[325,1057,81,118,127],"acf":[],"publishpress_future_action":{"enabled":false,"date":"1969-12-31 21:00:00","action":"","terms":[],"taxonomy":"","browser_timezone_offset":0},"_links":{"self":[{"href":"https:\/\/portalfloresnoar.com\/floresnoar\/wp-json\/wp\/v2\/posts\/44899"}],"collection":[{"href":"https:\/\/portalfloresnoar.com\/floresnoar\/wp-json\/wp\/v2\/posts"}],"about":[{"href":"https:\/\/portalfloresnoar.com\/floresnoar\/wp-json\/wp\/v2\/types\/post"}],"author":[{"embeddable":true,"href":"https:\/\/portalfloresnoar.com\/floresnoar\/wp-json\/wp\/v2\/users\/1"}],"replies":[{"embeddable":true,"href":"https:\/\/portalfloresnoar.com\/floresnoar\/wp-json\/wp\/v2\/comments?post=44899"}],"version-history":[{"count":5,"href":"https:\/\/portalfloresnoar.com\/floresnoar\/wp-json\/wp\/v2\/posts\/44899\/revisions"}],"predecessor-version":[{"id":45012,"href":"https:\/\/portalfloresnoar.com\/floresnoar\/wp-json\/wp\/v2\/posts\/44899\/revisions\/45012"}],"wp:featuredmedia":[{"embeddable":true,"href":"https:\/\/portalfloresnoar.com\/floresnoar\/wp-json\/wp\/v2\/media\/44901"}],"wp:attachment":[{"href":"https:\/\/portalfloresnoar.com\/floresnoar\/wp-json\/wp\/v2\/media?parent=44899"}],"wp:term":[{"taxonomy":"category","embeddable":true,"href":"https:\/\/portalfloresnoar.com\/floresnoar\/wp-json\/wp\/v2\/categories?post=44899"},{"taxonomy":"post_tag","embeddable":true,"href":"https:\/\/portalfloresnoar.com\/floresnoar\/wp-json\/wp\/v2\/tags?post=44899"}],"curies":[{"name":"wp","href":"https:\/\/api.w.org\/{rel}","templated":true}]}}