

{"id":44870,"date":"2024-02-07T09:49:14","date_gmt":"2024-02-07T12:49:14","guid":{"rendered":"https:\/\/portalfloresnoar.com\/floresnoar\/?p=44870"},"modified":"2024-02-07T09:49:14","modified_gmt":"2024-02-07T12:49:14","slug":"chamo-estrela-plutao-em-aquario-o-futuro-em-crise","status":"publish","type":"post","link":"https:\/\/portalfloresnoar.com\/floresnoar\/chamo-estrela-plutao-em-aquario-o-futuro-em-crise\/","title":{"rendered":"[CHAMO ESTRELA] Plut\u00e3o em Aqu\u00e1rio \u2013 o futuro em crise"},"content":{"rendered":"<p><img decoding=\"async\" loading=\"lazy\" class=\"aligncenter size-large wp-image-44871\" src=\"https:\/\/portalfloresnoar.com\/floresnoar\/wp-content\/uploads\/2024\/02\/plutao-em-aquario-2024-700x390.jpg\" alt=\"\" width=\"700\" height=\"390\" srcset=\"https:\/\/portalfloresnoar.com\/floresnoar\/wp-content\/uploads\/2024\/02\/plutao-em-aquario-2024-700x390.jpg 700w, https:\/\/portalfloresnoar.com\/floresnoar\/wp-content\/uploads\/2024\/02\/plutao-em-aquario-2024-300x167.jpg 300w, https:\/\/portalfloresnoar.com\/floresnoar\/wp-content\/uploads\/2024\/02\/plutao-em-aquario-2024-768x428.jpg 768w, https:\/\/portalfloresnoar.com\/floresnoar\/wp-content\/uploads\/2024\/02\/plutao-em-aquario-2024-1536x855.jpg 1536w, https:\/\/portalfloresnoar.com\/floresnoar\/wp-content\/uploads\/2024\/02\/plutao-em-aquario-2024.jpg 2048w\" sizes=\"(max-width: 700px) 100vw, 700px\" \/><\/p>\n<p>|\u00a0<em>Por Ana Ghandra*<\/em>\u00a0|<\/p>\n<p>O m\u00eas de fevereiro chega balan\u00e7ando nossas seguran\u00e7as e nos mostrando o que est\u00e1 por vir&#8230;\u00e9 um m\u00eas para se tomar nota, avaliar o novo que nos bate \u00e0 porta e ter firmeza para encarar o que ser\u00e1 trazido \u00e0 superf\u00edcie. Em alguns casos, poderemos ficar consideravelmente chocados com o que ser\u00e1 exposto.<\/p>\n<p>Plut\u00e3o fez uma breve passagem por Aqu\u00e1rio, durante final de mar\u00e7o at\u00e9 in\u00edcio de junho, em 2023. Por\u00e9m, agora temos este planeta &#8211; que evoca crises, transforma\u00e7\u00f5es, mortes (simb\u00f3licas ou literais) &#8211; fazendo tr\u00eas poderosas conjun\u00e7\u00f5es a 0 grau com Merc\u00fario (dia 5), Marte (dia 14) e V\u00eanus (dia 16), todas agora em fevereiro.<\/p>\n<p>A conjun\u00e7\u00e3o \u00e9 um aspecto que potencializa a for\u00e7a dos planetas envolvidos (para o bem ou para o mal). Aqui neste caso, o fato dessas conjun\u00e7\u00f5es ocorrerem todas a 0 grau, visto que Plut\u00e3o acaba de ingressar em um novo territ\u00f3rio, teremos importantes pistas sobre quais assuntos estar\u00e3o no foco de Plut\u00e3o, neste primeiro momento, tanto em nossas vidas pessoais como coletivas (Plut\u00e3o est\u00e1 em Aqu\u00e1rio, signo que se refere a grupos, amigos, o povo).<\/p>\n<p>Plut\u00e3o trabalha em n\u00f3s atrav\u00e9s das crises. Ele exp\u00f5e o que estava escondido, escancara sombras e nos exige coragem de atravessar terrenos hostis, testando nossa capacidade de renascer.<\/p>\n<p>Sua paleta abrange abusos, corrup\u00e7\u00e3o, assuntos tabus, sexualidade, obsess\u00f5es, ci\u00fames, controle, poder, manipula\u00e7\u00e3o, mas tamb\u00e9m cura, transmuta\u00e7\u00e3o, sair mais forte depois de uma purga, renascimento.<\/p>\n<p>\u00c9 dessa forma que ele exige mudan\u00e7as e nos impede de fugir de suas \u00e1rduas tarefas; por\u00e9m nos presenteia com sua capacidade de alquimizar toda mazela em for\u00e7a a fim de ultrapassar desafios.<\/p>\n<p>A primeira conjun\u00e7\u00e3o ocorreu no dia 05\/02, quando Merc\u00fario (o planeta mensageiro) encontrou o Senhor do submundo (Plut\u00e3o). As not\u00edcias nos chegam de forma inesperada e podemos ter insights poderosos sobre o que est\u00e1 por vir. Podem ser ideias geniais (Aqu\u00e1rio \u00e9 conhecido por sua mente vision\u00e1ria), podem ser mensagens impactantes (Plut\u00e3o com Merc\u00fario \u00e9 o detetive que desvenda o mist\u00e9rio).<\/p>\n<p>De qualquer maneira, a mente pode nos servir para forjar o caminho que devemos seguir, pois temos ind\u00edcios do futuro. Contudo, podemos n\u00e3o gostar nem um pouco do que se apresenta, podemos acessar medos e receios, e aqui reside o material de transmuta\u00e7\u00e3o que Plut\u00e3o nos oferece, quase sempre, sem a gente pedir.<\/p>\n<p>Como Merc\u00fario fala da mente e Plut\u00e3o de crises, a mente pode estar sobrecarregada de pensamentos e, neste turbilh\u00e3o de demandas cerebrais, podemos nos sentir extremamente ansiosos, obsessivos, pessimistas e sombrios.<\/p>\n<p>O futuro (Aqu\u00e1rio) est\u00e1 em cheque em nossa humanidade. Aquecimento global, guerras, desigualdade, capitalismo brutal, Intelig\u00eancia Artificial acabando com milh\u00f5es de empregos, e temos dificuldade em vislumbrar um desfecho feliz. Por\u00e9m nunca fora t\u00e3o urgente termos \u201cideias para adiar o fim do mundo\u201d.<\/p>\n<p>Lembrando que Aqu\u00e1rio tamb\u00e9m nos fala das revolu\u00e7\u00f5es, de novas formas de pensar o mundo, nosso impacto no planeta, pensando em gest\u00f5es coletivas, mais humanit\u00e1rias e horizontais.<\/p>\n<p>A outra conjun\u00e7\u00e3o que Plut\u00e3o ir\u00e1 realizar ser\u00e1 no dia 14\/02 (quarta-feira de cinzas) com Marte (planeta da a\u00e7\u00e3o e da vontade, mas tamb\u00e9m da guerra). Esta posi\u00e7\u00e3o explosiva pode gerar gatilhos para atitudes violentas, crises ou a\u00e7\u00f5es que precisam ser tomadas, para al\u00e9m da nossa vontade.<\/p>\n<p>Podemos nos sentir aprisionados de alguma forma e desta sensa\u00e7\u00e3o brotar uma necessidade urgente de quebrar as correntes. Isso pode se desdobrar de in\u00fameras maneiras, independente de como seja, com Plut\u00e3o na jogada nada \u00e9 indolor, muito menos simples.<\/p>\n<p>Na sombra deste aspecto h\u00e1 possibilidades de rompimentos, acidentes, cortes, brigas, agress\u00f5es, explos\u00f5es. Em sua vers\u00e3o mais luminosa, trata-se de um grito de liberdade.<\/p>\n<p>E, por fim, temos V\u00eanus (planeta que nos remete \u00e0s rela\u00e7\u00f5es, finan\u00e7as e afins) se encontrando com Plut\u00e3o, marcando um in\u00edcio sobre novas formas de se vincular. A V\u00eanus em Aqu\u00e1rio preza pela liberdade, pelas rela\u00e7\u00f5es com os grupos, pelas amizades, por seus ideais.<\/p>\n<p>Com Plut\u00e3o a seu lado, esta V\u00eanus passa por um dif\u00edcil teste de lealdade. Choques entre amores e amizades podem acontecer, al\u00e9m de ci\u00fames e formas de controle sobre quem voc\u00ea pode ou n\u00e3o se relacionar.<\/p>\n<p>Rela\u00e7\u00f5es abusivas ficam expostas com V\u00eanus conjunta a Plut\u00e3o de maneira tal que impele a uma transforma\u00e7\u00e3o. Qualquer tipo de comportamento muito ego\u00edsta, demandoso de aten\u00e7\u00e3o a todo momento, pode sofrer com este posicionamento, que exp\u00f5e car\u00eancias. As amizades tamb\u00e9m estar\u00e3o sob o crivo sombrio de Plut\u00e3o. Quem \u00e9 seu amigo de verdade? Em quem voc\u00ea realmente pode confiar?<\/p>\n<p>E por fim, como se n\u00e3o bastasse tamanha intensidade, no dia 19 de fevereiro, ainda teremos Qu\u00edron (aster\u00f3ide que simboliza a ferida e a cura) fazendo uma conjun\u00e7\u00e3o com o Nodo Norte em \u00c1ries, no grau 16 deste que \u00e9 o primeiro signo do zod\u00edaco. Qualquer conjun\u00e7\u00e3o ao Nodo Norte marca um in\u00edcio que se desdobra durante muitos anos.<\/p>\n<p>Qu\u00edron, em seu mito, vivencia uma jornada de cura, em rela\u00e7\u00e3o a sentimentos dolorosos como exclus\u00e3o, rejei\u00e7\u00e3o, vergonha e inadequa\u00e7\u00e3o. Ao se mover em prol de sua cura, Qu\u00edron, em sua caminhada, conhece pessoas e lugares com quem aprende in\u00fameras li\u00e7\u00f5es. E desta imers\u00e3o Qu\u00edron desenvolve poderes curativos e passa a curar outras pessoas, por\u00e9m ele pr\u00f3prio n\u00e3o consegue se curar.<\/p>\n<p>Em \u00c1ries, a ferida de Qu\u00edron se expressa atrav\u00e9s da agressividade, individualismo, competi\u00e7\u00e3o, territorialismo e impulsividade (sombras arianas). A cura nos pede que caminhemos em dire\u00e7\u00e3o \u00e0s virtudes arianas de autonomia, ser quem se \u00e9, coragem para agir, capacidade de confiar em si e honrar a pr\u00f3pria exist\u00eancia.<\/p>\n<p>Teremos um poderoso Eclipse Solar, no dia 8 de abril, onde esses temas de Qu\u00edron estar\u00e3o no centro de nossas vidas. 2024 \u00e9 um ano de cura, por\u00e9m antes da cura \u00e9 preciso reconhecer a doen\u00e7a.<\/p>\n<p>Plut\u00e3o nos convida a este profundo estudo sobre a psique humana, revelando a p\u00e9rola perdida na sujeira. Qu\u00edron nos coloca na estrada, a trilhar um novo caminho, para adquirir sabedoria e humildade nesta aventura emocionante e por tantas vezes tortuosa que \u00e9 viver.<\/p>\n<p>O futuro se mostra temeroso, por\u00e9m n\u00f3s n\u00e3o temos outro caminho, outro planeta. Nestes pr\u00f3ximos 20 anos, enquanto Plut\u00e3o transitar por Aqu\u00e1rio, veremos o qu\u00e3o importante \u00e9 a uni\u00e3o, se realmente quisermos mudar o que est\u00e1 estabelecido em nossa exist\u00eancia aqui.<\/p>\n<p><img decoding=\"async\" loading=\"lazy\" class=\"wp-image-40804 alignleft\" src=\"https:\/\/portalfloresnoar.com\/floresnoar\/wp-content\/uploads\/2022\/01\/astrologa-ana-ghandra-525x700@2x.jpeg\" sizes=\"(max-width: 202px) 100vw, 202px\" srcset=\"https:\/\/portalfloresnoar.com\/floresnoar\/wp-content\/uploads\/2022\/01\/astrologa-ana-ghandra-525x700.jpeg 525w, https:\/\/portalfloresnoar.com\/floresnoar\/wp-content\/uploads\/2022\/01\/astrologa-ana-ghandra-225x300.jpeg 225w, https:\/\/portalfloresnoar.com\/floresnoar\/wp-content\/uploads\/2022\/01\/astrologa-ana-ghandra-768x1024.jpeg 768w, https:\/\/portalfloresnoar.com\/floresnoar\/wp-content\/uploads\/2022\/01\/astrologa-ana-ghandra.jpeg 1200w\" alt=\"\" width=\"202\" height=\"269\" \/><\/p>\n<p>&nbsp;<\/p>\n<p><em>* Ana Ghandra \u00e9 mineira, radicada na Chapada Diamantina. H\u00e1 20 anos estuda Astrologia e pratica a interpreta\u00e7\u00e3o de mapas. Nos \u00faltimos anos tem dedicado sua pesquisa \u00e0 fomenta\u00e7\u00e3o de pontes entre a Astrologia, a contemporaneidade, a espiritualidade e a pol\u00edtica.<\/em><\/p>\n<p><strong><em>* CONTATOS<\/em><\/strong><br \/>\n<em><strong>E-mail:<\/strong>\u00a0anaghandra@gmail.com<\/em><br \/>\n<em><strong>Instagram:<\/strong>\u00a0<a href=\"https:\/\/www.instagram.com\/anaghandra\/\" target=\"_blank\" rel=\"noopener\">@anaghandra<\/a><\/em><\/p>\n","protected":false},"excerpt":{"rendered":"<p>|\u00a0Por Ana Ghandra*\u00a0| O m\u00eas de fevereiro chega balan\u00e7ando nossas seguran\u00e7as e nos mostrando o que est\u00e1 por vir&#8230;\u00e9 um m\u00eas para se tomar nota, avaliar o novo que nos bate \u00e0 porta e ter firmeza para encarar o que ser\u00e1 trazido \u00e0 superf\u00edcie. Em alguns casos, poderemos ficar consideravelmente chocados com o que ser\u00e1 [&hellip;]<\/p>\n","protected":false},"author":1,"featured_media":44871,"comment_status":"open","ping_status":"open","sticky":false,"template":"","format":"standard","meta":{"om_disable_all_campaigns":false,"_monsterinsights_skip_tracking":false,"_monsterinsights_sitenote_active":false,"_monsterinsights_sitenote_note":"","_monsterinsights_sitenote_category":0,"footnotes":""},"categories":[1086,220],"tags":[1205,785,499,18,1242,1496],"acf":[],"publishpress_future_action":{"enabled":false,"date":"1969-12-31 21:00:00","action":"","terms":[],"taxonomy":"","browser_timezone_offset":0},"_links":{"self":[{"href":"https:\/\/portalfloresnoar.com\/floresnoar\/wp-json\/wp\/v2\/posts\/44870"}],"collection":[{"href":"https:\/\/portalfloresnoar.com\/floresnoar\/wp-json\/wp\/v2\/posts"}],"about":[{"href":"https:\/\/portalfloresnoar.com\/floresnoar\/wp-json\/wp\/v2\/types\/post"}],"author":[{"embeddable":true,"href":"https:\/\/portalfloresnoar.com\/floresnoar\/wp-json\/wp\/v2\/users\/1"}],"replies":[{"embeddable":true,"href":"https:\/\/portalfloresnoar.com\/floresnoar\/wp-json\/wp\/v2\/comments?post=44870"}],"version-history":[{"count":1,"href":"https:\/\/portalfloresnoar.com\/floresnoar\/wp-json\/wp\/v2\/posts\/44870\/revisions"}],"predecessor-version":[{"id":44872,"href":"https:\/\/portalfloresnoar.com\/floresnoar\/wp-json\/wp\/v2\/posts\/44870\/revisions\/44872"}],"wp:featuredmedia":[{"embeddable":true,"href":"https:\/\/portalfloresnoar.com\/floresnoar\/wp-json\/wp\/v2\/media\/44871"}],"wp:attachment":[{"href":"https:\/\/portalfloresnoar.com\/floresnoar\/wp-json\/wp\/v2\/media?parent=44870"}],"wp:term":[{"taxonomy":"category","embeddable":true,"href":"https:\/\/portalfloresnoar.com\/floresnoar\/wp-json\/wp\/v2\/categories?post=44870"},{"taxonomy":"post_tag","embeddable":true,"href":"https:\/\/portalfloresnoar.com\/floresnoar\/wp-json\/wp\/v2\/tags?post=44870"}],"curies":[{"name":"wp","href":"https:\/\/api.w.org\/{rel}","templated":true}]}}