

{"id":44866,"date":"2024-02-01T01:54:12","date_gmt":"2024-02-01T04:54:12","guid":{"rendered":"https:\/\/portalfloresnoar.com\/floresnoar\/?p=44866"},"modified":"2024-02-14T20:04:23","modified_gmt":"2024-02-14T23:04:23","slug":"movimento-bora-ver-convida-a-populacao-a-prestigiar-os-desfiles-das-agremiacoes-no-carnaval-do-recife","status":"publish","type":"post","link":"https:\/\/portalfloresnoar.com\/floresnoar\/movimento-bora-ver-convida-a-populacao-a-prestigiar-os-desfiles-das-agremiacoes-no-carnaval-do-recife\/","title":{"rendered":"Movimento BORA VER convida a popula\u00e7\u00e3o a prestigiar os desfiles das agremia\u00e7\u00f5es no Carnaval do Recife"},"content":{"rendered":"<p><img decoding=\"async\" loading=\"lazy\" class=\"aligncenter wp-image-44847\" src=\"https:\/\/portalfloresnoar.com\/floresnoar\/wp-content\/uploads\/2024\/02\/campanha-bora-ver-700x700.jpeg\" alt=\"\" width=\"593\" height=\"593\" srcset=\"https:\/\/portalfloresnoar.com\/floresnoar\/wp-content\/uploads\/2024\/02\/campanha-bora-ver-700x700.jpeg 700w, https:\/\/portalfloresnoar.com\/floresnoar\/wp-content\/uploads\/2024\/02\/campanha-bora-ver-300x300.jpeg 300w, https:\/\/portalfloresnoar.com\/floresnoar\/wp-content\/uploads\/2024\/02\/campanha-bora-ver-150x150.jpeg 150w, https:\/\/portalfloresnoar.com\/floresnoar\/wp-content\/uploads\/2024\/02\/campanha-bora-ver-768x768.jpeg 768w, https:\/\/portalfloresnoar.com\/floresnoar\/wp-content\/uploads\/2024\/02\/campanha-bora-ver-100x100.jpeg 100w, https:\/\/portalfloresnoar.com\/floresnoar\/wp-content\/uploads\/2024\/02\/campanha-bora-ver.jpeg 1080w\" sizes=\"(max-width: 593px) 100vw, 593px\" \/><\/p>\n<p>Um dos mais belos momentos do Carnaval recifense \u00e9 o Concurso de Agremia\u00e7\u00f5es, com desfiles de caboclinhos, blocos de pau e corda, tro\u00e7as carnavalescas, maracatus de baque solto, maracatus de baque virado, escolas de samba, clubes de frevo, clubes de boneco, bois e ursos.<\/p>\n<p>E para chamar as pessoas a irem assistir e prestigiar os desfiles, a Casa Astral, o mestre Manoelzinho Salustiano e v\u00e1rios artistas lan\u00e7aram o movimento colaborativo e coletivo BORA VER.<\/p>\n<p>&#8220;Vamos valorizar as agremia\u00e7\u00f5es e toda a gente carnavalesca, que se prepara o ano inteiro para abrilhantarem o nosso Carnaval com suas cores, dan\u00e7as, sons\u2026 \u00e9 a arte popular, que faz a cultura seguir viva, com nossas representa\u00e7\u00f5es mais nobres&#8221;, convida Guida Gomes, gestora da Casa Astral.<\/p>\n<p><strong>Para participar do movimento \u00e9 s\u00f3 seguir os pr\u00f3ximos passos:<\/strong><\/p>\n<p>1 &#8211; Fa\u00e7a um v\u00eddeo de at\u00e9 1 minuto com o celular na vertical.<\/p>\n<p>2 &#8211; No v\u00eddeo, fale seu nome, o que voc\u00ea faz e de onde voc\u00ea est\u00e1 falando.<\/p>\n<p>3 &#8211; Agora, \u00e9 hora de fazer aquele convite todo especial chamando todo mundo pra assistir o Desfile das Agremia\u00e7\u00f5es, que \u00e9 parte fundamental da nossa cultura e merece toda nossa aten\u00e7\u00e3o e admira\u00e7\u00e3o. Poste o v\u00eddeo em suas redes sociais!<\/p>\n<p>Voc\u00ea pode usar a imagina\u00e7\u00e3o para convidar a galera\u2026 Pode ser cantando, dan\u00e7ando, tocando algum instrumento, declamando uma poesia, um cordel ou simplesmente falando, o que importa \u00e9 fazer com alegria e cora\u00e7\u00e3o.<\/p>\n<p>Os desfiles do Grupo Especial acontecer\u00e3o na Avenida Dantas Barreto, no centro do Recife, no domingo, segunda e ter\u00e7a de Carnaval. J\u00e1 os Grupos de Acesso desfilar\u00e3o na Avenida do Forte, no bairro do Cordeiro, na sexta-feira, domingo, segunda e ter\u00e7a de Carnaval.<\/p>\n<p>Bora Ver!!!<\/p>\n","protected":false},"excerpt":{"rendered":"<p>Um dos mais belos momentos do Carnaval recifense \u00e9 o Concurso de Agremia\u00e7\u00f5es, com desfiles de caboclinhos, blocos de pau e corda, tro\u00e7as carnavalescas, maracatus de baque solto, maracatus de baque virado, escolas de samba, clubes de frevo, clubes de boneco, bois e ursos. E para chamar as pessoas a irem assistir e prestigiar os [&hellip;]<\/p>\n","protected":false},"author":1,"featured_media":44868,"comment_status":"open","ping_status":"open","sticky":false,"template":"","format":"standard","meta":{"om_disable_all_campaigns":false,"_monsterinsights_skip_tracking":false,"_monsterinsights_sitenote_active":false,"_monsterinsights_sitenote_note":"","_monsterinsights_sitenote_category":0,"footnotes":""},"categories":[9],"tags":[108,373],"acf":[],"publishpress_future_action":{"enabled":false,"date":"1969-12-31 21:00:00","action":"","terms":[],"taxonomy":"","browser_timezone_offset":0},"_links":{"self":[{"href":"https:\/\/portalfloresnoar.com\/floresnoar\/wp-json\/wp\/v2\/posts\/44866"}],"collection":[{"href":"https:\/\/portalfloresnoar.com\/floresnoar\/wp-json\/wp\/v2\/posts"}],"about":[{"href":"https:\/\/portalfloresnoar.com\/floresnoar\/wp-json\/wp\/v2\/types\/post"}],"author":[{"embeddable":true,"href":"https:\/\/portalfloresnoar.com\/floresnoar\/wp-json\/wp\/v2\/users\/1"}],"replies":[{"embeddable":true,"href":"https:\/\/portalfloresnoar.com\/floresnoar\/wp-json\/wp\/v2\/comments?post=44866"}],"version-history":[{"count":1,"href":"https:\/\/portalfloresnoar.com\/floresnoar\/wp-json\/wp\/v2\/posts\/44866\/revisions"}],"predecessor-version":[{"id":44869,"href":"https:\/\/portalfloresnoar.com\/floresnoar\/wp-json\/wp\/v2\/posts\/44866\/revisions\/44869"}],"wp:featuredmedia":[{"embeddable":true,"href":"https:\/\/portalfloresnoar.com\/floresnoar\/wp-json\/wp\/v2\/media\/44868"}],"wp:attachment":[{"href":"https:\/\/portalfloresnoar.com\/floresnoar\/wp-json\/wp\/v2\/media?parent=44866"}],"wp:term":[{"taxonomy":"category","embeddable":true,"href":"https:\/\/portalfloresnoar.com\/floresnoar\/wp-json\/wp\/v2\/categories?post=44866"},{"taxonomy":"post_tag","embeddable":true,"href":"https:\/\/portalfloresnoar.com\/floresnoar\/wp-json\/wp\/v2\/tags?post=44866"}],"curies":[{"name":"wp","href":"https:\/\/api.w.org\/{rel}","templated":true}]}}