

{"id":44861,"date":"2024-02-06T10:49:12","date_gmt":"2024-02-06T13:49:12","guid":{"rendered":"https:\/\/portalfloresnoar.com\/floresnoar\/?p=44861"},"modified":"2024-02-06T10:58:51","modified_gmt":"2024-02-06T13:58:51","slug":"campanha-visa-reduzir-o-uso-de-sacolas-plasticas-em-feiras-agroecologicas-no-recife","status":"publish","type":"post","link":"https:\/\/portalfloresnoar.com\/floresnoar\/campanha-visa-reduzir-o-uso-de-sacolas-plasticas-em-feiras-agroecologicas-no-recife\/","title":{"rendered":"Campanha visa reduzir o uso de sacolas pl\u00e1sticas em feiras agroecol\u00f3gicas no Recife"},"content":{"rendered":"<p><iframe loading=\"lazy\" title=\"YouTube video player\" src=\"https:\/\/www.youtube.com\/embed\/EVeyhpzSlcM?si=01vkiRzzPCS1wueS\" width=\"560\" height=\"315\" frameborder=\"0\" allowfullscreen=\"allowfullscreen\"><\/iframe><\/p>\n<p>A Rede Espa\u00e7o Agroecol\u00f3gico e o Centro Sabi\u00e1 est\u00e3o promovendo a campanha &#8216;Minha Feira, Minha Sacola, Nosso Planeta&#8217;, com o objetivo de reduzir o uso de sacolas pl\u00e1sticas nas feiras agroecol\u00f3gicas.<\/p>\n<p>Neste momento a campanha instituiu que em todas as primeiras feiras do m\u00eas, nos Espa\u00e7os Agroecol\u00f3gicos das Gra\u00e7as, Set\u00fabal e Santo Amaro, no Recife, n\u00e3o haver\u00e1 distribui\u00e7\u00e3o de sacolas pl\u00e1sticas nas barracas.<\/p>\n<p>&#8220;O intuito \u00e9 estimular a redu\u00e7\u00e3o do uso de sacola pl\u00e1stica na feira, incentivando as pessoas a levarem sacolas retorn\u00e1veis, caixas, cestas ou carrinhos de feira, e com isso colaborar com a redu\u00e7\u00e3o da quantidade de pl\u00e1sticos no planeta&#8221;, conta Camila Petroni, coordenadora do Espa\u00e7o Agroecol\u00f3gico de Set\u00fabal, ressaltando que &#8220;a forma que voc\u00ea consome e leva seu produto para casa, tamb\u00e9m \u00e9 fazer agroecologia&#8221;.<\/p>\n<p>De acordo com o Centro Sabi\u00e1, a agricultura familiar de base agroecol\u00f3gica traz o diferencial de produzir de forma sustent\u00e1vel e comercializar de forma justa e tamb\u00e9m comprometida com o meio ambiente. A agroecologia tem no seu conceito b\u00e1sico a produ\u00e7\u00e3o de alimentos em harmonia com o bioma, inclusive reflorestando, preservando a vegeta\u00e7\u00e3o nativa e cuidando da sua fauna e das \u00e1guas.<\/p>\n<p>&#8220;Nas cidades, cada vez mais os produtos produzidos dentro desses sistemas v\u00eam sendo procurados e consumidos, seja pela qualidade, garantia de sa\u00fade e de bem-estar e seja por serem produzidos de forma \u00e9tica e sustent\u00e1vel. Sabendo disso, precisamos tamb\u00e9m cuidar de como comercializamos estes produtos, incentivando o uso de sacolas retorn\u00e1veis, caixas, cestas, sacolas de papel e biodegrad\u00e1veis&#8221;, informam os envolvidos na campanha.<\/p>\n<p>Segundo a ONU (Organiza\u00e7\u00e3o das Na\u00e7\u00f5es Unidas), a polui\u00e7\u00e3o causada pelo descarte de objetos de pl\u00e1stico \u00e9 um dos grandes desafios da atualidade. Como boa parte do lixo produzido pelas pessoas demora muito para se decompor e n\u00e3o \u00e9 destinado para reciclagem, o mundo vive hoje com a falta de espa\u00e7o em aterros sanit\u00e1rios, e uma grande parcela dos pl\u00e1sticos corre livre para os esgotos, c\u00f3rregos, rios e mares, contaminando a \u00e1gua dos rios, dos mares, len\u00e7\u00f3is fre\u00e1ticos e s\u00e3o ingeridos por diversos animais.<\/p>\n<p>&#8220;O pl\u00e1stico \u00e9 um dos grandes poluentes do planeta, provocando a contamina\u00e7\u00e3o de toda a cadeia alimentar. Por isso, \u00e9 urgente reverter a utiliza\u00e7\u00e3o do pl\u00e1stico nos espa\u00e7os de comercializa\u00e7\u00e3o&#8221;.<\/p>\n<p>CONFIRA OS DIAS, HOR\u00c1RIOS E LOCAIS DAS FEIRAS ENVOLVIDAS NA CAMPANHA<\/p>\n<p><strong>Espa\u00e7o Agroecol\u00f3gico de Set\u00fabal<\/strong><br \/>\nDia: S\u00e1bados<br \/>\nHor\u00e1rio: 6h30 \u00e0s 10h<br \/>\nEndere\u00e7o: Av. Marechal Juarez T\u00e1vora, Set\u00fabal, Recife\/PE (atr\u00e1s da Escola Americana do Recife)<\/p>\n<p><strong>Espa\u00e7o Agroecol\u00f3gico das Gra\u00e7as<\/strong><br \/>\nDia: S\u00e1bados<br \/>\nHor\u00e1rio: Das 23h da sexta \u00e0s 10h do s\u00e1bado<br \/>\nEndere\u00e7o: Rua Souza Andrade, Gra\u00e7as, Recife\/PE (atr\u00e1s do Col\u00e9gio S\u00e3o Luiz)<\/p>\n<p><strong>Espa\u00e7o Agroecol\u00f3gico de Santo Amaro<\/strong><br \/>\nDia: Quartas-feiras<br \/>\nHor\u00e1rio: Das 5h30 \u00e0s 10h<br \/>\nEndere\u00e7o: Pra\u00e7a do Campo Santo, Santo Amaro, Recife\/PE (em frente ao SESC)<\/p>\n<p><strong>Saiba mais sobre a campanha &#8216;Minha Feira, Minha Sacola, Nosso Planeta!&#8217; neste link:<\/strong> <a href=\"https:\/\/bit.ly\/VejaACampanhaMinhaSacola\" target=\"_blank\" rel=\"noopener\">https:\/\/bit.ly\/VejaACampanhaMinhaSacola<\/a><\/p>\n","protected":false},"excerpt":{"rendered":"<p>A Rede Espa\u00e7o Agroecol\u00f3gico e o Centro Sabi\u00e1 est\u00e3o promovendo a campanha &#8216;Minha Feira, Minha Sacola, Nosso Planeta&#8217;, com o objetivo de reduzir o uso de sacolas pl\u00e1sticas nas feiras agroecol\u00f3gicas. Neste momento a campanha instituiu que em todas as primeiras feiras do m\u00eas, nos Espa\u00e7os Agroecol\u00f3gicos das Gra\u00e7as, Set\u00fabal e Santo Amaro, no Recife, [&hellip;]<\/p>\n","protected":false},"author":1,"featured_media":44862,"comment_status":"open","ping_status":"open","sticky":false,"template":"","format":"standard","meta":{"om_disable_all_campaigns":false,"_monsterinsights_skip_tracking":false,"_monsterinsights_sitenote_active":false,"_monsterinsights_sitenote_note":"","_monsterinsights_sitenote_category":0,"footnotes":""},"categories":[9],"tags":[241,26,527,329,170,1023],"acf":[],"publishpress_future_action":{"enabled":false,"date":"1969-12-31 21:00:00","action":"","terms":[],"taxonomy":"","browser_timezone_offset":0},"_links":{"self":[{"href":"https:\/\/portalfloresnoar.com\/floresnoar\/wp-json\/wp\/v2\/posts\/44861"}],"collection":[{"href":"https:\/\/portalfloresnoar.com\/floresnoar\/wp-json\/wp\/v2\/posts"}],"about":[{"href":"https:\/\/portalfloresnoar.com\/floresnoar\/wp-json\/wp\/v2\/types\/post"}],"author":[{"embeddable":true,"href":"https:\/\/portalfloresnoar.com\/floresnoar\/wp-json\/wp\/v2\/users\/1"}],"replies":[{"embeddable":true,"href":"https:\/\/portalfloresnoar.com\/floresnoar\/wp-json\/wp\/v2\/comments?post=44861"}],"version-history":[{"count":3,"href":"https:\/\/portalfloresnoar.com\/floresnoar\/wp-json\/wp\/v2\/posts\/44861\/revisions"}],"predecessor-version":[{"id":44865,"href":"https:\/\/portalfloresnoar.com\/floresnoar\/wp-json\/wp\/v2\/posts\/44861\/revisions\/44865"}],"wp:featuredmedia":[{"embeddable":true,"href":"https:\/\/portalfloresnoar.com\/floresnoar\/wp-json\/wp\/v2\/media\/44862"}],"wp:attachment":[{"href":"https:\/\/portalfloresnoar.com\/floresnoar\/wp-json\/wp\/v2\/media?parent=44861"}],"wp:term":[{"taxonomy":"category","embeddable":true,"href":"https:\/\/portalfloresnoar.com\/floresnoar\/wp-json\/wp\/v2\/categories?post=44861"},{"taxonomy":"post_tag","embeddable":true,"href":"https:\/\/portalfloresnoar.com\/floresnoar\/wp-json\/wp\/v2\/tags?post=44861"}],"curies":[{"name":"wp","href":"https:\/\/api.w.org\/{rel}","templated":true}]}}