

{"id":44857,"date":"2024-02-05T16:42:54","date_gmt":"2024-02-05T19:42:54","guid":{"rendered":"https:\/\/portalfloresnoar.com\/floresnoar\/?p=44857"},"modified":"2024-02-05T16:45:52","modified_gmt":"2024-02-05T19:45:52","slug":"canto-de-lu-minha-entrevista-no-podcast-diversidade-artistica","status":"publish","type":"post","link":"https:\/\/portalfloresnoar.com\/floresnoar\/canto-de-lu-minha-entrevista-no-podcast-diversidade-artistica\/","title":{"rendered":"[CANTO DE LU] Minha entrevista no podcast Diversidade Art\u00edstica"},"content":{"rendered":"<p><iframe loading=\"lazy\" title=\"YouTube video player\" src=\"https:\/\/www.youtube.com\/embed\/s9NiUyyFbSU?si=sArK2T2t2T1dWMPa\" width=\"560\" height=\"315\" frameborder=\"0\" allowfullscreen=\"allowfullscreen\"><\/iframe><\/p>\n<p>Semana passada fui entrevistada pelo pessoal do podcast &#8216;Diversidade Art\u00edstica&#8217;, realizado pelo Est\u00fadio 11:11. J\u00e1 fiquei feliz logo ao adentrar no est\u00fadio, localizado no munic\u00edpio de Paudalho, na zona da Mata Norte pernambucana, cidade onde estou morando. Todo equipado, com uma decora\u00e7\u00e3o linda, muito aconchegante! A jovem e instigada equipe &#8211; composta por Jeff Mand\u00fa, Vit\u00f3ria Almeida e Andr\u00e9 Souza &#8211; vem militando na m\u00eddia independente local, com foco no incentivo \u00e0 Cultura Popular.<\/p>\n<p>Na conversa, conto um monte de hist\u00f3ria que vivi nesse meu meio s\u00e9culo de vida. Canto, protesto, declamo&#8230; e, acima de tudo, brinco! Fiquei muito feliz em rememorar v\u00e1rios epis\u00f3dios dessa minha caminhada.<\/p>\n<p>O <a href=\"https:\/\/www.youtube.com\/@estudio1111\/videos\" target=\"_blank\" rel=\"noopener\">canal do YouTube do podcast<\/a> j\u00e1 conta com um bocado de entrevistas \u00f3timas, com v\u00e1rios artistas locais, como Iran Ogan, Guga Santos, Helena Tenderine, Jo\u00e3o do Boi, Yonaldo Afonso, Marlla Palha, Tha\u00eds Viturino, Djalma Lucena, Ilda Mand\u00fa, entre tantos outros.<\/p>\n<p>Al\u00e9m da produ\u00e7\u00e3o do podcast &#8216;Diversidade Art\u00edstica&#8217;, o est\u00fadio 11:11 atua como espa\u00e7o audiovisual que oferece servi\u00e7os de grava\u00e7\u00e3o, edi\u00e7\u00e3o, mixagem e finaliza\u00e7\u00e3o de \u00e1udio, bem como grava\u00e7\u00e3o, edi\u00e7\u00e3o e corre\u00e7\u00e3o de cor de imagens.<\/p>\n<p>&#8220;O est\u00fadio est\u00e1 sempre buscando maneiras de se tornar mais colaborativo e diversificado, com novos projetos em andamento, atrav\u00e9s de parcerias&#8221;, informa Jeff.<\/p>\n<p>Uma alegria contar com espa\u00e7os assim no interior pernambucano!<\/p>\n<p><strong>Contatos do Est\u00fadio 11:11<\/strong><br \/>\n<strong>Instagram:<\/strong> <a href=\"https:\/\/www.instagram.com\/estudio.1111\/\" target=\"_blank\" rel=\"noopener\">@estudio.1111<\/a><br \/>\n<strong>WhatsApp:<\/strong> (81) 99100-1142<\/p>\n","protected":false},"excerpt":{"rendered":"<p>Semana passada fui entrevistada pelo pessoal do podcast &#8216;Diversidade Art\u00edstica&#8217;, realizado pelo Est\u00fadio 11:11. J\u00e1 fiquei feliz logo ao adentrar no est\u00fadio, localizado no munic\u00edpio de Paudalho, na zona da Mata Norte pernambucana, cidade onde estou morando. Todo equipado, com uma decora\u00e7\u00e3o linda, muito aconchegante! A jovem e instigada equipe &#8211; composta por Jeff Mand\u00fa, [&hellip;]<\/p>\n","protected":false},"author":1,"featured_media":44858,"comment_status":"open","ping_status":"open","sticky":false,"template":"","format":"standard","meta":{"om_disable_all_campaigns":false,"_monsterinsights_skip_tracking":false,"_monsterinsights_sitenote_active":false,"_monsterinsights_sitenote_note":"","_monsterinsights_sitenote_category":0,"footnotes":""},"categories":[227,220],"tags":[44,121,373,479,69,1294,1499,51],"acf":[],"publishpress_future_action":{"enabled":false,"date":"1969-12-31 21:00:00","action":"","terms":[],"taxonomy":"","browser_timezone_offset":0},"_links":{"self":[{"href":"https:\/\/portalfloresnoar.com\/floresnoar\/wp-json\/wp\/v2\/posts\/44857"}],"collection":[{"href":"https:\/\/portalfloresnoar.com\/floresnoar\/wp-json\/wp\/v2\/posts"}],"about":[{"href":"https:\/\/portalfloresnoar.com\/floresnoar\/wp-json\/wp\/v2\/types\/post"}],"author":[{"embeddable":true,"href":"https:\/\/portalfloresnoar.com\/floresnoar\/wp-json\/wp\/v2\/users\/1"}],"replies":[{"embeddable":true,"href":"https:\/\/portalfloresnoar.com\/floresnoar\/wp-json\/wp\/v2\/comments?post=44857"}],"version-history":[{"count":2,"href":"https:\/\/portalfloresnoar.com\/floresnoar\/wp-json\/wp\/v2\/posts\/44857\/revisions"}],"predecessor-version":[{"id":44860,"href":"https:\/\/portalfloresnoar.com\/floresnoar\/wp-json\/wp\/v2\/posts\/44857\/revisions\/44860"}],"wp:featuredmedia":[{"embeddable":true,"href":"https:\/\/portalfloresnoar.com\/floresnoar\/wp-json\/wp\/v2\/media\/44858"}],"wp:attachment":[{"href":"https:\/\/portalfloresnoar.com\/floresnoar\/wp-json\/wp\/v2\/media?parent=44857"}],"wp:term":[{"taxonomy":"category","embeddable":true,"href":"https:\/\/portalfloresnoar.com\/floresnoar\/wp-json\/wp\/v2\/categories?post=44857"},{"taxonomy":"post_tag","embeddable":true,"href":"https:\/\/portalfloresnoar.com\/floresnoar\/wp-json\/wp\/v2\/tags?post=44857"}],"curies":[{"name":"wp","href":"https:\/\/api.w.org\/{rel}","templated":true}]}}