

{"id":44833,"date":"2024-02-02T10:11:53","date_gmt":"2024-02-02T13:11:53","guid":{"rendered":"https:\/\/portalfloresnoar.com\/floresnoar\/?p=44833"},"modified":"2024-09-23T20:35:23","modified_gmt":"2024-09-23T23:35:23","slug":"o-ser-em-sintonia-o-caminho-do-mestre-a-jornada-de-iluminacao-no-mestrado-em-reiki","status":"publish","type":"post","link":"https:\/\/portalfloresnoar.com\/floresnoar\/o-ser-em-sintonia-o-caminho-do-mestre-a-jornada-de-iluminacao-no-mestrado-em-reiki\/","title":{"rendered":"[O SER EM SINTONIA] O Caminho do Mestre: A Jornada de Ilumina\u00e7\u00e3o no Mestrado em Reiki"},"content":{"rendered":"<p><img decoding=\"async\" loading=\"lazy\" class=\"aligncenter  wp-image-44835\" src=\"https:\/\/portalfloresnoar.com\/floresnoar\/wp-content\/uploads\/2024\/02\/Mestrado-em-Reiki.jpeg\" alt=\"\" width=\"531\" height=\"531\" srcset=\"https:\/\/portalfloresnoar.com\/floresnoar\/wp-content\/uploads\/2024\/02\/Mestrado-em-Reiki.jpeg 605w, https:\/\/portalfloresnoar.com\/floresnoar\/wp-content\/uploads\/2024\/02\/Mestrado-em-Reiki-300x300.jpeg 300w, https:\/\/portalfloresnoar.com\/floresnoar\/wp-content\/uploads\/2024\/02\/Mestrado-em-Reiki-150x150.jpeg 150w, https:\/\/portalfloresnoar.com\/floresnoar\/wp-content\/uploads\/2024\/02\/Mestrado-em-Reiki-100x100.jpeg 100w\" sizes=\"(max-width: 531px) 100vw, 531px\" \/><\/p>\n<p>|\u00a0<em>Por Roberta Machado<\/em>* |<\/p>\n<p>Na tumultuada T\u00f3quio do in\u00edcio do s\u00e9culo XX, Mikao Usui embarcou em uma busca por significado que o levou a uma variedade de profiss\u00f5es at\u00e9 encontrar seu caminho no Monte Kurama, em Quioto. Sua jornada, marcada por experi\u00eancias diversas, culminou numa noite reveladora no vig\u00e9simo primeiro dia de pr\u00e1tica meditativa. Usui compreendeu que \u201cTudo no Universo possui Reiki, sem exce\u00e7\u00e3o alguma.\u201d<\/p>\n<p>Unindo essa percep\u00e7\u00e3o \u00e0 sua filosofia de vida fundamentada em cinco princ\u00edpios, Mestre Usui deu origem ao \u201c<em>Shin Shin Kaizen Usui Reiki Ryoho<\/em>\u201d &#8211; o M\u00e9todo de Tratamento pela Energia Vital do Universo de Usui. Esta pr\u00e1tica, que conhecemos como Reiki, visa a melhoria cont\u00ednua do corpo e da mente. A ess\u00eancia do ensinamento est\u00e1 encapsulada na palavra japonesa \u201c<em>Kaizen<\/em>\u201d, que significa \u201cmelhoria cont\u00ednua\u201d.<\/p>\n<p>Em abriu de 1922, criou a escola que ainda hoje existe, Usui Reiki Ryohio Gakai, formando 16 mestres, dentre eles Dr. Chujiro Hayashi, almirante da Marinha Japonesa, quem sistematizou as posi\u00e7\u00f5es do Reiki como a conhecemos hoje. Usui acreditava que o treino dedicado conduz \u00e0 unifica\u00e7\u00e3o com o Universo, transformando palavras e a\u00e7\u00f5es em algo que flui sem esfor\u00e7o, em sintonia com o absoluto ilimitado.<\/p>\n<p>Usui partiu para o mundo espiritual em 9 de mar\u00e7o de 1926, em Fukuyama. O seu m\u00e9todo foi difundido de forma seleta no Jap\u00e3o, s\u00f3 chegando ao Ocidente atrav\u00e9s de uma havaiana chamada Hawayo Takata (1900-1980), que foi curada de um c\u00e2ncer na cl\u00ednica de Reiki do Dr. Chujiro Hayashi e posteriormente foi iniciada por ele no m\u00e9todo. Voltando para sua terra natal, Takata passou a ensinar e divulgar o Reiki no Ocidente (1938).<\/p>\n<p>No Instituto Dois S\u00f3is Reiki, inspirados pelo caminho de ilumina\u00e7\u00e3o de Mikao Usui, os mestrandos s\u00e3o escolhidos entre alunos que demonstram muito amor pela humanidade. Durante dois anos, participam de todos os cursos de Reiki, recebendo inicia\u00e7\u00f5es nos n\u00edveis 4 e 5. Esse per\u00edodo intensivo visa n\u00e3o apenas transmitir conhecimento, mas cultivar a espiritualidade e o comprometimento com a melhoria cont\u00ednua.<\/p>\n<p>\u201cA miss\u00e3o do Usui Reiki Ryoho \u00e9 guiar para uma vida importadora e feliz, curar os outros, melhorar a sua felicidade e a nossa pr\u00f3pria\u201d, afirmava Mestre Usui. Hoje, o Reiki \u00e9 reconhecido como terapia complementar, integrando-se em hospitais e institui\u00e7\u00f5es de sa\u00fade. No entanto, a responsabilidade e adapta\u00e7\u00e3o s\u00e3o cruciais, pois, como alertava Usui, a verdadeira cura \u00e9 uma experi\u00eancia individual, e o papel do praticante \u00e9 ser um facilitador para o bem-estar. A jornada do mestrado de dois anos busca n\u00e3o apenas formar mestres de Reiki, mas promover a coer\u00eancia com a vida e o esp\u00edrito de melhoria cont\u00ednua.<\/p>\n<p><em>Gostaria de se aprofundar mais sobre o tema? Participe dos cursos oferecidos pelo<a href=\"https:\/\/instituto-dois-sois-reiki.webnode.page\/\" target=\"_blank\" rel=\"noopener\">\u00a0Instituto Dois S\u00f3is Reiki\u00a0<\/a>e permita-nos auxili\u00e1-lo(a) na busca pela expans\u00e3o de consci\u00eancia e pelo equil\u00edbrio f\u00edsico, emocional e energ\u00e9tico. Estamos \u00e0 disposi\u00e7\u00e3o para gui\u00e1-lo (a) nessa jornada de bem-estar. Acesse nosso Instagram \u00a0<a href=\"https:\/\/www.instagram.com\/doissoisreiki\/\" target=\"_blank\" rel=\"noopener\">@doissoisreiki<\/a>\u00a0 e fique por dentro de nossa agenda de cursos. Inscreva-se, tamb\u00e9m, no nosso\u00a0<a href=\"https:\/\/www.youtube.com\/@doissoisreiki4167\" target=\"_blank\" rel=\"noopener\">canal do YouTube \u2013 O Ser em Sintonia<\/a>.<\/em><\/p>\n<p><strong><em>* Roberta Machado \u00e9 mestra em Reiki e integrante do Instituto Dois S\u00f3is Reiki.<\/em><\/strong><\/p>\n<p>VEJA TAMB\u00c9M!<\/p>\n<div class=\"col-lg-6 col-md-6 col-sm-6 col-xs-12\">\n<div class=\"single-content-image\"><a class=\"image-wrap\" href=\"https:\/\/portalfloresnoar.com\/floresnoar\/o-ser-em-sintonia-o-caminho-espiritual-do-reiki-uma-jornada-de-despertar\/\"><img decoding=\"async\" loading=\"lazy\" class=\"lazy already-visible imageshow\" src=\"https:\/\/portalfloresnoar.com\/floresnoar\/wp-content\/uploads\/2023\/11\/caminho-espiritual-reiki-335x200@2x.jpg\" alt=\"[O SER EM SINTONIA] O Caminho Espiritual do Reiki: uma Jornada de Despertar\" width=\"330\" height=\"197\" \/><\/a><\/div>\n<\/div>\n<div class=\"col-lg-6 col-md-6 col-sm-6 col-xs-12\">\n<h4><a href=\"https:\/\/portalfloresnoar.com\/floresnoar\/o-ser-em-sintonia-o-caminho-espiritual-do-reiki-uma-jornada-de-despertar\/\">[O SER EM SINTONIA] O Caminho Espiritual do Reiki: uma Jornada de Despertar<\/a><\/h4>\n<\/div>\n","protected":false},"excerpt":{"rendered":"<p>|\u00a0Por Roberta Machado* | Na tumultuada T\u00f3quio do in\u00edcio do s\u00e9culo XX, Mikao Usui embarcou em uma busca por significado que o levou a uma variedade de profiss\u00f5es at\u00e9 encontrar seu caminho no Monte Kurama, em Quioto. Sua jornada, marcada por experi\u00eancias diversas, culminou numa noite reveladora no vig\u00e9simo primeiro dia de pr\u00e1tica meditativa. Usui [&hellip;]<\/p>\n","protected":false},"author":1,"featured_media":44838,"comment_status":"open","ping_status":"open","sticky":false,"template":"","format":"standard","meta":{"om_disable_all_campaigns":false,"_monsterinsights_skip_tracking":false,"_monsterinsights_sitenote_active":false,"_monsterinsights_sitenote_note":"","_monsterinsights_sitenote_category":0,"footnotes":""},"categories":[10,220,1432],"tags":[499,1057,37,638],"acf":[],"publishpress_future_action":{"enabled":false,"date":"1969-12-31 21:00:00","action":"","terms":[],"taxonomy":"","browser_timezone_offset":0},"_links":{"self":[{"href":"https:\/\/portalfloresnoar.com\/floresnoar\/wp-json\/wp\/v2\/posts\/44833"}],"collection":[{"href":"https:\/\/portalfloresnoar.com\/floresnoar\/wp-json\/wp\/v2\/posts"}],"about":[{"href":"https:\/\/portalfloresnoar.com\/floresnoar\/wp-json\/wp\/v2\/types\/post"}],"author":[{"embeddable":true,"href":"https:\/\/portalfloresnoar.com\/floresnoar\/wp-json\/wp\/v2\/users\/1"}],"replies":[{"embeddable":true,"href":"https:\/\/portalfloresnoar.com\/floresnoar\/wp-json\/wp\/v2\/comments?post=44833"}],"version-history":[{"count":3,"href":"https:\/\/portalfloresnoar.com\/floresnoar\/wp-json\/wp\/v2\/posts\/44833\/revisions"}],"predecessor-version":[{"id":44839,"href":"https:\/\/portalfloresnoar.com\/floresnoar\/wp-json\/wp\/v2\/posts\/44833\/revisions\/44839"}],"wp:featuredmedia":[{"embeddable":true,"href":"https:\/\/portalfloresnoar.com\/floresnoar\/wp-json\/wp\/v2\/media\/44838"}],"wp:attachment":[{"href":"https:\/\/portalfloresnoar.com\/floresnoar\/wp-json\/wp\/v2\/media?parent=44833"}],"wp:term":[{"taxonomy":"category","embeddable":true,"href":"https:\/\/portalfloresnoar.com\/floresnoar\/wp-json\/wp\/v2\/categories?post=44833"},{"taxonomy":"post_tag","embeddable":true,"href":"https:\/\/portalfloresnoar.com\/floresnoar\/wp-json\/wp\/v2\/tags?post=44833"}],"curies":[{"name":"wp","href":"https:\/\/api.w.org\/{rel}","templated":true}]}}