

{"id":44820,"date":"2024-01-29T10:22:40","date_gmt":"2024-01-29T13:22:40","guid":{"rendered":"https:\/\/portalfloresnoar.com\/floresnoar\/?p=44820"},"modified":"2024-02-16T18:59:20","modified_gmt":"2024-02-16T21:59:20","slug":"videos-do-projeto-aderecos-carnavalescos-maos-brincantes-estao-disponiveis-no-canal-do-youtube-da-casa-astral","status":"publish","type":"post","link":"https:\/\/portalfloresnoar.com\/floresnoar\/videos-do-projeto-aderecos-carnavalescos-maos-brincantes-estao-disponiveis-no-canal-do-youtube-da-casa-astral\/","title":{"rendered":"V\u00eddeos do projeto \u2018Adere\u00e7os Carnavalescos M\u00e3os Brincantes\u2019 est\u00e3o dispon\u00edveis no canal do YouTube da Casa Astral"},"content":{"rendered":"<p><img decoding=\"async\" loading=\"lazy\" class=\"wp-image-44822 alignleft\" src=\"https:\/\/portalfloresnoar.com\/floresnoar\/wp-content\/uploads\/2024\/01\/artesanato-de-carnaval-560x700.jpg\" alt=\"\" width=\"331\" height=\"414\" srcset=\"https:\/\/portalfloresnoar.com\/floresnoar\/wp-content\/uploads\/2024\/01\/artesanato-de-carnaval-560x700.jpg 560w, https:\/\/portalfloresnoar.com\/floresnoar\/wp-content\/uploads\/2024\/01\/artesanato-de-carnaval-240x300.jpg 240w, https:\/\/portalfloresnoar.com\/floresnoar\/wp-content\/uploads\/2024\/01\/artesanato-de-carnaval.jpg 670w\" sizes=\"(max-width: 331px) 100vw, 331px\" \/>O sentimento de alegria marcou na semana passada os lan\u00e7amentos dos v\u00eddeos do projeto \u2018Adere\u00e7os Carnavalescos M\u00e3os Brincantes\u2019, nas sedes das agremia\u00e7\u00f5es \u2018Maracatu Na\u00e7\u00e3o Almirante do Forte\u2019, \u2018Urso Canga\u00e7\u00e1 de \u00c1gua Fria\u2019 e \u2018Bloco Carnavalesco L\u00edrico O Bonde\u2019. Os v\u00eddeos est\u00e3o dispon\u00edveis no canal do YouTube da Casa Astral, e podem ser assistidos ao final desta mat\u00e9ria, ou atrav\u00e9s <a href=\"https:\/\/www.youtube.com\/@casaastralastral8462\/videos\" target=\"_blank\" rel=\"noopener\">DESTE LINK<\/a>!<\/p>\n<p>Com o objetivo de visibilizar e fortalecer a arte e o of\u00edcio de cria\u00e7\u00e3o e produ\u00e7\u00e3o de adere\u00e7os carnavalescos, o projeto viabilizou a realiza\u00e7\u00e3o de tr\u00eas curtas sobre as agremia\u00e7\u00f5es contempladas, dirigidos por Guida Gomes, gestora da Casa Astral, e pelo Mestre Manoelzinho Salustiano, artista guardi\u00e3o dos saberes da cultura popular, uma das maiores express\u00f5es do artesanato carnavalesco do Brasil.<\/p>\n<p>O projeto foi realizado pela Casa Astral, com recursos do SIC &#8211; Sistema de Incentivo \u00e0 Cultura (SIC)\/ Funda\u00e7\u00e3o de Cultura Cidade do Recife\/ Secretaria de Cultura\/ Prefeitura da Cidade do Recife.<\/p>\n<p>Guida conta que o projeto deseja ampliar e atualizar a compreens\u00e3o sobre o significado e a representa\u00e7\u00e3o dos adere\u00e7os para os brincantes e para as manifesta\u00e7\u00f5es da Cultura Popular, contribuindo com o aperfei\u00e7oamento das pr\u00e1ticas e seu compartilhamento com as novas gera\u00e7\u00f5es, por meio do interc\u00e2mbio de experi\u00eancias, destacando a import\u00e2ncia do artesanato carnavalesco para gera\u00e7\u00e3o de renda e ativa\u00e7\u00e3o da economia criativa. \u201cTamb\u00e9m intencionamos revelar as mestras e mestres envolvidos no of\u00edcio do artesanato carnavalesco e toda a riqueza visual elaborada, que traz brilho e beleza para a maior festa popular do Recife\u201d, acrescenta.<\/p>\n<p>As agremia\u00e7\u00f5es foram escolhidas pela Casa Astral junto \u00e0 curadoria do mestre Manoelzinho Salustiano, artista guardi\u00e3o dos saberes da cultura popular, uma das maiores express\u00f5es do artesanato carnavalesco do Brasil. Entre os crit\u00e9rios de escolha das agremia\u00e7\u00f5es contempladas foram considerados: tradi\u00e7\u00e3o, inova\u00e7\u00e3o, diversidade, localiza\u00e7\u00e3o em \u00e1reas perif\u00e9ricas do Recife e participa\u00e7\u00e3o ativa de mulheres.<\/p>\n<p>&#8220;O projeto investigou o processo, as solu\u00e7\u00f5es criativas, o repasse de saberes e as pessoas envolvidas na produ\u00e7\u00e3o dos adere\u00e7os carnavalescos das agremia\u00e7\u00f5es contempladas, com o intuito fortalecer a cadeia produtiva da arte carnavalesca e da cultura popular, contribuindo para a perman\u00eancia da atua\u00e7\u00e3o de profissionais neste of\u00edcio, atrav\u00e9s do reconhecimento, da difus\u00e3o, da valoriza\u00e7\u00e3o e preserva\u00e7\u00e3o da mem\u00f3ria desses saberes e fazeres culturais&#8221;, explica Manoelzinho.<\/p>\n<p>\u201cObservamos as simbologias, singularidades, semelhan\u00e7as, caracter\u00edsticas est\u00e9ticas, metodologias de cria\u00e7\u00e3o, personagens e profissionais envolvidos, dando \u00eanfase \u00e0 participa\u00e7\u00e3o das mulheres e das novas gera\u00e7\u00f5es\u201d, informa Guida Gomes. Como afirma o Mestre Manoelzinho: \u201cA Cultura Popular \u00e9 um patrim\u00f4nio de filhos e filhas, amigos e amigas, que se tornam uma fam\u00edlia quando est\u00e3o brincando\u201d.<\/p>\n<p>MEM\u00d3RIA ESCRITA \u2013 Na ocasi\u00e3o dos lan\u00e7amentos, os presentes receberam folders com informa\u00e7\u00f5es importantes sobre cada agremia\u00e7\u00e3o. Os textos foram elaborados pela historiadora Gabriela Soares, integrante da equipe do projeto. \u201cO principal meio de preserva\u00e7\u00e3o da cultura popular \u00e9 a oralidade, e todos os registros que capturem tais sabedorias s\u00e3o importantes registros hist\u00f3ricos. Produzir uma escrita sobre esses dados \u00e9 um meio tamb\u00e9m de incentivar futuras pesquisas que compreendam esses saberes e fazeres como ci\u00eancia\u201d, declara a historiadora.<\/p>\n<p><em>FICHA T\u00c9CNICA<\/em><br \/>\n<em>Dire\u00e7\u00e3o e Roteiro: Guida Gomes e Manoelzinho Salustiano<\/em><br \/>\n<em>Fotografia e Som: Rafael Amorim e Kayo na Real<\/em><br \/>\n<em>Montagem e Finaliza\u00e7\u00e3o: Rafael Amorim<\/em><br \/>\n<em>Produ\u00e7\u00e3o Executiva: Philipe de Castro<\/em><br \/>\n<em>Produ\u00e7\u00e3o e Pesquisa: Gabriela Soares (Gabi Salustiano)<\/em><br \/>\n<em>Motorista: Eliezer Souza<\/em><br \/>\n<em>Designer: Lua<\/em><br \/>\n<em>Assessoria de Comunica\u00e7\u00e3o: Luciana Rabelo<\/em><br \/>\n<em>Recursos de Acessibilidade: Liliana Tavares @comacessibilidades<\/em><br \/>\n<em>Apoio: Portal Flores no Ar e Jacar\u00e9 Filmes<\/em><\/p>\n<p><em><strong>CONFIRA ABAIXO OS V\u00cdDEOS!<\/strong><\/em><\/p>\n<p><iframe loading=\"lazy\" title=\"YouTube video player\" src=\"https:\/\/www.youtube.com\/embed\/XjAxnRseilM?si=daS2eMEcnlZDuwaw\" width=\"560\" height=\"315\" frameborder=\"0\" allowfullscreen=\"allowfullscreen\"><\/iframe><\/p>\n<p><iframe loading=\"lazy\" title=\"YouTube video player\" src=\"https:\/\/www.youtube.com\/embed\/8BOApN2zNUY?si=HV0UYf0Jek3oxqKJ\" width=\"560\" height=\"315\" frameborder=\"0\" allowfullscreen=\"allowfullscreen\"><\/iframe><\/p>\n<p><iframe loading=\"lazy\" title=\"YouTube video player\" src=\"https:\/\/www.youtube.com\/embed\/YcRhOP4D6dA?si=7xng7KQYcPBQ5dq-\" width=\"560\" height=\"315\" frameborder=\"0\" allowfullscreen=\"allowfullscreen\"><\/iframe><\/p>\n","protected":false},"excerpt":{"rendered":"<p>O sentimento de alegria marcou na semana passada os lan\u00e7amentos dos v\u00eddeos do projeto \u2018Adere\u00e7os Carnavalescos M\u00e3os Brincantes\u2019, nas sedes das agremia\u00e7\u00f5es \u2018Maracatu Na\u00e7\u00e3o Almirante do Forte\u2019, \u2018Urso Canga\u00e7\u00e1 de \u00c1gua Fria\u2019 e \u2018Bloco Carnavalesco L\u00edrico O Bonde\u2019. Os v\u00eddeos est\u00e3o dispon\u00edveis no canal do YouTube da Casa Astral, e podem ser assistidos ao final [&hellip;]<\/p>\n","protected":false},"author":1,"featured_media":44821,"comment_status":"open","ping_status":"open","sticky":false,"template":"","format":"standard","meta":{"om_disable_all_campaigns":false,"_monsterinsights_skip_tracking":false,"_monsterinsights_sitenote_active":false,"_monsterinsights_sitenote_note":"","_monsterinsights_sitenote_category":0,"footnotes":""},"categories":[14],"tags":[1498,45,121,108,426],"acf":[],"publishpress_future_action":{"enabled":false,"date":"1969-12-31 21:00:00","action":"","terms":[],"taxonomy":"","browser_timezone_offset":0},"_links":{"self":[{"href":"https:\/\/portalfloresnoar.com\/floresnoar\/wp-json\/wp\/v2\/posts\/44820"}],"collection":[{"href":"https:\/\/portalfloresnoar.com\/floresnoar\/wp-json\/wp\/v2\/posts"}],"about":[{"href":"https:\/\/portalfloresnoar.com\/floresnoar\/wp-json\/wp\/v2\/types\/post"}],"author":[{"embeddable":true,"href":"https:\/\/portalfloresnoar.com\/floresnoar\/wp-json\/wp\/v2\/users\/1"}],"replies":[{"embeddable":true,"href":"https:\/\/portalfloresnoar.com\/floresnoar\/wp-json\/wp\/v2\/comments?post=44820"}],"version-history":[{"count":6,"href":"https:\/\/portalfloresnoar.com\/floresnoar\/wp-json\/wp\/v2\/posts\/44820\/revisions"}],"predecessor-version":[{"id":44904,"href":"https:\/\/portalfloresnoar.com\/floresnoar\/wp-json\/wp\/v2\/posts\/44820\/revisions\/44904"}],"wp:featuredmedia":[{"embeddable":true,"href":"https:\/\/portalfloresnoar.com\/floresnoar\/wp-json\/wp\/v2\/media\/44821"}],"wp:attachment":[{"href":"https:\/\/portalfloresnoar.com\/floresnoar\/wp-json\/wp\/v2\/media?parent=44820"}],"wp:term":[{"taxonomy":"category","embeddable":true,"href":"https:\/\/portalfloresnoar.com\/floresnoar\/wp-json\/wp\/v2\/categories?post=44820"},{"taxonomy":"post_tag","embeddable":true,"href":"https:\/\/portalfloresnoar.com\/floresnoar\/wp-json\/wp\/v2\/tags?post=44820"}],"curies":[{"name":"wp","href":"https:\/\/api.w.org\/{rel}","templated":true}]}}