

{"id":44775,"date":"2024-01-03T17:01:59","date_gmt":"2024-01-03T20:01:59","guid":{"rendered":"https:\/\/portalfloresnoar.com\/floresnoar\/?p=44775"},"modified":"2024-01-29T10:34:11","modified_gmt":"2024-01-29T13:34:11","slug":"projeto-cultural-valoriza-a-arte-e-o-oficio-da-criacao-de-aderecos-carnavalescos","status":"publish","type":"post","link":"https:\/\/portalfloresnoar.com\/floresnoar\/projeto-cultural-valoriza-a-arte-e-o-oficio-da-criacao-de-aderecos-carnavalescos\/","title":{"rendered":"Projeto cultural valoriza a arte e o of\u00edcio da cria\u00e7\u00e3o de Adere\u00e7os Carnavalescos"},"content":{"rendered":"<p><img decoding=\"async\" loading=\"lazy\" class=\"aligncenter wp-image-44776\" src=\"https:\/\/portalfloresnoar.com\/floresnoar\/wp-content\/uploads\/2024\/01\/Aderecos-Carnavalescos-Maos-Brincantes-560x700.jpg\" alt=\"\" width=\"530\" height=\"663\" srcset=\"https:\/\/portalfloresnoar.com\/floresnoar\/wp-content\/uploads\/2024\/01\/Aderecos-Carnavalescos-Maos-Brincantes-560x700.jpg 560w, https:\/\/portalfloresnoar.com\/floresnoar\/wp-content\/uploads\/2024\/01\/Aderecos-Carnavalescos-Maos-Brincantes-240x300.jpg 240w, https:\/\/portalfloresnoar.com\/floresnoar\/wp-content\/uploads\/2024\/01\/Aderecos-Carnavalescos-Maos-Brincantes.jpg 610w\" sizes=\"(max-width: 530px) 100vw, 530px\" \/><\/p>\n<p>A arte e o of\u00edcio de cria\u00e7\u00e3o e produ\u00e7\u00e3o de adere\u00e7os em tr\u00eas agremia\u00e7\u00f5es carnavalescas do Recife ganharam registros audiovisuais no projeto de pesquisa e interc\u00e2mbio cultural \u2018Adere\u00e7os Carnavalescos M\u00e3os Brincantes\u2019, que ser\u00e1 lan\u00e7ado esta semana, nas sedes das agremia\u00e7\u00f5es contempladas: o \u2018Bloco Carnavalesco L\u00edrico O Bonde\u2019, o \u2018Urso Canga\u00e7\u00e1 de \u00c1gua Fria\u2019 e o \u2018Maracatu Na\u00e7\u00e3o Almirante do Forte\u2019. O projeto foi realizado pela Casa Astral, com recursos do SIC &#8211; Sistema de Incentivo \u00e0 Cultura (SIC)\/ Funda\u00e7\u00e3o de Cultura Cidade do Recife\/ Secretaria de Cultura\/ Prefeitura da Cidade do Recife.<\/p>\n<p>&#8220;O projeto visa visibilizar e fortalecer o Artesanato Carnavalesco, uma vez que os adere\u00e7os carnavalescos s\u00e3o uma express\u00e3o art\u00edstica de forte valor simb\u00f3lico para o desenvolvimento sociocultural e profissional da Cultura Popular, mas ainda pouco reconhecidos, mesmo mobilizando artistas e comunidades para um fazer manual, que desloca o olhar das pessoas de um cotidiano simples para a cria\u00e7\u00e3o de realidades que inspiram alegria e pot\u00eancia&#8221;, destaca Guida Gomes, coordenadora do projeto e gestora da Casa Astral.<\/p>\n<p>Ela conta que o projeto deseja ampliar e atualizar a compreens\u00e3o sobre o significado e a representa\u00e7\u00e3o dos adere\u00e7os para os brincantes e para as manifesta\u00e7\u00f5es da Cultura Popular, contribuindo com o aperfei\u00e7oamento das pr\u00e1ticas e seu compartilhamento com as novas gera\u00e7\u00f5es, por meio do interc\u00e2mbio de experi\u00eancias, destacando a import\u00e2ncia do artesanato carnavalesco para gera\u00e7\u00e3o de renda e ativa\u00e7\u00e3o da economia criativa. &#8220;Tamb\u00e9m intencionamos revelar as mestras e mestres envolvidos no of\u00edcio do artesanato carnavalesco e toda a riqueza visual elaborada, que traz brilho e beleza para a maior festa popular do Recife&#8221;, acrescenta Guida.<\/p>\n<p>As agremia\u00e7\u00f5es foram escolhidas pela Casa Astral junto \u00e0 curadoria do mestre Manoelzinho Salustiano, artista guardi\u00e3o dos saberes da cultura popular, uma das maiores express\u00f5es do artesanato carnavalesco do Brasil. Entre os crit\u00e9rios de escolha das agremia\u00e7\u00f5es contempladas foram considerados: tradi\u00e7\u00e3o, inova\u00e7\u00e3o, diversidade, localiza\u00e7\u00e3o em \u00e1reas perif\u00e9ricas do Recife e participa\u00e7\u00e3o ativa de mulheres.<\/p>\n<p>&#8220;O projeto investigou o processo, as solu\u00e7\u00f5es criativas, o repasse de saberes e as pessoas envolvidas na produ\u00e7\u00e3o dos adere\u00e7os carnavalescos dessas agremia\u00e7\u00f5es, com o intuito fortalecer a cadeia produtiva da arte carnavalesca e da cultura popular, contribuindo para a perman\u00eancia da atua\u00e7\u00e3o de profissionais neste of\u00edcio, atrav\u00e9s do reconhecimento, da difus\u00e3o, da valoriza\u00e7\u00e3o e preserva\u00e7\u00e3o da mem\u00f3ria desses saberes e fazeres culturais&#8221;, explica Manoelzinho.<\/p>\n<p>&#8220;Observamos as simbologias, singularidades, semelhan\u00e7as, caracter\u00edsticas est\u00e9ticas, metodologias de cria\u00e7\u00e3o, personagens e profissionais envolvidos, dando \u00eanfase \u00e0 participa\u00e7\u00e3o das mulheres e das novas gera\u00e7\u00f5es&#8221;, conta Guida Gomes. Como afirma o Mestre Manoelzinho: \u201cA Cultura Popular \u00e9 um patrim\u00f4nio de filhos e filhas, amigos e amigas, que se tornam uma fam\u00edlia quando est\u00e3o brincando\u201d.<\/p>\n<p>Atrav\u00e9s de visitas \u00e0s agremia\u00e7\u00f5es foram realizadas entrevistas e registros audiovisuais, que culminaram na produ\u00e7\u00e3o de tr\u00eas curtas de cerca de 5 minutos de dura\u00e7\u00e3o cada (um sobre cada agremia\u00e7\u00e3o), que estar\u00e3o dispon\u00edveis no canal do YouTube da Casa Astral, logo ap\u00f3s os lan\u00e7amentos. Tamb\u00e9m foram produzidos tr\u00eas teasers para divulga\u00e7\u00e3o do projeto. Todo o material audiovisual conta com legendagem para surdos e ensurdecidos.<\/p>\n<p>Os lan\u00e7amentos dos v\u00eddeos ocorrer\u00e3o nas sedes das tr\u00eas agremia\u00e7\u00f5es, contando tamb\u00e9m com rodas de di\u00e1logos, para apresenta\u00e7\u00e3o do resultado da pesquisa e aprofundamento do tema junto \u00e0s pessoas envolvidas e convidados, contribuindo tamb\u00e9m com informa\u00e7\u00f5es para outras pesquisas e formula\u00e7\u00e3o de pol\u00edticas p\u00fablicas.<\/p>\n<p><em><strong>Confira abaixo o cronograma dos eventos de lan\u00e7amento:<\/strong><\/em><br \/>\n&#8211; Dia 24\/01, \u00e0s 19h, na sede do &#8216;Bloco Carnavalesco L\u00edrico O Bonde&#8217; &#8211; Rua Carlos Rios, 293, Imbiribeira, Recife\/PE<br \/>\n&#8211; Dia 25\/01, \u00e0s 19h, na sede do &#8216;Urso Canga\u00e7\u00e1 de \u00c1gua Fria&#8217; &#8211; Rua S\u00e3o Sebasti\u00e3o 392 \u00c1gua Fria, Recife\/ PE<br \/>\n&#8211; Dia 27\/01, \u00e0s 19h, na sede do &#8216;Maracatu Na\u00e7\u00e3o Almirante do Forte\u2019 &#8211; Estrada do Bongi, 1319, Bongi, Recife\/PE<\/p>\n<p>MEM\u00d3RIA ESCRITA &#8211; Na ocasi\u00e3o dos lan\u00e7amentos, os presentes tamb\u00e9m receber\u00e3o folders com informa\u00e7\u00f5es importantes sobre cada agremia\u00e7\u00e3o. Os textos foram elaborados pela historiadora Gabriela Soares, integrante da equipe do projeto. &#8220;O principal meio de preserva\u00e7\u00e3o da cultura popular \u00e9 a oralidade, e todos os registros que capturem tais sabedorias s\u00e3o importantes registros hist\u00f3ricos. Produzir uma escrita sobre esses dados \u00e9 um meio tamb\u00e9m de incentivar futuras pesquisas que compreendam esses saberes e fazeres como ci\u00eancia&#8221;, declara a historiadora.<\/p>\n<p>AGREMIA\u00c7\u00d5ES CONTEMPLADAS NO PROJETO<em> (textos compilados da pesquisa realizada pela historiadora Gabriela Soares)<\/em><\/p>\n<p><strong>Bloco Carnavalesco L\u00edrico &#8216;O Bonde&#8217;<\/strong><br \/>\n<img decoding=\"async\" loading=\"lazy\" class=\"aligncenter wp-image-44777\" src=\"https:\/\/portalfloresnoar.com\/floresnoar\/wp-content\/uploads\/2024\/01\/Bloco-Carnavalesco-Lirico-O-Bonde-1-665x700.jpg\" alt=\"\" width=\"581\" height=\"611\" srcset=\"https:\/\/portalfloresnoar.com\/floresnoar\/wp-content\/uploads\/2024\/01\/Bloco-Carnavalesco-Lirico-O-Bonde-1-665x700.jpg 665w, https:\/\/portalfloresnoar.com\/floresnoar\/wp-content\/uploads\/2024\/01\/Bloco-Carnavalesco-Lirico-O-Bonde-1-285x300.jpg 285w, https:\/\/portalfloresnoar.com\/floresnoar\/wp-content\/uploads\/2024\/01\/Bloco-Carnavalesco-Lirico-O-Bonde-1-768x809.jpg 768w, https:\/\/portalfloresnoar.com\/floresnoar\/wp-content\/uploads\/2024\/01\/Bloco-Carnavalesco-Lirico-O-Bonde-1.jpg 1200w\" sizes=\"(max-width: 581px) 100vw, 581px\" \/>&#8216;O Bonde&#8217; \u00e9 um bloco carnavalesco l\u00edrico sediado no bairro da Imbiribeira, no Recife, e fundado em 27 de setembro de 1991 por Alcides Campelo Cavalcanti, mais conhecido por Cid Cavalcanti, e por amigos entusiastas do Carnaval. Na adolesc\u00eancia, como desfilante de destaque na Tro\u00e7a Carnavalesca Pitombeira dos Quatro Cantos, Cid passou a confeccionar as fantasias e adere\u00e7os, sendo aprendiz do Mestre Carlos Ivan. A partir da rela\u00e7\u00e3o com a confec\u00e7\u00e3o das fantasias e seu amor pelo Carnaval, junto com outros amigos entusiastas, Cid decidiu fundar &#8216;O Bonde&#8217;. A manifesta\u00e7\u00e3o tem como cores principais o vermelho, o branco e o dourado, tendo como patrono o Orix\u00e1 Xang\u00f4, e os Ibejis, devido \u00e0 sua data de funda\u00e7\u00e3o. &#8220;A felicidade a for\u00e7a motriz da brincadeira&#8221;, afirma o brincante. A agremia\u00e7\u00e3o conta tamb\u00e9m com &#8216;O Bondinho&#8217;, que \u00e9 a sua vers\u00e3o infantil. &#8220;As crian\u00e7as s\u00e3o as respons\u00e1veis pelo futuro e \u00e9 preciso t\u00ea-las na brincadeira desde novas como um meio de garantir a manuten\u00e7\u00e3o da manifesta\u00e7\u00e3o&#8221;.<\/p>\n<p><strong>Urso Canga\u00e7\u00e1 de \u00c1gua Fria<\/strong><\/p>\n<p><strong><img decoding=\"async\" loading=\"lazy\" class=\"aligncenter size-full wp-image-44780\" src=\"https:\/\/portalfloresnoar.com\/floresnoar\/wp-content\/uploads\/2024\/01\/Urso-Cangaca-1.jpg\" alt=\"\" width=\"500\" height=\"666\" srcset=\"https:\/\/portalfloresnoar.com\/floresnoar\/wp-content\/uploads\/2024\/01\/Urso-Cangaca-1.jpg 500w, https:\/\/portalfloresnoar.com\/floresnoar\/wp-content\/uploads\/2024\/01\/Urso-Cangaca-1-225x300.jpg 225w\" sizes=\"(max-width: 500px) 100vw, 500px\" \/><\/strong><br \/>\nFundado em 1981, o Urso Canga\u00e7\u00e1 de \u00c1gua Fria carrega em seu nome o bairro onde est\u00e1 localizado, no Recife. \u00c9 dirigido por Maria Cristina de Andrade, mais conhecida como Cristina Andrade (Patrim\u00f4nio Vivo do Estado de Pernambuco) e por sua fam\u00edlia, que juntos est\u00e3o na frente de outras manifesta\u00e7\u00f5es culturais, como a Ciranda Degonsa, o Pastoril Estrela Brilhante, e as Bandeiras de S\u00e3o Jo\u00e3o, fazendo parte de todos os ciclos festivos. A manifesta\u00e7\u00e3o foi criada em S\u00e3o Louren\u00e7o da Mata\/PE, ainda com o nome de &#8216;Urso Preto de Canga\u00e7\u00e1&#8217;, por Humberto Severino Barbosa e Luiz Jacinto, e, em 1983, enfrentando uma pausa, o casal Johnson e L\u00eada do Caboclinho Ox\u00f3ssi Pena Branca assumiram a lideran\u00e7a da agremia\u00e7\u00e3o, quando passou a ser chamado Urso Canga\u00e7\u00e1 de \u00c1gua Fria. A atual dirigente, Cristina Andrade, conta que \u00e9 a for\u00e7a dos amigos e da fam\u00edlia que faz a manifesta\u00e7\u00e3o acontecer, e destaca que hoje \u00e9 seu filho Paulo Duarte que \u00e9 o respons\u00e1vel por compor a m\u00fasica in\u00e9dita que o Urso apresenta todos os anos, e sua filha, K\u00e1tia Cristina, \u00e9 uma das encarregadas pela confec\u00e7\u00e3o das fantasias. Concei\u00e7\u00e3o Andrade, tamb\u00e9m filha de Cristina, participa do coral do Urso Canga\u00e7\u00e1 e da montagem das fantasias, e a neta de Cristina, Maria Clara, de 11 anos \u00e9 dan\u00e7arina na agremia\u00e7\u00e3o e colabora na confec\u00e7\u00e3o das fantasias.<\/p>\n<p><strong>Maracatu Na\u00e7\u00e3o Almirante do Forte<\/strong><br \/>\n<img decoding=\"async\" loading=\"lazy\" class=\"aligncenter size-full wp-image-44779\" src=\"https:\/\/portalfloresnoar.com\/floresnoar\/wp-content\/uploads\/2024\/01\/Maracatu-Almirante-do-Forte-1.jpeg\" alt=\"\" width=\"598\" height=\"315\" srcset=\"https:\/\/portalfloresnoar.com\/floresnoar\/wp-content\/uploads\/2024\/01\/Maracatu-Almirante-do-Forte-1.jpeg 598w, https:\/\/portalfloresnoar.com\/floresnoar\/wp-content\/uploads\/2024\/01\/Maracatu-Almirante-do-Forte-1-300x158.jpeg 300w\" sizes=\"(max-width: 598px) 100vw, 598px\" \/><\/p>\n<p>O Maracatu Na\u00e7\u00e3o Almirante do Forte, com sede no bairro do Bongi, no Recife, foi fundado em 7 de setembro de 1931, por Chico Grosso e Manoel Grosso, tios de Ant\u00f4nio Jos\u00e9 da Silva Neto, mais conhecido por Mestre Tet\u00e9, atual presidente e Patrim\u00f4nio Vivo registrado pelo Recife. Tendo iniciada sua hist\u00f3ria como Maracatu de Baque Solto, ap\u00f3s alguns processos, a manifesta\u00e7\u00e3o se tornou Maracatu de Baque Virado. A religiosidade \u00e9 perpetuada na brincadeira at\u00e9 os dias atuais, tanto na corrente da Jurema (ind\u00edgena), quanto Nag\u00f4 (africana). O Maracatu Almirante do Forte tem como calungas: Menininha e Creuza, ligadas \u00e0s orix\u00e1s Oxum e Yemanj\u00e1, patronas da na\u00e7\u00e3o. A Dama de Pa\u00e7o \u2013 respons\u00e1vel por dan\u00e7ar com as calungas \u2013 \u00e9 Marinalva Melo da Silva, que tamb\u00e9m cuida da parte da confec\u00e7\u00e3o das fantasias. Mestre Tet\u00e9 herdou do pai a agremia\u00e7\u00e3o, e tamb\u00e9m repassa os ensinamentos para o seu filho Jos\u00e9 Ant\u00f4nio da Silva, mais conhecido por Toinho, respons\u00e1vel pelo apito e vice-presidente da na\u00e7\u00e3o. Os ensaios da manifesta\u00e7\u00e3o se iniciam no m\u00eas de setembro e s\u00e3o abertos ao p\u00fablico.<\/p>\n<p>FICHA T\u00c9CNICA DO PROJETO<br \/>\nDire\u00e7\u00e3o e Roteiro: Guida Gomes e Manoelzinho Salustiano<br \/>\nFotografia e Som: Rafael Amorim e Kayo na Real<br \/>\nMontagem e Finaliza\u00e7\u00e3o: Rafael Amorim<br \/>\nProdu\u00e7\u00e3o Executiva: Philipe de Castro<br \/>\nProdu\u00e7\u00e3o e Pesquisa: Gabriela Soares (Gabi Salustiano)<br \/>\nMotorista: Eliezer Souza<br \/>\nDesigner: Lua<br \/>\nAssessoria de Comunica\u00e7\u00e3o: Luciana Rabelo<br \/>\nEdi\u00e7\u00e3o textual da pesquisa: Lia Menezes<br \/>\nRecursos de Acessibilidade: Liliana Tavares (Com Acessibilidade Comunicacional)<br \/>\nApoio: Flores no Ar e Jacar\u00e9 V\u00eddeo<\/p>\n","protected":false},"excerpt":{"rendered":"<p>A arte e o of\u00edcio de cria\u00e7\u00e3o e produ\u00e7\u00e3o de adere\u00e7os em tr\u00eas agremia\u00e7\u00f5es carnavalescas do Recife ganharam registros audiovisuais no projeto de pesquisa e interc\u00e2mbio cultural \u2018Adere\u00e7os Carnavalescos M\u00e3os Brincantes\u2019, que ser\u00e1 lan\u00e7ado esta semana, nas sedes das agremia\u00e7\u00f5es contempladas: o \u2018Bloco Carnavalesco L\u00edrico O Bonde\u2019, o \u2018Urso Canga\u00e7\u00e1 de \u00c1gua Fria\u2019 e o [&hellip;]<\/p>\n","protected":false},"author":1,"featured_media":44781,"comment_status":"open","ping_status":"open","sticky":false,"template":"","format":"standard","meta":{"om_disable_all_campaigns":false,"_monsterinsights_skip_tracking":false,"_monsterinsights_sitenote_active":false,"_monsterinsights_sitenote_note":"","_monsterinsights_sitenote_category":0,"footnotes":""},"categories":[8,214],"tags":[45,1494,108,660],"acf":[],"publishpress_future_action":{"enabled":false,"date":"1969-12-31 21:00:00","action":"","terms":[],"taxonomy":"","browser_timezone_offset":0},"_links":{"self":[{"href":"https:\/\/portalfloresnoar.com\/floresnoar\/wp-json\/wp\/v2\/posts\/44775"}],"collection":[{"href":"https:\/\/portalfloresnoar.com\/floresnoar\/wp-json\/wp\/v2\/posts"}],"about":[{"href":"https:\/\/portalfloresnoar.com\/floresnoar\/wp-json\/wp\/v2\/types\/post"}],"author":[{"embeddable":true,"href":"https:\/\/portalfloresnoar.com\/floresnoar\/wp-json\/wp\/v2\/users\/1"}],"replies":[{"embeddable":true,"href":"https:\/\/portalfloresnoar.com\/floresnoar\/wp-json\/wp\/v2\/comments?post=44775"}],"version-history":[{"count":1,"href":"https:\/\/portalfloresnoar.com\/floresnoar\/wp-json\/wp\/v2\/posts\/44775\/revisions"}],"predecessor-version":[{"id":44782,"href":"https:\/\/portalfloresnoar.com\/floresnoar\/wp-json\/wp\/v2\/posts\/44775\/revisions\/44782"}],"wp:featuredmedia":[{"embeddable":true,"href":"https:\/\/portalfloresnoar.com\/floresnoar\/wp-json\/wp\/v2\/media\/44781"}],"wp:attachment":[{"href":"https:\/\/portalfloresnoar.com\/floresnoar\/wp-json\/wp\/v2\/media?parent=44775"}],"wp:term":[{"taxonomy":"category","embeddable":true,"href":"https:\/\/portalfloresnoar.com\/floresnoar\/wp-json\/wp\/v2\/categories?post=44775"},{"taxonomy":"post_tag","embeddable":true,"href":"https:\/\/portalfloresnoar.com\/floresnoar\/wp-json\/wp\/v2\/tags?post=44775"}],"curies":[{"name":"wp","href":"https:\/\/api.w.org\/{rel}","templated":true}]}}