

{"id":44769,"date":"2024-01-23T21:41:26","date_gmt":"2024-01-24T00:41:26","guid":{"rendered":"https:\/\/portalfloresnoar.com\/floresnoar\/?p=44769"},"modified":"2024-01-24T09:17:22","modified_gmt":"2024-01-24T12:17:22","slug":"grupo-coleta-reciclaveis-e-a-venda-do-material-beneficia-caes-e-gatos-de-rua","status":"publish","type":"post","link":"https:\/\/portalfloresnoar.com\/floresnoar\/grupo-coleta-reciclaveis-e-a-venda-do-material-beneficia-caes-e-gatos-de-rua\/","title":{"rendered":"Grupo coleta recicl\u00e1veis e a venda do material beneficia c\u00e3es e gatos de rua"},"content":{"rendered":"<p><img decoding=\"async\" loading=\"lazy\" class=\"wp-image-44790 alignleft\" src=\"https:\/\/portalfloresnoar.com\/floresnoar\/wp-content\/uploads\/2024\/01\/campanha-de-arrecadacao-de-reciclaveis-525x700.jpeg\" alt=\"\" width=\"324\" height=\"432\" srcset=\"https:\/\/portalfloresnoar.com\/floresnoar\/wp-content\/uploads\/2024\/01\/campanha-de-arrecadacao-de-reciclaveis-525x700.jpeg 525w, https:\/\/portalfloresnoar.com\/floresnoar\/wp-content\/uploads\/2024\/01\/campanha-de-arrecadacao-de-reciclaveis-225x300.jpeg 225w, https:\/\/portalfloresnoar.com\/floresnoar\/wp-content\/uploads\/2024\/01\/campanha-de-arrecadacao-de-reciclaveis-768x1024.jpeg 768w, https:\/\/portalfloresnoar.com\/floresnoar\/wp-content\/uploads\/2024\/01\/campanha-de-arrecadacao-de-reciclaveis-1152x1536.jpeg 1152w, https:\/\/portalfloresnoar.com\/floresnoar\/wp-content\/uploads\/2024\/01\/campanha-de-arrecadacao-de-reciclaveis.jpeg 1200w\" sizes=\"(max-width: 324px) 100vw, 324px\" \/><\/p>\n<p>| <em>Por Lu Rabelo*<\/em> |<\/p>\n<p>Por esses dias, andando numa manh\u00e3 na praia de Serrambi (litoral sul pernambucano), quando a mar\u00e9 come\u00e7ou a secar, em menos de 200 metros de caminhada, catei essas tampinhas \u00e0 beira mar. \u00c9 triste a quantidade de lixo que temos em nossas praias!<\/p>\n<p>Catei as tampinhas j\u00e1 sabendo o destino que elas teriam. Atrav\u00e9s de minha cunhada K\u00e1tia, tomei conhecimento da campanha do grupo Somos Todos Pets, sediado na ilha de Itamarac\u00e1. A campanha arrecada materiais recicl\u00e1veis para benef\u00edcio n\u00e3o s\u00f3 do meio ambiente, mas tamb\u00e9m de c\u00e3es e gatos.<\/p>\n<p>Com os recursos das vendas do material, c\u00e3es e gatos de rua &#8211; e de tutores que vivem em situa\u00e7\u00e3o de vulnerabilidade &#8211; s\u00e3o castrados, e ainda \u00e9 poss\u00edvel adquirir rem\u00e9dios e ra\u00e7\u00e3o, al\u00e9m de atendimentos em cl\u00ednicas veterin\u00e1rias.<\/p>\n<p>O grupo recebe tampinhas pl\u00e1sticas (de garrafa pet, de garraf\u00e3o&#8230;), frascos de desodorante aerosol, latinhas de alum\u00ednio e garrafas pet.<\/p>\n<p>Todo material \u00e9 vendido e revertido para o cuidado com os pets. &#8220;Toda semana nosso amigo Edinho recolhe o material e compra tudo que conseguimos arrecadar&#8221;, conta Silv\u00e2nia Pottes, respons\u00e1vel pela iniciativa, formada por volunt\u00e1rios.<\/p>\n<p>Um condom\u00ednio de um pr\u00e9dio no bairro da Torre, no Recife, disponibilizou gal\u00f5es para juntar os materiais por parte dos cond\u00f4minos e a a\u00e7\u00e3o vem sendo exitosa, servindo de exemplo pra outros condom\u00ednios e comunidades.<\/p>\n<p>Existem alguns pontos de coleta do material no Recife e Regi\u00e3o Metropolitana. As pessoas interessadas em colaborar realizando doa\u00e7\u00f5es, devem entrar em contato com o grupo, atrav\u00e9s dos seguintes contatos:<\/p>\n<p><strong>Instagram:<\/strong> <a href=\"https:\/\/www.instagram.com\/somos_todos_pets\/\" target=\"_blank\" rel=\"noopener\">@somos_todos_pets<\/a><br \/>\n<strong>Telefone\/WhatsApp:<\/strong> 81 982998719<br \/>\n<strong>E-mail:<\/strong> somostodospets@gmail.com<\/p>\n<p>&nbsp;<\/p>\n<p><em>* Lu Rabelo \u00e9\u00a0<a href=\"https:\/\/www.instagram.com\/canto.de.lu\" target=\"_blank\" rel=\"noopener\">cantadeira<\/a><a href=\"https:\/\/www.facebook.com\/cantodelu7\/\" target=\"_blank\" rel=\"noopener noreferrer\">,<\/a>\u00a0arteterapeuta, herbalista, jornalista e guardi\u00e3 do\u00a0<a href=\"http:\/\/portalfloresnoar.com\/\" target=\"_blank\" rel=\"noopener noreferrer\">Portal Flores no Ar<\/a>.\u00a0<\/em><\/p>\n","protected":false},"excerpt":{"rendered":"<p>| Por Lu Rabelo* | Por esses dias, andando numa manh\u00e3 na praia de Serrambi (litoral sul pernambucano), quando a mar\u00e9 come\u00e7ou a secar, em menos de 200 metros de caminhada, catei essas tampinhas \u00e0 beira mar. \u00c9 triste a quantidade de lixo que temos em nossas praias! Catei as tampinhas j\u00e1 sabendo o destino [&hellip;]<\/p>\n","protected":false},"author":1,"featured_media":44795,"comment_status":"open","ping_status":"open","sticky":false,"template":"","format":"standard","meta":{"om_disable_all_campaigns":false,"_monsterinsights_skip_tracking":false,"_monsterinsights_sitenote_active":false,"_monsterinsights_sitenote_note":"","_monsterinsights_sitenote_category":0,"footnotes":""},"categories":[9],"tags":[170,452,112,248],"acf":[],"publishpress_future_action":{"enabled":false,"date":"1969-12-31 21:00:00","action":"","terms":[],"taxonomy":"","browser_timezone_offset":0},"_links":{"self":[{"href":"https:\/\/portalfloresnoar.com\/floresnoar\/wp-json\/wp\/v2\/posts\/44769"}],"collection":[{"href":"https:\/\/portalfloresnoar.com\/floresnoar\/wp-json\/wp\/v2\/posts"}],"about":[{"href":"https:\/\/portalfloresnoar.com\/floresnoar\/wp-json\/wp\/v2\/types\/post"}],"author":[{"embeddable":true,"href":"https:\/\/portalfloresnoar.com\/floresnoar\/wp-json\/wp\/v2\/users\/1"}],"replies":[{"embeddable":true,"href":"https:\/\/portalfloresnoar.com\/floresnoar\/wp-json\/wp\/v2\/comments?post=44769"}],"version-history":[{"count":7,"href":"https:\/\/portalfloresnoar.com\/floresnoar\/wp-json\/wp\/v2\/posts\/44769\/revisions"}],"predecessor-version":[{"id":44800,"href":"https:\/\/portalfloresnoar.com\/floresnoar\/wp-json\/wp\/v2\/posts\/44769\/revisions\/44800"}],"wp:featuredmedia":[{"embeddable":true,"href":"https:\/\/portalfloresnoar.com\/floresnoar\/wp-json\/wp\/v2\/media\/44795"}],"wp:attachment":[{"href":"https:\/\/portalfloresnoar.com\/floresnoar\/wp-json\/wp\/v2\/media?parent=44769"}],"wp:term":[{"taxonomy":"category","embeddable":true,"href":"https:\/\/portalfloresnoar.com\/floresnoar\/wp-json\/wp\/v2\/categories?post=44769"},{"taxonomy":"post_tag","embeddable":true,"href":"https:\/\/portalfloresnoar.com\/floresnoar\/wp-json\/wp\/v2\/tags?post=44769"}],"curies":[{"name":"wp","href":"https:\/\/api.w.org\/{rel}","templated":true}]}}