

{"id":44755,"date":"2024-01-15T19:57:31","date_gmt":"2024-01-15T22:57:31","guid":{"rendered":"https:\/\/portalfloresnoar.com\/floresnoar\/?p=44755"},"modified":"2024-10-09T15:23:17","modified_gmt":"2024-10-09T18:23:17","slug":"cante-de-lu-para-que-existam-veiculos-de-midia-independentes-precisam-de-colaboracao","status":"publish","type":"post","link":"https:\/\/portalfloresnoar.com\/floresnoar\/cante-de-lu-para-que-existam-veiculos-de-midia-independentes-precisam-de-colaboracao\/","title":{"rendered":"[CANTO DE LU] Para que existam, ve\u00edculos de m\u00eddia independente precisam de colabora\u00e7\u00e3o"},"content":{"rendered":"<p><img decoding=\"async\" loading=\"lazy\" class=\" wp-image-44759 alignleft\" src=\"https:\/\/portalfloresnoar.com\/floresnoar\/wp-content\/uploads\/2024\/01\/portal-flores-no-ar-midia-independente.jpeg\" alt=\"\" width=\"344\" height=\"458\" srcset=\"https:\/\/portalfloresnoar.com\/floresnoar\/wp-content\/uploads\/2024\/01\/portal-flores-no-ar-midia-independente.jpeg 499w, https:\/\/portalfloresnoar.com\/floresnoar\/wp-content\/uploads\/2024\/01\/portal-flores-no-ar-midia-independente-225x300.jpeg 225w\" sizes=\"(max-width: 344px) 100vw, 344px\" \/>| <em>Por Lu Rabelo*<\/em> |<\/p>\n<p>O Flores no Ar nasceu, nos idos de 2009, como um blog com a fun\u00e7\u00e3o de divulgar o que a grande m\u00eddia pouco se importa.<\/p>\n<p>Inicialmente, o foco principal eram as Pr\u00e1ticas Integrativas e Complementares em Sa\u00fade (PICS), mas logo logo tornou-se uma esp\u00e9cie de Almanaque Digital, diante da diversidade de assuntos que passou a abarcar.<\/p>\n<p>Com a crescente procura para divulga\u00e7\u00e3o no ent\u00e3o blog, o Flores no Ar foi se profissionalizando e virou um empreendimento, e em 2012 se tornou o Portal Flores no Ar.<\/p>\n<p>Mantido desde sempre de forma independente, \u00e9 atrav\u00e9s da publica\u00e7\u00e3o de postagens pagas que vem sendo poss\u00edvel tamb\u00e9m a divulga\u00e7\u00e3o de eventos gratuitos, de forma gratuita.<\/p>\n<p>Acontece que, quase diariamente, nos procuram querendo que a gente divulgue a\u00e7\u00f5es de forma gratuita, o que \u00e9 insustent\u00e1vel para mim e para o empreendimento.<\/p>\n<p>Sendo assim, gostaria de lembrar da import\u00e2ncia do investimento para que sejam feitas as publica\u00e7\u00f5es no Flores no Ar, que s\u00e3o sempre realizadas de forma comprometida e respons\u00e1vel, prezando pela qualidade no conte\u00fado.<\/p>\n<p>Importante ressaltar que para elabora\u00e7\u00e3o e publica\u00e7\u00e3o de cada postagem no site (e compartilhamento nas redes sociais), \u00e9 necess\u00e1ria a dedica\u00e7\u00e3o de no m\u00ednimo 1 hora de trabalho por publica\u00e7\u00e3o.<\/p>\n<p>Como uma das miss\u00f5es do Flores no Ar \u00e9 dar voz a quem n\u00e3o tem muito acesso e recursos, continuaremos \u2013 cada vez com uma curadoria mais apurada \u2013 divulgando a\u00e7\u00f5es de forma gratuita.<\/p>\n<p>Entretanto, para que o Flores no Ar continue no ar, precisamos da compreens\u00e3o sobre os investimentos necess\u00e1rios para sua exist\u00eancia, pois s\u00e3o muitos os custos (recursos humanos; processos; aplicativos; dom\u00ednio e hospedagem do site&#8230;).<\/p>\n<p>Aproveito para agradecer \u00e0s parceiras e parceiros que acreditam e incentivam o Flores no Ar, colaborando com a exist\u00eancia de um ve\u00edculo feminino, nordestino, independente e contra-hegem\u00f4nico, que nutre o Bem Viver, atrav\u00e9s da valoriza\u00e7\u00e3o da Natureza, da Cultura Brasileira, das PICS e dos Direitos Humanos e Animais.<\/p>\n<p>As pessoas e institui\u00e7\u00f5es que desejam fortalecer o Flores no Ar, podem tomar conhecimento das op\u00e7\u00f5es de divulga\u00e7\u00e3o que oferecemos atrav\u00e9s deste link: <a href=\"https:\/\/drive.google.com\/file\/d\/1dyp1-LlAloKxlCuXc6RC3CKl0uVXbmLO\/view\" target=\"_blank\" rel=\"noopener\">https:\/\/drive.google.com\/file\/d\/1dyp1-LlAloKxlCuXc6RC3CKl0uVXbmLO\/view<\/a><\/p>\n<p><em>* Lu Rabelo \u00e9\u00a0<a href=\"https:\/\/www.instagram.com\/canto.de.lu\" target=\"_blank\" rel=\"noopener\">cantadeira<\/a><a href=\"https:\/\/www.facebook.com\/cantodelu7\/\" target=\"_blank\" rel=\"noopener noreferrer\">,<\/a>\u00a0arteterapeuta, herbalista, jornalista e guardi\u00e3 do\u00a0<a href=\"http:\/\/portalfloresnoar.com\/\" target=\"_blank\" rel=\"noopener noreferrer\">Portal Flores no Ar<\/a>.\u00a0<\/em><\/p>\n","protected":false},"excerpt":{"rendered":"<p>| Por Lu Rabelo* | O Flores no Ar nasceu, nos idos de 2009, como um blog com a fun\u00e7\u00e3o de divulgar o que a grande m\u00eddia pouco se importa. Inicialmente, o foco principal eram as Pr\u00e1ticas Integrativas e Complementares em Sa\u00fade (PICS), mas logo logo tornou-se uma esp\u00e9cie de Almanaque Digital, diante da diversidade [&hellip;]<\/p>\n","protected":false},"author":1,"featured_media":44756,"comment_status":"open","ping_status":"open","sticky":false,"template":"","format":"standard","meta":{"om_disable_all_campaigns":false,"_monsterinsights_skip_tracking":false,"_monsterinsights_sitenote_active":false,"_monsterinsights_sitenote_note":"","_monsterinsights_sitenote_category":0,"footnotes":""},"categories":[227,220],"tags":[1495,1222],"acf":[],"publishpress_future_action":{"enabled":false,"date":"1969-12-31 21:00:00","action":"","terms":[],"taxonomy":"","browser_timezone_offset":0},"_links":{"self":[{"href":"https:\/\/portalfloresnoar.com\/floresnoar\/wp-json\/wp\/v2\/posts\/44755"}],"collection":[{"href":"https:\/\/portalfloresnoar.com\/floresnoar\/wp-json\/wp\/v2\/posts"}],"about":[{"href":"https:\/\/portalfloresnoar.com\/floresnoar\/wp-json\/wp\/v2\/types\/post"}],"author":[{"embeddable":true,"href":"https:\/\/portalfloresnoar.com\/floresnoar\/wp-json\/wp\/v2\/users\/1"}],"replies":[{"embeddable":true,"href":"https:\/\/portalfloresnoar.com\/floresnoar\/wp-json\/wp\/v2\/comments?post=44755"}],"version-history":[{"count":4,"href":"https:\/\/portalfloresnoar.com\/floresnoar\/wp-json\/wp\/v2\/posts\/44755\/revisions"}],"predecessor-version":[{"id":45062,"href":"https:\/\/portalfloresnoar.com\/floresnoar\/wp-json\/wp\/v2\/posts\/44755\/revisions\/45062"}],"wp:featuredmedia":[{"embeddable":true,"href":"https:\/\/portalfloresnoar.com\/floresnoar\/wp-json\/wp\/v2\/media\/44756"}],"wp:attachment":[{"href":"https:\/\/portalfloresnoar.com\/floresnoar\/wp-json\/wp\/v2\/media?parent=44755"}],"wp:term":[{"taxonomy":"category","embeddable":true,"href":"https:\/\/portalfloresnoar.com\/floresnoar\/wp-json\/wp\/v2\/categories?post=44755"},{"taxonomy":"post_tag","embeddable":true,"href":"https:\/\/portalfloresnoar.com\/floresnoar\/wp-json\/wp\/v2\/tags?post=44755"}],"curies":[{"name":"wp","href":"https:\/\/api.w.org\/{rel}","templated":true}]}}