

{"id":44693,"date":"2024-01-04T20:01:12","date_gmt":"2024-01-04T23:01:12","guid":{"rendered":"https:\/\/portalfloresnoar.com\/floresnoar\/?p=44693"},"modified":"2024-01-26T20:06:14","modified_gmt":"2024-01-26T23:06:14","slug":"casa-astral-celebra-mais-um-ciclo-e-consolida-vocacao-com-a-criacao-do-instituto-cultural-e-social-casa-astral","status":"publish","type":"post","link":"https:\/\/portalfloresnoar.com\/floresnoar\/casa-astral-celebra-mais-um-ciclo-e-consolida-vocacao-com-a-criacao-do-instituto-cultural-e-social-casa-astral\/","title":{"rendered":"Casa Astral celebra mais um ciclo e consolida sua voca\u00e7\u00e3o com a cria\u00e7\u00e3o do Instituto Cultural e Social Casa Astral"},"content":{"rendered":"<p><figure id=\"attachment_44685\" aria-describedby=\"caption-attachment-44685\" style=\"width: 597px\" class=\"wp-caption aligncenter\"><img decoding=\"async\" loading=\"lazy\" class=\"wp-image-44685\" src=\"https:\/\/portalfloresnoar.com\/floresnoar\/wp-content\/uploads\/2024\/01\/instituto-casa-astral-700x564.jpg\" alt=\"\" width=\"597\" height=\"481\" srcset=\"https:\/\/portalfloresnoar.com\/floresnoar\/wp-content\/uploads\/2024\/01\/instituto-casa-astral-700x564.jpg 700w, https:\/\/portalfloresnoar.com\/floresnoar\/wp-content\/uploads\/2024\/01\/instituto-casa-astral-300x242.jpg 300w, https:\/\/portalfloresnoar.com\/floresnoar\/wp-content\/uploads\/2024\/01\/instituto-casa-astral-768x619.jpg 768w, https:\/\/portalfloresnoar.com\/floresnoar\/wp-content\/uploads\/2024\/01\/instituto-casa-astral.jpg 1100w\" sizes=\"(max-width: 597px) 100vw, 597px\" \/><figcaption id=\"caption-attachment-44685\" class=\"wp-caption-text\">Diretoria do Instituto Cultural e Social Casa Astral. [Foto: Mar\u00edlia Vilas Boas]<\/figcaption><\/figure>No dia 6 de janeiro de 2015, em pleno Dia de Reis, nascia no bairro do Po\u00e7o da Panela, no Recife, a Casa Astral, um espa\u00e7o cultural e colaborativo, que vem ao longo desses nove anos de exist\u00eancia estimulando e acolhendo a\u00e7\u00f5es culturais e sociais voltadas \u00e0 criatividade, sustentabilidade, sa\u00fade, protagonismo feminino e ancestralidade, contribuindo para o fortalecimento das manifesta\u00e7\u00f5es da cultura popular, e para rela\u00e7\u00f5es mais org\u00e2nicas entre os seres e a natureza.<\/p>\n<p>Neste ano de 2024, juntamente com a celebra\u00e7\u00e3o do anivers\u00e1rio de 9 anos, a Casa Astral comemora tamb\u00e9m dois importantes passos em sua jornada: em novembro de 2023, foi reconhecida pelo Minist\u00e9rio da Cultura como &#8216;Ponto de Cultura&#8217;; e em dezembro foi constitu\u00eddo e criado o &#8216;Instituto Cultural e Social Casa Astral&#8217;, uma associa\u00e7\u00e3o sem fins lucrativos, com a finalidade de difundir a \u00e9tica, o respeito, a transpar\u00eancia, a solidariedade, a fraternidade e a cultura da paz, atuando nas \u00e1reas social, cultural, art\u00edstica, sa\u00fade integral, recreativa e educacional, tendo como princ\u00edpio o respeito pela pessoa humana e os seus valores individuais.<\/p>\n<p><figure id=\"attachment_44686\" aria-describedby=\"caption-attachment-44686\" style=\"width: 468px\" class=\"wp-caption alignleft\"><img decoding=\"async\" loading=\"lazy\" class=\"wp-image-44686\" src=\"https:\/\/portalfloresnoar.com\/floresnoar\/wp-content\/uploads\/2024\/01\/sao-joao-ere-2023-700x419.jpg\" alt=\"\" width=\"468\" height=\"280\" srcset=\"https:\/\/portalfloresnoar.com\/floresnoar\/wp-content\/uploads\/2024\/01\/sao-joao-ere-2023-700x419.jpg 700w, https:\/\/portalfloresnoar.com\/floresnoar\/wp-content\/uploads\/2024\/01\/sao-joao-ere-2023-300x179.jpg 300w, https:\/\/portalfloresnoar.com\/floresnoar\/wp-content\/uploads\/2024\/01\/sao-joao-ere-2023-768x459.jpg 768w, https:\/\/portalfloresnoar.com\/floresnoar\/wp-content\/uploads\/2024\/01\/sao-joao-ere-2023.jpg 1000w\" sizes=\"(max-width: 468px) 100vw, 468px\" \/><figcaption id=\"caption-attachment-44686\" class=\"wp-caption-text\">Festividade &#8216;S\u00e3o Jo\u00e3o Er\u00ea&#8217;, em junho de 2023. [Foto: Divulga\u00e7\u00e3o\/Casa Astral]<\/figcaption><\/figure>&#8220;Neste momento de retomada das pol\u00edticas culturais no Pa\u00eds, estamos muito animadas com o reconhecimento e fortalecimento das a\u00e7\u00f5es da Casa Astral. Receber o certificado de Ponto de Cultura \u00e9 uma importante comprova\u00e7\u00e3o oficial de que a iniciativa desenvolve e articula atividades culturais na comunidade, e contribui para o acesso, a prote\u00e7\u00e3o e a promo\u00e7\u00e3o dos direitos, da cidadania e da diversidade cultural no Brasil&#8221;, comemora Guida Gomes, gestora da Casa Astral.<\/p>\n<p>Em rela\u00e7\u00e3o \u00e0 cria\u00e7\u00e3o do &#8216;Instituto Cultural e Social Casa Astral&#8217;, Guida ressalta as possibilidades que a entidade agora tem de ampliar as a\u00e7\u00f5es nas \u00e1reas social, cultural, recreativa e educacional, beneficiando mais diretamente as fam\u00edlias e indiv\u00edduos em situa\u00e7\u00f5es de vulnerabilidade ou risco social e pessoal. &#8220;Atrav\u00e9s de projetos e iniciativas articuladas com os diversos setores, atuaremos em a\u00e7\u00f5es que estimulam a cidadania, contribuindo para o desenvolvimento sustent\u00e1vel, a inclus\u00e3o social e digital, a gera\u00e7\u00e3o de emprego e renda e a redu\u00e7\u00e3o do \u00eaxodo rural e urbano, principalmente entre os jovens&#8221;, conta Guida, citando uma das frentes do Instituto.<\/p>\n<p><figure id=\"attachment_44687\" aria-describedby=\"caption-attachment-44687\" style=\"width: 416px\" class=\"wp-caption alignright\"><img decoding=\"async\" loading=\"lazy\" class=\"wp-image-44687\" src=\"https:\/\/portalfloresnoar.com\/floresnoar\/wp-content\/uploads\/2024\/01\/Roda-de-Mulheres-na-Casa-Astral-700x448.jpeg\" alt=\"\" width=\"416\" height=\"266\" srcset=\"https:\/\/portalfloresnoar.com\/floresnoar\/wp-content\/uploads\/2024\/01\/Roda-de-Mulheres-na-Casa-Astral-700x448.jpeg 700w, https:\/\/portalfloresnoar.com\/floresnoar\/wp-content\/uploads\/2024\/01\/Roda-de-Mulheres-na-Casa-Astral-300x192.jpeg 300w, https:\/\/portalfloresnoar.com\/floresnoar\/wp-content\/uploads\/2024\/01\/Roda-de-Mulheres-na-Casa-Astral-768x492.jpeg 768w, https:\/\/portalfloresnoar.com\/floresnoar\/wp-content\/uploads\/2024\/01\/Roda-de-Mulheres-na-Casa-Astral.jpeg 846w\" sizes=\"(max-width: 416px) 100vw, 416px\" \/><figcaption id=\"caption-attachment-44687\" class=\"wp-caption-text\">Roda conduzida pela psicoterapeuta Deyse Leit\u00e3o. [Foto: Divulga\u00e7\u00e3o\/ Casa Astral]<\/figcaption><\/figure>Desde sua cria\u00e7\u00e3o, a Casa Astral promove apresenta\u00e7\u00f5es art\u00edsticas, feiras de artesanato, pesquisas, cursos e forma\u00e7\u00f5es, bem como a\u00e7\u00f5es de celebra\u00e7\u00e3o dos ciclos festivos do calend\u00e1rio cultural, como os festejos de Reis e o ciclo junino, natalino e carnavalesco, visando garantir a continuidade dessas manifesta\u00e7\u00f5es para gera\u00e7\u00f5es futuras e no presente. A Casa tamb\u00e9m recebe comemora\u00e7\u00f5es de anivers\u00e1rio, casamentos, formaturas, confraterniza\u00e7\u00f5es, e toda proposta que gere motivos significativos para celebrar, fortalecendo a uni\u00e3o entre as pessoas e a espontaneidade criativa.<\/p>\n<p>&#8220;Importante tamb\u00e9m destacar a afirma\u00e7\u00e3o da atua\u00e7\u00e3o feminina nas iniciativas da Casa Astral, sendo um espa\u00e7o essencialmente de pr\u00e1ticas conduzidas por mulheres, por acreditarmos que este \u00e9 um importante caminho para as transforma\u00e7\u00f5es necess\u00e1rias ao equil\u00edbrio social&#8221;, destaca Guida.<\/p>\n<p><figure id=\"attachment_44688\" aria-describedby=\"caption-attachment-44688\" style=\"width: 411px\" class=\"wp-caption alignright\"><img decoding=\"async\" loading=\"lazy\" class=\"wp-image-44688\" src=\"https:\/\/portalfloresnoar.com\/floresnoar\/wp-content\/uploads\/2024\/01\/xama-das-yabas-700x525.jpg\" alt=\"\" width=\"411\" height=\"308\" srcset=\"https:\/\/portalfloresnoar.com\/floresnoar\/wp-content\/uploads\/2024\/01\/xama-das-yabas-700x525.jpg 700w, https:\/\/portalfloresnoar.com\/floresnoar\/wp-content\/uploads\/2024\/01\/xama-das-yabas-300x225.jpg 300w, https:\/\/portalfloresnoar.com\/floresnoar\/wp-content\/uploads\/2024\/01\/xama-das-yabas-768x576.jpg 768w, https:\/\/portalfloresnoar.com\/floresnoar\/wp-content\/uploads\/2024\/01\/xama-das-yabas-160x120.jpg 160w, https:\/\/portalfloresnoar.com\/floresnoar\/wp-content\/uploads\/2024\/01\/xama-das-yabas.jpg 1000w\" sizes=\"(max-width: 411px) 100vw, 411px\" \/><figcaption id=\"caption-attachment-44688\" class=\"wp-caption-text\">Xamba das Yab\u00e1s, na Festa para Nan\u00e3\/2023 [Foto: Lu Rabelo\/ Flores no Ar]<\/figcaption><\/figure><figure id=\"attachment_44689\" aria-describedby=\"caption-attachment-44689\" style=\"width: 412px\" class=\"wp-caption alignright\"><img decoding=\"async\" loading=\"lazy\" class=\"wp-image-44689\" src=\"https:\/\/portalfloresnoar.com\/floresnoar\/wp-content\/uploads\/2024\/01\/Feirinha-Astralize-700x466.jpg\" alt=\"\" width=\"412\" height=\"274\" srcset=\"https:\/\/portalfloresnoar.com\/floresnoar\/wp-content\/uploads\/2024\/01\/Feirinha-Astralize-700x466.jpg 700w, https:\/\/portalfloresnoar.com\/floresnoar\/wp-content\/uploads\/2024\/01\/Feirinha-Astralize-300x200.jpg 300w, https:\/\/portalfloresnoar.com\/floresnoar\/wp-content\/uploads\/2024\/01\/Feirinha-Astralize-768x511.jpg 768w, https:\/\/portalfloresnoar.com\/floresnoar\/wp-content\/uploads\/2024\/01\/Feirinha-Astralize.jpg 1000w\" sizes=\"(max-width: 412px) 100vw, 412px\" \/><figcaption id=\"caption-attachment-44689\" class=\"wp-caption-text\">Feirinha Colaborativa Astralize, Dezembro\/2023 [Foto: Mar\u00edlia Vilas Boas]<\/figcaption><\/figure><em><strong>A t\u00edtulo de exemplo, destacamos abaixo algumas a\u00e7\u00f5es realizadas recentemente:<\/strong><\/em><br \/>\n&#8211; O projeto <a href=\"https:\/\/portalfloresnoar.com\/floresnoar\/agenda-pe-casa-astral-e-sebrae-lancam-o-projeto-lab-artesas\/\" target=\"_blank\" rel=\"noopener\">Lab Artes\u00e3s<\/a>, iniciativa que prop\u00f5e o interc\u00e2mbio intergeracional entre mulheres artes\u00e3s, o fortalecimento criativo e art\u00edstico, bem como a gera\u00e7\u00e3o de renda (parceria com o SEBRAE\/PE).<br \/>\n&#8211; A Oficina de Bonecas de Pano, como processo criativo e de ressignifica\u00e7\u00e3o do corpo e da presen\u00e7a feminina na sociedade, para o empoderamento e ocupa\u00e7\u00e3o de espa\u00e7os de poder.<br \/>\n&#8211; Viv\u00eancias e apresenta\u00e7\u00f5es musicais, com a participa\u00e7\u00e3o de Mestras e Mestres da cultura popular, como a Mestra Cristina Andrade da ciranda e do Urso Canga\u00e7\u00e1; Mestre Sapopemba, m\u00fasico e guardi\u00e3o dos saberes percussivos no terreiro; Mestra Ana Maria Carvalho, das tradi\u00e7\u00f5es do tambor de crioula do Maranh\u00e3o.<br \/>\n&#8211; Festejo para Nan\u00e3, com a participa\u00e7\u00e3o da Xamba das Yab\u00e1s, numa celebra\u00e7\u00e3o \u00e0 ancestralidade feminina e \u00e0 preserva\u00e7\u00e3o dos saberes das mulheres de matriz africana.<br \/>\n&#8211; Oficinas recreativas para crian\u00e7as, com o coletivo Farrinha Criativa, gerando a reconex\u00e3o infantil com brincadeiras de quintal, promovendo experimenta\u00e7\u00f5es art\u00edsticas e reaproveitamento de materiais na cria\u00e7\u00e3o de brinquedos.<br \/>\n&#8211; Participa\u00e7\u00e3o em articula\u00e7\u00f5es de espa\u00e7os culturais, para constru\u00e7\u00f5es e reivindica\u00e7\u00f5es da sociedade civil, por meio da Rede de Espa\u00e7os Culturais de Pernambuco.<br \/>\n&#8211; Articula\u00e7\u00e3o pol\u00edtica junto a representantes do legislativo municipal e estadual, do campo progressista, integrantes das comiss\u00f5es de educa\u00e7\u00e3o, cultura e direitos humanos, onde contribui com propostas e encaminhamentos de a\u00e7\u00f5es para esses setores.<br \/>\n&#8211; Realiza\u00e7\u00e3o de pesquisa, junto ao Mestre Manoelzinho Salustiano, sobre as tradi\u00e7\u00f5es do Maracatu de Baque Solto, com registros e incurs\u00f5es pelos terreiros e seus mestres mais antigos, com o intuito de reunir depoimentos desses patrim\u00f4nios culturais e contribuir para o fortalecimento de entidades dos segmentos da cultura popular.<br \/>\n&#8211; Cria\u00e7\u00e3o da Cozinha Bendita, com card\u00e1pios afetivos e da mem\u00f3ria dos sabores de inf\u00e2ncia, incluindo ingredientes contempor\u00e2neos, de origem org\u00e2nica e da agricultura familiar.<br \/>\n&#8211; Produ\u00e7\u00e3o artesanal no At\u00ealie Seu Astral, inspirada em elementos da natureza e da cultura popular, oferecendo itens decorativos que comp\u00f5em a ornamenta\u00e7\u00e3o da Casa e tamb\u00e9m seguem para astralizar em outros lugares. O Ateli\u00ea tamb\u00e9m realiza pesquisas focadas nas tradi\u00e7\u00f5es e inova\u00e7\u00f5es do artesanato local, valorizando a criatividade e a ancestralidade.<\/p>\n<p><strong>ANIVERS\u00c1RIO<\/strong> &#8211; Neste ano de 2024, a comemora\u00e7\u00e3o do anivers\u00e1rio de 9 anos da Casa Astral ser\u00e1 no dia 21 de janeiro, com um cortejo celebrativo pelas ruas do bairro do Po\u00e7o da Panela, no Recife, onde o espa\u00e7o \u00e9 sediado.<\/p>\n<p>CONTATOS<br \/>\n<strong>Fone\/WhatsApp:<\/strong> (81) 3019.0724<br \/>\n<strong>Endere\u00e7o:<\/strong> Casa Astral \u2013 Rua Joaquim Xavier de Andrade, 104 \u2013 Po\u00e7o da Panela, Recife\/PE<br \/>\n<strong>E-mail:<\/strong> casaastralrecife@gmail.com<br \/>\n<strong>Instagram:<\/strong> <a href=\"https:\/\/www.instagram.com\/casa.astral\/\" target=\"_blank\" rel=\"noopener\">@casa.astral<\/a><br \/>\n<strong>Site:<\/strong> <a href=\"https:\/\/www.casaastral.org\/\" target=\"_blank\" rel=\"noopener\">www.casaastral.org\/<\/a><\/p>\n","protected":false},"excerpt":{"rendered":"<p>No dia 6 de janeiro de 2015, em pleno Dia de Reis, nascia no bairro do Po\u00e7o da Panela, no Recife, a Casa Astral, um espa\u00e7o cultural e colaborativo, que vem ao longo desses nove anos de exist\u00eancia estimulando e acolhendo a\u00e7\u00f5es culturais e sociais voltadas \u00e0 criatividade, sustentabilidade, sa\u00fade, protagonismo feminino e ancestralidade, contribuindo [&hellip;]<\/p>\n","protected":false},"author":1,"featured_media":44692,"comment_status":"open","ping_status":"open","sticky":false,"template":"","format":"standard","meta":{"om_disable_all_campaigns":false,"_monsterinsights_skip_tracking":false,"_monsterinsights_sitenote_active":false,"_monsterinsights_sitenote_note":"","_monsterinsights_sitenote_category":0,"footnotes":""},"categories":[9],"tags":[1278,153,373,1491],"acf":[],"publishpress_future_action":{"enabled":false,"date":"1969-12-31 21:00:00","action":"","terms":[],"taxonomy":"","browser_timezone_offset":0},"_links":{"self":[{"href":"https:\/\/portalfloresnoar.com\/floresnoar\/wp-json\/wp\/v2\/posts\/44693"}],"collection":[{"href":"https:\/\/portalfloresnoar.com\/floresnoar\/wp-json\/wp\/v2\/posts"}],"about":[{"href":"https:\/\/portalfloresnoar.com\/floresnoar\/wp-json\/wp\/v2\/types\/post"}],"author":[{"embeddable":true,"href":"https:\/\/portalfloresnoar.com\/floresnoar\/wp-json\/wp\/v2\/users\/1"}],"replies":[{"embeddable":true,"href":"https:\/\/portalfloresnoar.com\/floresnoar\/wp-json\/wp\/v2\/comments?post=44693"}],"version-history":[{"count":3,"href":"https:\/\/portalfloresnoar.com\/floresnoar\/wp-json\/wp\/v2\/posts\/44693\/revisions"}],"predecessor-version":[{"id":44701,"href":"https:\/\/portalfloresnoar.com\/floresnoar\/wp-json\/wp\/v2\/posts\/44693\/revisions\/44701"}],"wp:featuredmedia":[{"embeddable":true,"href":"https:\/\/portalfloresnoar.com\/floresnoar\/wp-json\/wp\/v2\/media\/44692"}],"wp:attachment":[{"href":"https:\/\/portalfloresnoar.com\/floresnoar\/wp-json\/wp\/v2\/media?parent=44693"}],"wp:term":[{"taxonomy":"category","embeddable":true,"href":"https:\/\/portalfloresnoar.com\/floresnoar\/wp-json\/wp\/v2\/categories?post=44693"},{"taxonomy":"post_tag","embeddable":true,"href":"https:\/\/portalfloresnoar.com\/floresnoar\/wp-json\/wp\/v2\/tags?post=44693"}],"curies":[{"name":"wp","href":"https:\/\/api.w.org\/{rel}","templated":true}]}}