

{"id":44673,"date":"2024-01-11T10:10:07","date_gmt":"2024-01-11T13:10:07","guid":{"rendered":"https:\/\/portalfloresnoar.com\/floresnoar\/?p=44673"},"modified":"2025-07-15T18:40:11","modified_gmt":"2025-07-15T21:40:11","slug":"conheca-as-opcoes-de-divulgacao-oferecidas-pelo-flores-no-ar","status":"publish","type":"post","link":"https:\/\/portalfloresnoar.com\/floresnoar\/conheca-as-opcoes-de-divulgacao-oferecidas-pelo-flores-no-ar\/","title":{"rendered":"Conhe\u00e7a as op\u00e7\u00f5es de divulga\u00e7\u00e3o oferecidas pelo Flores no Ar!"},"content":{"rendered":"<figure id=\"attachment_44677\" aria-describedby=\"caption-attachment-44677\" style=\"width: 631px\" class=\"wp-caption aligncenter\"><img decoding=\"async\" loading=\"lazy\" class=\"wp-image-44677\" src=\"https:\/\/portalfloresnoar.com\/floresnoar\/wp-content\/uploads\/2024\/01\/OPCOES-DE-DIVULGACAO-NO-FLORES-NO-AR.jpg\" alt=\"\" width=\"631\" height=\"631\" srcset=\"https:\/\/portalfloresnoar.com\/floresnoar\/wp-content\/uploads\/2024\/01\/OPCOES-DE-DIVULGACAO-NO-FLORES-NO-AR.jpg 690w, https:\/\/portalfloresnoar.com\/floresnoar\/wp-content\/uploads\/2024\/01\/OPCOES-DE-DIVULGACAO-NO-FLORES-NO-AR-300x300.jpg 300w, https:\/\/portalfloresnoar.com\/floresnoar\/wp-content\/uploads\/2024\/01\/OPCOES-DE-DIVULGACAO-NO-FLORES-NO-AR-150x150.jpg 150w, https:\/\/portalfloresnoar.com\/floresnoar\/wp-content\/uploads\/2024\/01\/OPCOES-DE-DIVULGACAO-NO-FLORES-NO-AR-100x100.jpg 100w\" sizes=\"(max-width: 631px) 100vw, 631px\" \/><figcaption id=\"caption-attachment-44677\" class=\"wp-caption-text\">Ilustra\u00e7\u00e3o: Lua @luarluei (em homenagem aos 14 anos do Flores no Ar, em 2023)<\/figcaption><\/figure>\n<p>O Flores no Ar \u00e9 um portal de not\u00edcias independente e contra-hegem\u00f4nico, criado em 2009 pela jornalista, cantadeira e arteterapeuta Lu Rabelo, com a miss\u00e3o de divulgar a\u00e7\u00f5es e sonhos que nutrem o bem viver.<\/p>\n<p>Somos um Almanaque Digital, onde compartilhamos assuntos relacionados \u00e0 Sa\u00fade, Espiritualidade, Arte, Educa\u00e7\u00e3o, Sustentabilidade e promo\u00e7\u00e3o dos Direitos Humanos e Animais.<\/p>\n<p><strong>Nossos servi\u00e7os de divulga\u00e7\u00e3o s\u00e3o voltados para:<\/strong><br \/>\n\u2192 Terapeutas<br \/>\n\u2192 Oraculistas<br \/>\n\u2192 Artes\u00e3s e artes\u00e3os<br \/>\n\u2192 Artistas independentes<br \/>\n\u2192 Espa\u00e7os Terap\u00eauticos<br \/>\n\u2192 Espa\u00e7os Agroecol\u00f3gicos<br \/>\n\u2192\u00a0Lojas e Restaurantes Naturais<br \/>\n\u2192 Ateli\u00eas<br \/>\n\u2192 Feiras de Artesanato<br \/>\n\u2192 Escolas com pedagogias criativas<br \/>\n\u2192 Assessorias de Imprensa<br \/>\n\u2026 entre outros profissionais, servi\u00e7os e produtos.<\/p>\n<p><strong>Os pacotes de divulga\u00e7\u00e3o oferecidos pelo Portal Flores no Ar incluem:<\/strong><br \/>\n\u2192 Elabora\u00e7\u00e3o de texto no formato jornal\u00edstico (release);<br \/>\n\u2192 Publica\u00e7\u00e3o da postagem, com destaque, no site: <a href=\"https:\/\/portalfloresnoar.com\/floresnoa\" target=\"_blank\" rel=\"noopener\">www.portalfloresnoar.com<\/a><br \/>\n( permitindo que a postagem apare\u00e7a em sites de busca, como o Google );<br \/>\n\u2192 Divulga\u00e7\u00e3o da postagem no Informativo Flores no Ar, enviado semanalmente para nossa lista de e-mails;<br \/>\n\u2192 Postagens nas Redes Sociais do Flores no Ar (Instagram, Facebook e<br \/>\nThreads);<br \/>\n\u2192 B\u00f4nus: Impulsionamento (tr\u00e1fego pago) das postagens no Instagram.<\/p>\n<p><strong>Para mais informa\u00e7\u00f5es sobre as op\u00e7\u00f5es de divulga\u00e7\u00e3o oferecidas, acesse este link<\/strong>: <a href=\"https:\/\/drive.google.com\/file\/d\/11Vj1OCt3LgU-tz3rXHDcKdQNdedlXAht\/view?usp=sharing\" target=\"_blank\" rel=\"noopener\">https:\/\/drive.google.com\/file\/d\/11Vj1OCt3LgU-tz3rXHDcKdQNdedlXAht\/view?usp=sharing<\/a><\/p>\n<p><strong>CONTATOS<\/strong><br \/>\n<strong>E-mail:<\/strong> floresnoar@gmail.com<br \/>\n<strong>WhatsApp:<\/strong> (81) 99966.9188<br \/>\n<strong>Instagram:<\/strong> <a href=\"https:\/\/www.instagram.com\/floresnoar\/\" target=\"_blank\" rel=\"noopener\">@floresnoar<\/a><\/p>\n<p>&nbsp;<\/p>\n","protected":false},"excerpt":{"rendered":"<p>O Flores no Ar \u00e9 um portal de not\u00edcias independente e contra-hegem\u00f4nico, criado em 2009 pela jornalista, cantadeira e arteterapeuta Lu Rabelo, com a miss\u00e3o de divulgar a\u00e7\u00f5es e sonhos que nutrem o bem viver. Somos um Almanaque Digital, onde compartilhamos assuntos relacionados \u00e0 Sa\u00fade, Espiritualidade, Arte, Educa\u00e7\u00e3o, Sustentabilidade e promo\u00e7\u00e3o dos Direitos Humanos e [&hellip;]<\/p>\n","protected":false},"author":1,"featured_media":44676,"comment_status":"open","ping_status":"open","sticky":false,"template":"","format":"standard","meta":{"om_disable_all_campaigns":false,"_monsterinsights_skip_tracking":false,"_monsterinsights_sitenote_active":false,"_monsterinsights_sitenote_note":"","_monsterinsights_sitenote_category":0,"footnotes":""},"categories":[9],"tags":[1490,49,24,1489,152,1488,1487,1438],"acf":[],"publishpress_future_action":{"enabled":false,"date":"1969-12-31 21:00:00","action":"","terms":[],"taxonomy":"","browser_timezone_offset":0},"_links":{"self":[{"href":"https:\/\/portalfloresnoar.com\/floresnoar\/wp-json\/wp\/v2\/posts\/44673"}],"collection":[{"href":"https:\/\/portalfloresnoar.com\/floresnoar\/wp-json\/wp\/v2\/posts"}],"about":[{"href":"https:\/\/portalfloresnoar.com\/floresnoar\/wp-json\/wp\/v2\/types\/post"}],"author":[{"embeddable":true,"href":"https:\/\/portalfloresnoar.com\/floresnoar\/wp-json\/wp\/v2\/users\/1"}],"replies":[{"embeddable":true,"href":"https:\/\/portalfloresnoar.com\/floresnoar\/wp-json\/wp\/v2\/comments?post=44673"}],"version-history":[{"count":7,"href":"https:\/\/portalfloresnoar.com\/floresnoar\/wp-json\/wp\/v2\/posts\/44673\/revisions"}],"predecessor-version":[{"id":45902,"href":"https:\/\/portalfloresnoar.com\/floresnoar\/wp-json\/wp\/v2\/posts\/44673\/revisions\/45902"}],"wp:featuredmedia":[{"embeddable":true,"href":"https:\/\/portalfloresnoar.com\/floresnoar\/wp-json\/wp\/v2\/media\/44676"}],"wp:attachment":[{"href":"https:\/\/portalfloresnoar.com\/floresnoar\/wp-json\/wp\/v2\/media?parent=44673"}],"wp:term":[{"taxonomy":"category","embeddable":true,"href":"https:\/\/portalfloresnoar.com\/floresnoar\/wp-json\/wp\/v2\/categories?post=44673"},{"taxonomy":"post_tag","embeddable":true,"href":"https:\/\/portalfloresnoar.com\/floresnoar\/wp-json\/wp\/v2\/tags?post=44673"}],"curies":[{"name":"wp","href":"https:\/\/api.w.org\/{rel}","templated":true}]}}