

{"id":44668,"date":"2024-01-01T19:37:15","date_gmt":"2024-01-01T22:37:15","guid":{"rendered":"https:\/\/portalfloresnoar.com\/floresnoar\/?p=44668"},"modified":"2024-01-04T20:20:54","modified_gmt":"2024-01-04T23:20:54","slug":"jardim-2024-e-regido-pelo-numero-8-e-pelo-arcano-a-justica","status":"publish","type":"post","link":"https:\/\/portalfloresnoar.com\/floresnoar\/jardim-2024-e-regido-pelo-numero-8-e-pelo-arcano-a-justica\/","title":{"rendered":"2024 \u00e9 regido pelo n\u00famero 8 e pelo arcano &#8216;A Justi\u00e7a&#8217;"},"content":{"rendered":"<p>2024 (2+0+2+4=8).<br \/>\nNa Numerologia Cabal\u00edstica, o 8 simboliza responsabilidade, maturidade, progresso, harmonia c\u00f3smica, ordem e justi\u00e7a divinas. O n\u00famero 8 \u00e9 tamb\u00e9m associado \u00e0 leminiscata, o s\u00edmbolo do infinito e o seu constante movimento. Pra maioria dos oraculistas, o arcano regente deste ano \u00e9 \u2018A Justi\u00e7a\u2019.<\/p>\n<p>Compartilhamos abaixo os versos do arcano 8 do <strong><a href=\"https:\/\/www.instagram.com\/cordeldotarot\/\">Cordel do Tarot<\/a><\/strong>, com votos de tempos mais justos e harm\u00f4nicos!<\/p>\n<figure id=\"attachment_44669\" aria-describedby=\"caption-attachment-44669\" style=\"width: 334px\" class=\"wp-caption alignleft\"><img decoding=\"async\" loading=\"lazy\" class=\"wp-image-44669 \" src=\"https:\/\/portalfloresnoar.com\/floresnoar\/wp-content\/uploads\/2024\/01\/A-Justica-_-Cordel-do-Tarot-354x700.jpg\" alt=\"\" width=\"334\" height=\"660\" srcset=\"https:\/\/portalfloresnoar.com\/floresnoar\/wp-content\/uploads\/2024\/01\/A-Justica-_-Cordel-do-Tarot-354x700.jpg 354w, https:\/\/portalfloresnoar.com\/floresnoar\/wp-content\/uploads\/2024\/01\/A-Justica-_-Cordel-do-Tarot-152x300.jpg 152w, https:\/\/portalfloresnoar.com\/floresnoar\/wp-content\/uploads\/2024\/01\/A-Justica-_-Cordel-do-Tarot-768x1520.jpg 768w, https:\/\/portalfloresnoar.com\/floresnoar\/wp-content\/uploads\/2024\/01\/A-Justica-_-Cordel-do-Tarot-776x1536.jpg 776w, https:\/\/portalfloresnoar.com\/floresnoar\/wp-content\/uploads\/2024\/01\/A-Justica-_-Cordel-do-Tarot.jpg 794w\" sizes=\"(max-width: 334px) 100vw, 334px\" \/><figcaption id=\"caption-attachment-44669\" class=\"wp-caption-text\">Ilustra\u00e7\u00f5es das cartas do Cordel do Tarot: Lua @luarluei<\/figcaption><\/figure>\n<p><strong>A JUSTI\u00c7A &#8211; VIII<\/strong><br \/>\n<em>Por <a href=\"https:\/\/www.instagram.com\/canto.de.lu\" target=\"_blank\" rel=\"noopener\"> Lu Rabelo<\/a><\/em><\/p>\n<p>A Justi\u00e7a humana n\u00e3o \u00e9 cega<br \/>\nParcial, muitas vezes \u00e9 injusta<br \/>\nNo Tarot esta Arcana quer ser justa<br \/>\nA Medida Sagrada ela emprega<br \/>\nO Respeito \u00e9 conduta que carrega<br \/>\nTendo a Lei do Amor como regente<br \/>\nAncorada no instante do presente<br \/>\nConsidera a\u00e7\u00e3o e rea\u00e7\u00e3o<br \/>\nPonderando raz\u00e3o e emo\u00e7\u00e3o<br \/>\nEnxergando a luz no confidente.<\/p>\n<p>Numa m\u00e3o a balan\u00e7a estabiliza<br \/>\nNoutra m\u00e3o a espada \u00e9 cortante<br \/>\nFaz ajustes, \u00e9 autoconfiante<br \/>\nO cen\u00e1rio completo analisa<br \/>\nEquilibra os pesos, organiza<br \/>\nAssertiva, afasta o que n\u00e3o presta<br \/>\nA Justi\u00e7a da Alma manifesta<br \/>\nSentencia \u00e0 luz da Estrela Guia<br \/>\nN\u00e3o acolhe nenhuma covardia<br \/>\n\u00c9 valente, altiva e honesta.<\/p>\n<p>\u00c9 atenta ao que planta no agora<br \/>\nJ\u00e1 prevendo os frutos da colheita<br \/>\nDesafia, discursa, manda, peita<br \/>\nElimina as cargas de outrora<br \/>\nDa justeza \u00e9 ela a senhora<br \/>\n\u00c9 Atena, a filha da Prud\u00eancia<br \/>\nAmazona, mirando compet\u00eancia<br \/>\nDiscernindo as li\u00e7\u00f5es que v\u00eam do Carma<br \/>\nD\u00e1 pot\u00eancia, defende a lei do Darma<br \/>\nVasta e crua, clareia a ess\u00eancia.<\/p>\n<p>\u00c9 guerreira, n\u00e3o foge da batalha<br \/>\nQual Ob\u00e1, rebulindo a correnteza<br \/>\nO escudo, segura com firmeza<br \/>\nSe preciso, aciona a navalha<br \/>\nAfiada, a l\u00e2mina retalha<br \/>\nDescartando o que n\u00e3o tem serventia<br \/>\nCombatendo ego\u00edsmo e regalia<br \/>\nConsagrando o que \u00e9 merecimento<br \/>\nRejeitando padr\u00f5es de sofrimento<br \/>\nDecretando os princ\u00edpios d\u2019Harmonia.<\/p>\n<p><strong>Para acessar todos os Arcanos Maiores do Cordel Tarot \u2192<\/strong><a href=\"https:\/\/linktr.ee\/cordeldotarot\" target=\"_blank\" rel=\"noopener\">https:\/\/linktr.ee\/cordeldotarot<\/a><\/p>\n<p><em>Mais informa\u00e7\u00f5es: <a href=\"https:\/\/www.instagram.com\/cordeldotarot\/\" target=\"_blank\" rel=\"noopener\">@cordeldotarot<\/a><\/em><\/p>\n","protected":false},"excerpt":{"rendered":"<p>2024 (2+0+2+4=8). Na Numerologia Cabal\u00edstica, o 8 simboliza responsabilidade, maturidade, progresso, harmonia c\u00f3smica, ordem e justi\u00e7a divinas. O n\u00famero 8 \u00e9 tamb\u00e9m associado \u00e0 leminiscata, o s\u00edmbolo do infinito e o seu constante movimento. Pra maioria dos oraculistas, o arcano regente deste ano \u00e9 \u2018A Justi\u00e7a\u2019. Compartilhamos abaixo os versos do arcano 8 do Cordel [&hellip;]<\/p>\n","protected":false},"author":1,"featured_media":44670,"comment_status":"open","ping_status":"open","sticky":false,"template":"","format":"standard","meta":{"om_disable_all_campaigns":false,"_monsterinsights_skip_tracking":false,"_monsterinsights_sitenote_active":false,"_monsterinsights_sitenote_note":"","_monsterinsights_sitenote_category":0,"footnotes":""},"categories":[13],"tags":[1485,388,1013,448,1486,1294,232,390,51,86],"acf":[],"publishpress_future_action":{"enabled":false,"date":"1969-12-31 21:00:00","action":"","terms":[],"taxonomy":"","browser_timezone_offset":0},"_links":{"self":[{"href":"https:\/\/portalfloresnoar.com\/floresnoar\/wp-json\/wp\/v2\/posts\/44668"}],"collection":[{"href":"https:\/\/portalfloresnoar.com\/floresnoar\/wp-json\/wp\/v2\/posts"}],"about":[{"href":"https:\/\/portalfloresnoar.com\/floresnoar\/wp-json\/wp\/v2\/types\/post"}],"author":[{"embeddable":true,"href":"https:\/\/portalfloresnoar.com\/floresnoar\/wp-json\/wp\/v2\/users\/1"}],"replies":[{"embeddable":true,"href":"https:\/\/portalfloresnoar.com\/floresnoar\/wp-json\/wp\/v2\/comments?post=44668"}],"version-history":[{"count":2,"href":"https:\/\/portalfloresnoar.com\/floresnoar\/wp-json\/wp\/v2\/posts\/44668\/revisions"}],"predecessor-version":[{"id":44697,"href":"https:\/\/portalfloresnoar.com\/floresnoar\/wp-json\/wp\/v2\/posts\/44668\/revisions\/44697"}],"wp:featuredmedia":[{"embeddable":true,"href":"https:\/\/portalfloresnoar.com\/floresnoar\/wp-json\/wp\/v2\/media\/44670"}],"wp:attachment":[{"href":"https:\/\/portalfloresnoar.com\/floresnoar\/wp-json\/wp\/v2\/media?parent=44668"}],"wp:term":[{"taxonomy":"category","embeddable":true,"href":"https:\/\/portalfloresnoar.com\/floresnoar\/wp-json\/wp\/v2\/categories?post=44668"},{"taxonomy":"post_tag","embeddable":true,"href":"https:\/\/portalfloresnoar.com\/floresnoar\/wp-json\/wp\/v2\/tags?post=44668"}],"curies":[{"name":"wp","href":"https:\/\/api.w.org\/{rel}","templated":true}]}}