

{"id":44660,"date":"2024-01-01T15:06:03","date_gmt":"2024-01-01T18:06:03","guid":{"rendered":"https:\/\/portalfloresnoar.com\/floresnoar\/?p=44660"},"modified":"2024-01-01T16:22:54","modified_gmt":"2024-01-01T19:22:54","slug":"carta-discordamos-desse-modelo-do-desenvolvimento-a-qualquer-custo","status":"publish","type":"post","link":"https:\/\/portalfloresnoar.com\/floresnoar\/carta-discordamos-desse-modelo-do-desenvolvimento-a-qualquer-custo\/","title":{"rendered":"[CARTA] &#8220;Discordamos desse modelo do &#8216;desenvolvimento a qualquer custo'&#8221;"},"content":{"rendered":"<p><em>Fazendo umas pesquisas hoje c\u00e1 no Portal Flores no Ar, encontrei uma carta de mulheres ind\u00edgenas de 36 povos do Nordeste, Minas Gerais e Esp\u00edrito Santo endere\u00e7ada \u00e0 querida Dilma, em 2011. Minha presidenta golpeada, hoje, por indica\u00e7\u00e3o do nosso presidente Lula (vivaa!), est\u00e1 no comando do Banco dos BRICS (Brasil, R\u00fassia, \u00cdndia, China e \u00c1frica do Sul (South Africa, em ingl\u00eas). Aconselho ela e Lula a relerem esta carta!<\/em><br \/>\n[<em>Pre\u00e2mbulo por Lu Rabelo, guardi\u00e3 do Portal Flores no Ar<\/em>]<\/p>\n<p><em><strong>Confira abaixo a carta na \u00edntegra!<\/strong><\/em><\/p>\n<p>&#8220;\u00c0 excelent\u00edssima Presidenta da Rep\u00fablica Dilma Roussef,<\/p>\n<p>N\u00f3s, mulheres ind\u00edgenas representantes de 36 povos dos Estados do Cear\u00e1, Para\u00edba, Rio Grande de Norte, Alagoas, Pernambuco, Bahia, Piau\u00ed, Minas Gerais e Esp\u00edrito Santo, nos reunimos na aldeia Tux\u00e1 de Rodelas (BA), de 27 a 30 de mar\u00e7o de 2011, por ocasi\u00e3o da II Assembleia das Mulheres Guerreiras Ind\u00edgenas da APOINME, para discutir tem\u00e1ticas que afetam nossas vidas, nossas comunidades e nossos territ\u00f3rios sagrados.<\/p>\n<p>Discutimos nesses dias as v\u00e1rias formas de agress\u00e3o a nossos territ\u00f3rios ind\u00edgenas como a Transposi\u00e7\u00e3o do Rio S\u00e3o Francisco, a ferrovia Transnordestina, as barragens de Pedra Branca e Riacho Seco, a usina nuclear de Itacuruba e outras grandes obras do PAC.<\/p>\n<p>Manifestamos nossa profunda preocupa\u00e7\u00e3o relacionada com o desrespeito sistem\u00e1tico dos nossos direitos territoriais reconhecidos tanto pela Carta Magna desse pa\u00eds, como em tratados e conven\u00e7\u00f5es internacionais.<\/p>\n<p>Denunciamos os sucessivos desrespeitos aos nossos direitos e discordamos desse modelo do \u201cdesenvolvimento a qualquer custo\u201d, que coloca o lucro acima de tudo e de nossas pr\u00f3prias vidas e da vida de nossa m\u00e3e natureza. O planeta inteiro j\u00e1 est\u00e1 sofrendo as conseq\u00fc\u00eancias da explora\u00e7\u00e3o intensiva e desmedida dos recursos naturais. Por isso, assistimos a cat\u00e1strofes mundiais, muito nos assusta a recente trag\u00e9dia nuclear vivida pelos japoneses e por isso n\u00e3o vamos aceitar uma usina nuclear em Itacuruba impactando nossos territ\u00f3rios e nosso velho Chico. Persistimos na defesa das alternativas de conviv\u00eancia com o Semi-\u00e1rido e da produ\u00e7\u00e3o energ\u00e9tica alternativa.<\/p>\n<p>Al\u00e9m disso, j\u00e1 estamos sofrendo com as conseq\u00fc\u00eancias das obras da transposi\u00e7\u00e3o e da transnordestina em nossas cidades e comunidades, que t\u00eam graves impactos sociais como a prostitui\u00e7\u00e3o, inclusive infantil, a introdu\u00e7\u00e3o do crack no sert\u00e3o, a desestrutura\u00e7\u00e3o da cadeia produtiva na agricultura, entre outros, sem contar com a invas\u00e3o dos territ\u00f3rios ind\u00edgenas e a agress\u00e3o ao rio S\u00e3o Francisco.<\/p>\n<p>Estamos cientes que a demora na demarca\u00e7\u00e3o dos territ\u00f3rios ind\u00edgenas abre brechas para a implementa\u00e7\u00e3o das grandes obras de grave impacto s\u00f3cio-ambiental, desconsiderando nossos direitos territoriais.<\/p>\n<p>Portanto exigimos a demarca\u00e7\u00e3o imediata de nossos territ\u00f3rios e o respeito dos direitos de viver livremente e segundo nossos usos, costumes e tradi\u00e7\u00f5es.<\/p>\n<p>Condenamos qualquer grande obra e empreendimento governamental que fere nossa m\u00e3e terra e prejudica nossas formas de vida nos aspectos econ\u00f4micos, ambientais, culturais, sociais e espirituais.<\/p>\n<p>As mulheres ind\u00edgenas do Nordeste, Minas Gerais e Esp\u00edrito Santo est\u00e3o unidas na defesa de nossa m\u00e3e terra e de nossos direitos ind\u00edgenas, porque o que afeta um dos povos afeta todos n\u00f3s e o Brasil inteiro, e por isso sempre lutaremos.&#8221;<\/p>\n<p>Brasil, 2011<\/p>\n","protected":false},"excerpt":{"rendered":"<p>Fazendo umas pesquisas hoje c\u00e1 no Portal Flores no Ar, encontrei uma carta de mulheres ind\u00edgenas de 36 povos do Nordeste, Minas Gerais e Esp\u00edrito Santo endere\u00e7ada \u00e0 querida Dilma, em 2011. Minha presidenta golpeada, hoje, por indica\u00e7\u00e3o do nosso presidente Lula (vivaa!), est\u00e1 no comando do Banco dos BRICS (Brasil, R\u00fassia, \u00cdndia, China e [&hellip;]<\/p>\n","protected":false},"author":1,"featured_media":44664,"comment_status":"open","ping_status":"open","sticky":false,"template":"","format":"standard","meta":{"om_disable_all_campaigns":false,"_monsterinsights_skip_tracking":false,"_monsterinsights_sitenote_active":false,"_monsterinsights_sitenote_note":"","_monsterinsights_sitenote_category":0,"footnotes":""},"categories":[220,13],"tags":[1482,1064,1484,1481,1479,1275,1480,247,154,1246,1048,1483,1023],"acf":[],"publishpress_future_action":{"enabled":false,"date":"1969-12-31 21:00:00","action":"","terms":[],"taxonomy":"","browser_timezone_offset":0},"_links":{"self":[{"href":"https:\/\/portalfloresnoar.com\/floresnoar\/wp-json\/wp\/v2\/posts\/44660"}],"collection":[{"href":"https:\/\/portalfloresnoar.com\/floresnoar\/wp-json\/wp\/v2\/posts"}],"about":[{"href":"https:\/\/portalfloresnoar.com\/floresnoar\/wp-json\/wp\/v2\/types\/post"}],"author":[{"embeddable":true,"href":"https:\/\/portalfloresnoar.com\/floresnoar\/wp-json\/wp\/v2\/users\/1"}],"replies":[{"embeddable":true,"href":"https:\/\/portalfloresnoar.com\/floresnoar\/wp-json\/wp\/v2\/comments?post=44660"}],"version-history":[{"count":3,"href":"https:\/\/portalfloresnoar.com\/floresnoar\/wp-json\/wp\/v2\/posts\/44660\/revisions"}],"predecessor-version":[{"id":44667,"href":"https:\/\/portalfloresnoar.com\/floresnoar\/wp-json\/wp\/v2\/posts\/44660\/revisions\/44667"}],"wp:featuredmedia":[{"embeddable":true,"href":"https:\/\/portalfloresnoar.com\/floresnoar\/wp-json\/wp\/v2\/media\/44664"}],"wp:attachment":[{"href":"https:\/\/portalfloresnoar.com\/floresnoar\/wp-json\/wp\/v2\/media?parent=44660"}],"wp:term":[{"taxonomy":"category","embeddable":true,"href":"https:\/\/portalfloresnoar.com\/floresnoar\/wp-json\/wp\/v2\/categories?post=44660"},{"taxonomy":"post_tag","embeddable":true,"href":"https:\/\/portalfloresnoar.com\/floresnoar\/wp-json\/wp\/v2\/tags?post=44660"}],"curies":[{"name":"wp","href":"https:\/\/api.w.org\/{rel}","templated":true}]}}