

{"id":44655,"date":"2023-12-31T21:57:00","date_gmt":"2024-01-01T00:57:00","guid":{"rendered":"https:\/\/portalfloresnoar.com\/floresnoar\/?p=44655"},"modified":"2023-12-31T21:57:00","modified_gmt":"2024-01-01T00:57:00","slug":"canto-de-lu-me-dei-conta-que-a-gente-morre-mermo","status":"publish","type":"post","link":"https:\/\/portalfloresnoar.com\/floresnoar\/canto-de-lu-me-dei-conta-que-a-gente-morre-mermo\/","title":{"rendered":"[CANTO DE LU] Me dei conta que a gente morre mermo"},"content":{"rendered":"<p>| <em>Por Lu Rabelo*<\/em> |<\/p>\n<figure id=\"attachment_44657\" aria-describedby=\"caption-attachment-44657\" style=\"width: 326px\" class=\"wp-caption alignleft\"><img decoding=\"async\" loading=\"lazy\" class=\"wp-image-44657\" src=\"https:\/\/portalfloresnoar.com\/floresnoar\/wp-content\/uploads\/2023\/12\/menor-estagiaria-do-banco-do-brasil-525x700.jpeg\" alt=\"\" width=\"326\" height=\"435\" srcset=\"https:\/\/portalfloresnoar.com\/floresnoar\/wp-content\/uploads\/2023\/12\/menor-estagiaria-do-banco-do-brasil-525x700.jpeg 525w, https:\/\/portalfloresnoar.com\/floresnoar\/wp-content\/uploads\/2023\/12\/menor-estagiaria-do-banco-do-brasil-225x300.jpeg 225w, https:\/\/portalfloresnoar.com\/floresnoar\/wp-content\/uploads\/2023\/12\/menor-estagiaria-do-banco-do-brasil-768x1024.jpeg 768w, https:\/\/portalfloresnoar.com\/floresnoar\/wp-content\/uploads\/2023\/12\/menor-estagiaria-do-banco-do-brasil-1152x1536.jpeg 1152w, https:\/\/portalfloresnoar.com\/floresnoar\/wp-content\/uploads\/2023\/12\/menor-estagiaria-do-banco-do-brasil.jpeg 1200w\" sizes=\"(max-width: 326px) 100vw, 326px\" \/><figcaption id=\"caption-attachment-44657\" class=\"wp-caption-text\">Minha carteira de trabalho, com o registro de meu primeiro emprego, em 1987, aos 14 anos, como menor estagi\u00e1ria do Banco do Brasil, em Bras\u00edlia\/DF, quando eu recebia em Cruzado (CZ$).<\/figcaption><\/figure>\n<p>2023 come\u00e7ou bem, com Lula na guian\u00e7a de nosso l\u00f4co Pa\u00eds. Ufa! E enquanto ele e a equipe de servidores arrumavam a casa nacional, eu ajeitava as coisas por aqui. Oscilei como as esta\u00e7\u00f5es, atenta a todos os meus ciclos. Mudei de casa e cidade, indo um passo mais pra dentro da Mata. Pintando paredes, cortando grama, juntando folhas e perguntando pra onde devo rumar em meu caminho profissional, ao tempo que sigo rumando. Foi um ano de dinheiro apertado; de anseio por sustentabilidade me incentivando a aventar a possibilidade de fazer um concurso p\u00fablico (sonho de painho); de iniciar uma Licenciatura em Letras, 25 anos depois da gradua\u00e7\u00e3o em Jornalismo; de insights dos aprendizados profundos que tenho vivido.<\/p>\n<p>Como \u00e9 bom a gente se respeitar, estar atentas aos pr\u00f3prios limites e fazer escolhas boas! Aprendi tamb\u00e9m que o autoperd\u00e3o nos salva.<\/p>\n<p>Neste novo ciclo, pe\u00e7o serenidade e \u00e2nimo para atuar poeticamente onde eu deva e queira estar. Que nesta cocria\u00e7\u00e3o a seta continue apontando pro bem viver de todos os Seres, Elementos e Estrelas, e eu honre o legado que me guarda.<\/p>\n<p>Neste ano de 2023 me dei conta que a gente morre mermo.<\/p>\n<p>Saudade de painho! Que bom ter passado a tarde hoje com mainha!<\/p>\n<p>[Enquanto eu tava escrevendo este texto olhei pra parede e vi num panfleto da @casa.astral escrito: \u201cO Essencial \u00e9 simples\u201d.]<\/p>\n<p>Obs.: Muito feliz que o Banco do Brasil est\u00e1 sendo presidido pela paraibana Tarciana Medeiros @tarcianadobb (a primeira mulher, na hist\u00f3ria de 170 anos do banco, a ocupar o cargo). Viva! \u2661<\/p>\n<p><em>* Lu Rabelo \u00e9\u00a0<a href=\"https:\/\/www.instagram.com\/canto.de.lu\" target=\"_blank\" rel=\"noopener\">cantadeira<\/a><a href=\"https:\/\/www.facebook.com\/cantodelu7\/\" target=\"_blank\" rel=\"noopener noreferrer\">,<\/a>\u00a0arteterapeuta, herbalista, jornalista e guardi\u00e3 do\u00a0<a href=\"http:\/\/portalfloresnoar.com\/\" target=\"_blank\" rel=\"noopener noreferrer\">Portal Flores no Ar<\/a>.\u00a0<\/em><\/p>\n","protected":false},"excerpt":{"rendered":"<p>| Por Lu Rabelo* | 2023 come\u00e7ou bem, com Lula na guian\u00e7a de nosso l\u00f4co Pa\u00eds. Ufa! E enquanto ele e a equipe de servidores arrumavam a casa nacional, eu ajeitava as coisas por aqui. Oscilei como as esta\u00e7\u00f5es, atenta a todos os meus ciclos. Mudei de casa e cidade, indo um passo mais pra [&hellip;]<\/p>\n","protected":false},"author":1,"featured_media":44656,"comment_status":"open","ping_status":"open","sticky":false,"template":"","format":"standard","meta":{"om_disable_all_campaigns":false,"_monsterinsights_skip_tracking":false,"_monsterinsights_sitenote_active":false,"_monsterinsights_sitenote_note":"","_monsterinsights_sitenote_category":0,"footnotes":""},"categories":[227,220],"tags":[1478,361,19,1479,1275],"acf":[],"publishpress_future_action":{"enabled":false,"date":"1969-12-31 21:00:00","action":"","terms":[],"taxonomy":"","browser_timezone_offset":0},"_links":{"self":[{"href":"https:\/\/portalfloresnoar.com\/floresnoar\/wp-json\/wp\/v2\/posts\/44655"}],"collection":[{"href":"https:\/\/portalfloresnoar.com\/floresnoar\/wp-json\/wp\/v2\/posts"}],"about":[{"href":"https:\/\/portalfloresnoar.com\/floresnoar\/wp-json\/wp\/v2\/types\/post"}],"author":[{"embeddable":true,"href":"https:\/\/portalfloresnoar.com\/floresnoar\/wp-json\/wp\/v2\/users\/1"}],"replies":[{"embeddable":true,"href":"https:\/\/portalfloresnoar.com\/floresnoar\/wp-json\/wp\/v2\/comments?post=44655"}],"version-history":[{"count":1,"href":"https:\/\/portalfloresnoar.com\/floresnoar\/wp-json\/wp\/v2\/posts\/44655\/revisions"}],"predecessor-version":[{"id":44658,"href":"https:\/\/portalfloresnoar.com\/floresnoar\/wp-json\/wp\/v2\/posts\/44655\/revisions\/44658"}],"wp:featuredmedia":[{"embeddable":true,"href":"https:\/\/portalfloresnoar.com\/floresnoar\/wp-json\/wp\/v2\/media\/44656"}],"wp:attachment":[{"href":"https:\/\/portalfloresnoar.com\/floresnoar\/wp-json\/wp\/v2\/media?parent=44655"}],"wp:term":[{"taxonomy":"category","embeddable":true,"href":"https:\/\/portalfloresnoar.com\/floresnoar\/wp-json\/wp\/v2\/categories?post=44655"},{"taxonomy":"post_tag","embeddable":true,"href":"https:\/\/portalfloresnoar.com\/floresnoar\/wp-json\/wp\/v2\/tags?post=44655"}],"curies":[{"name":"wp","href":"https:\/\/api.w.org\/{rel}","templated":true}]}}