

{"id":44618,"date":"2023-05-20T10:11:03","date_gmt":"2023-05-20T13:11:03","guid":{"rendered":"https:\/\/portalfloresnoar.com\/floresnoar\/?p=44618"},"modified":"2023-12-28T10:52:21","modified_gmt":"2023-12-28T13:52:21","slug":"agenda-pe-casa-astral-realiza-celebracao-natalina-coletiva-no-recife-na-noite-de-24-de-dezembro","status":"publish","type":"post","link":"https:\/\/portalfloresnoar.com\/floresnoar\/agenda-pe-casa-astral-realiza-celebracao-natalina-coletiva-no-recife-na-noite-de-24-de-dezembro\/","title":{"rendered":"[AGENDA PE] Casa Astral realiza celebra\u00e7\u00e3o natalina coletiva no Recife na noite de 24 de dezembro"},"content":{"rendered":"<p><img decoding=\"async\" loading=\"lazy\" class=\"aligncenter wp-image-44615\" src=\"https:\/\/portalfloresnoar.com\/floresnoar\/wp-content\/uploads\/2023\/12\/natal-na-casa-astral-700x700.jpeg\" alt=\"\" width=\"631\" height=\"631\" srcset=\"https:\/\/portalfloresnoar.com\/floresnoar\/wp-content\/uploads\/2023\/12\/natal-na-casa-astral-700x700.jpeg 700w, https:\/\/portalfloresnoar.com\/floresnoar\/wp-content\/uploads\/2023\/12\/natal-na-casa-astral-300x300.jpeg 300w, https:\/\/portalfloresnoar.com\/floresnoar\/wp-content\/uploads\/2023\/12\/natal-na-casa-astral-150x150.jpeg 150w, https:\/\/portalfloresnoar.com\/floresnoar\/wp-content\/uploads\/2023\/12\/natal-na-casa-astral-768x768.jpeg 768w, https:\/\/portalfloresnoar.com\/floresnoar\/wp-content\/uploads\/2023\/12\/natal-na-casa-astral-1536x1536.jpeg 1536w, https:\/\/portalfloresnoar.com\/floresnoar\/wp-content\/uploads\/2023\/12\/natal-na-casa-astral-100x100.jpeg 100w, https:\/\/portalfloresnoar.com\/floresnoar\/wp-content\/uploads\/2023\/12\/natal-na-casa-astral.jpeg 1600w\" sizes=\"(max-width: 631px) 100vw, 631px\" \/><\/p>\n<p>Festejar o Natal e a chegada do ano novo muitas vezes \u00e9 algo delicado pra quem t\u00e1 sem turma, fam\u00edlia ou tendo que lidar com perdas e outros processos&#8230; Para somar energias e tornar a alegria um sentimento comum entre as pessoas, a Casa Astral realiza na noite de 24\/12 o Natal Comum.<\/p>\n<p>O chamado \u00e9 para uma celebra\u00e7\u00e3o natalina coletiva, onde cada um leva algo para compartilhar. &#8220;Vamos criar nossa ceia, contar hist\u00f3rias, recitar poesia, fazer batuques e cantorias. O astral \u00e9 de quem chega! E neste Natal vamos fazer dele uma for\u00e7a comum entre n\u00f3s?&#8221;, convida Guida Gomes, guardi\u00e3 da Casa Astral.<\/p>\n<p><strong>* Natal Comum &#8211; Celebra\u00e7\u00e3o Coletiva Natalina *<\/strong><br \/>\n<strong>Data:<\/strong> 24\/12\/2023 (Domingo)<br \/>\n<strong>Hora:<\/strong> A partir das 19h<br \/>\n<strong>Local:<\/strong> Casa Astral \u2013 Rua Joaquim Xavier de Andrade, 104 \u2013 Po\u00e7o da Panela, Recife\/PE<\/p>\n<p>MAIS INFORMA\u00c7\u00d5ES:<br \/>\n<strong>Instagram:<\/strong>\u00a0<a href=\"https:\/\/www.instagram.com\/casa.astral\/\" target=\"_blank\" rel=\"noopener\">@casa.astral<\/a><br \/>\n<strong>Telefone\/ WhatsApp:<\/strong>\u00a081 3019-0724<\/p>\n","protected":false},"excerpt":{"rendered":"<p>Festejar o Natal e a chegada do ano novo muitas vezes \u00e9 algo delicado pra quem t\u00e1 sem turma, fam\u00edlia ou tendo que lidar com perdas e outros processos&#8230; Para somar energias e tornar a alegria um sentimento comum entre as pessoas, a Casa Astral realiza na noite de 24\/12 o Natal Comum. O chamado [&hellip;]<\/p>\n","protected":false},"author":1,"featured_media":44616,"comment_status":"open","ping_status":"open","sticky":false,"template":"","format":"standard","meta":{"om_disable_all_campaigns":false,"_monsterinsights_skip_tracking":false,"_monsterinsights_sitenote_active":false,"_monsterinsights_sitenote_note":"","_monsterinsights_sitenote_category":0,"footnotes":""},"categories":[8,214],"tags":[647],"acf":[],"publishpress_future_action":{"enabled":false,"date":"1969-12-31 21:00:00","action":"","terms":[],"taxonomy":"","browser_timezone_offset":0},"_links":{"self":[{"href":"https:\/\/portalfloresnoar.com\/floresnoar\/wp-json\/wp\/v2\/posts\/44618"}],"collection":[{"href":"https:\/\/portalfloresnoar.com\/floresnoar\/wp-json\/wp\/v2\/posts"}],"about":[{"href":"https:\/\/portalfloresnoar.com\/floresnoar\/wp-json\/wp\/v2\/types\/post"}],"author":[{"embeddable":true,"href":"https:\/\/portalfloresnoar.com\/floresnoar\/wp-json\/wp\/v2\/users\/1"}],"replies":[{"embeddable":true,"href":"https:\/\/portalfloresnoar.com\/floresnoar\/wp-json\/wp\/v2\/comments?post=44618"}],"version-history":[{"count":2,"href":"https:\/\/portalfloresnoar.com\/floresnoar\/wp-json\/wp\/v2\/posts\/44618\/revisions"}],"predecessor-version":[{"id":44620,"href":"https:\/\/portalfloresnoar.com\/floresnoar\/wp-json\/wp\/v2\/posts\/44618\/revisions\/44620"}],"wp:featuredmedia":[{"embeddable":true,"href":"https:\/\/portalfloresnoar.com\/floresnoar\/wp-json\/wp\/v2\/media\/44616"}],"wp:attachment":[{"href":"https:\/\/portalfloresnoar.com\/floresnoar\/wp-json\/wp\/v2\/media?parent=44618"}],"wp:term":[{"taxonomy":"category","embeddable":true,"href":"https:\/\/portalfloresnoar.com\/floresnoar\/wp-json\/wp\/v2\/categories?post=44618"},{"taxonomy":"post_tag","embeddable":true,"href":"https:\/\/portalfloresnoar.com\/floresnoar\/wp-json\/wp\/v2\/tags?post=44618"}],"curies":[{"name":"wp","href":"https:\/\/api.w.org\/{rel}","templated":true}]}}