

{"id":44587,"date":"2023-01-18T09:30:12","date_gmt":"2023-01-18T12:30:12","guid":{"rendered":"https:\/\/portalfloresnoar.com\/floresnoar\/?p=44587"},"modified":"2024-01-02T14:36:06","modified_gmt":"2024-01-02T17:36:06","slug":"agenda-pe-promocao-nos-pacotes-de-divulgacao-do-flores-no-ar-ate-31-12","status":"publish","type":"post","link":"https:\/\/portalfloresnoar.com\/floresnoar\/agenda-pe-promocao-nos-pacotes-de-divulgacao-do-flores-no-ar-ate-31-12\/","title":{"rendered":"[AGENDA PE] Promo\u00e7\u00e3o nos pacotes de divulga\u00e7\u00e3o do Flores no Ar at\u00e9 31\/12!"},"content":{"rendered":"<p><img decoding=\"async\" loading=\"lazy\" class=\"aligncenter wp-image-44588\" src=\"https:\/\/portalfloresnoar.com\/floresnoar\/wp-content\/uploads\/2023\/12\/1-700x700.png\" alt=\"\" width=\"500\" height=\"500\" srcset=\"https:\/\/portalfloresnoar.com\/floresnoar\/wp-content\/uploads\/2023\/12\/1-700x700.png 700w, https:\/\/portalfloresnoar.com\/floresnoar\/wp-content\/uploads\/2023\/12\/1-300x300.png 300w, https:\/\/portalfloresnoar.com\/floresnoar\/wp-content\/uploads\/2023\/12\/1-150x150.png 150w, https:\/\/portalfloresnoar.com\/floresnoar\/wp-content\/uploads\/2023\/12\/1-768x768.png 768w, https:\/\/portalfloresnoar.com\/floresnoar\/wp-content\/uploads\/2023\/12\/1-100x100.png 100w, https:\/\/portalfloresnoar.com\/floresnoar\/wp-content\/uploads\/2023\/12\/1.png 1080w\" sizes=\"(max-width: 500px) 100vw, 500px\" \/><\/p>\n<p>O Portal Flores no Ar est\u00e1 oferecendo um desconto de 20% na contrata\u00e7\u00e3o dos planos de divulga\u00e7\u00e3o, at\u00e9 o dia 31\/12\/2023, quando os valores passar\u00e3o por reajustes.<\/p>\n<p>O Flores no Ar \u00e9 um portal de not\u00edcias independente e contra-hegem\u00f4nico, criado em 2009 pela jornalista, cantadeira e arteterapeuta Lu Rabelo, com a miss\u00e3o de divulgar a\u00e7\u00f5es que nutrem o autoconhecimento e o bem viver.<\/p>\n<p>O conte\u00fado do site \u00e9 focado em assuntos relacionados \u00e0s Pr\u00e1ticas Integrativas e Complementares em Sa\u00fade (PICS), Espiritualidade, Arte, Educa\u00e7\u00e3o, Sustentabilidade e promo\u00e7\u00e3o dos Direitos Humanos e Animais.<\/p>\n<p><strong>Os pacotes de divulga\u00e7\u00e3o oferecidos pelo Portal Flores no Ar incluem:<\/strong><br \/>\n&gt;&gt;&gt; Elabora\u00e7\u00e3o de texto no formato jornal\u00edstico (release);<br \/>\n&gt;&gt;&gt; Publica\u00e7\u00e3o da postagem, com destaque, no site: www.portalfloresnoar.com<br \/>\n( permitindo que a postagem apare\u00e7a em sites de busca, como o Google );<br \/>\n&gt;&gt;&gt; Divulga\u00e7\u00e3o da postagem no Informativo Flores no Ar, enviado semanalmente para nossa lista de e-mails;<br \/>\n&gt;&gt;&gt; Postagens nas Redes Sociais do Flores no Ar (Instagram, Facebook,<br \/>\nThreads e Linkedin);<br \/>\n&gt;&gt;&gt; B\u00f4nus: Impulsionamento (tr\u00e1fego pago) das postagens no Instagram.<\/p>\n<p><strong>Nossos servi\u00e7os de divulga\u00e7\u00e3o s\u00e3o voltados para:<\/strong><br \/>\n&gt;&gt;&gt; Terapeutas<br \/>\n&gt;&gt;&gt; Oraculistas<br \/>\n&gt;&gt;&gt; Artes\u00e3s e artes\u00e3os<br \/>\n&gt;&gt;&gt; Artistas independentes<br \/>\n&gt;&gt;&gt; Espa\u00e7os Terap\u00eauticos<br \/>\n&gt;&gt;&gt; Espa\u00e7os Agroecol\u00f3gicos<br \/>\n&gt;&gt;&gt; Lojas e Restaurantes Naturais<br \/>\n&gt;&gt;&gt; Ateli\u00eas<br \/>\n&gt;&gt;&gt; Feiras de Artesanato<br \/>\n&gt;&gt;&gt; Escolas com pedagogias criativas<br \/>\n&gt;&gt;&gt; Assessorias de Imprensa<br \/>\n\u2026 entre outros profissionais, servi\u00e7os e produtos.<\/p>\n<p><strong><em>Confira abaixo os valores, j\u00e1 com o desconto de 20%!<\/em><\/strong><\/p>\n<p>&nbsp;<\/p>\n<p><img decoding=\"async\" loading=\"lazy\" class=\"aligncenter wp-image-44589\" src=\"https:\/\/portalfloresnoar.com\/floresnoar\/wp-content\/uploads\/2023\/12\/4-700x700.png\" alt=\"\" width=\"456\" height=\"456\" srcset=\"https:\/\/portalfloresnoar.com\/floresnoar\/wp-content\/uploads\/2023\/12\/4-700x700.png 700w, https:\/\/portalfloresnoar.com\/floresnoar\/wp-content\/uploads\/2023\/12\/4-300x300.png 300w, https:\/\/portalfloresnoar.com\/floresnoar\/wp-content\/uploads\/2023\/12\/4-150x150.png 150w, https:\/\/portalfloresnoar.com\/floresnoar\/wp-content\/uploads\/2023\/12\/4-768x768.png 768w, https:\/\/portalfloresnoar.com\/floresnoar\/wp-content\/uploads\/2023\/12\/4-100x100.png 100w, https:\/\/portalfloresnoar.com\/floresnoar\/wp-content\/uploads\/2023\/12\/4.png 1080w\" sizes=\"(max-width: 456px) 100vw, 456px\" \/><\/p>\n<p><strong>Para mais informa\u00e7\u00f5es, \u00e9 s\u00f3 entrar em contato!<\/strong><br \/>\n<strong>E-mail:<\/strong> floresnoar@gmail.com<br \/>\n<strong>WhatsApp:<\/strong> (81) 99966.9188<br \/>\n<strong>Instagram:<\/strong> <a href=\"https:\/\/www.instagram.com\/floresnoar\/\" target=\"_blank\" rel=\"noopener\">@floresnoar<\/a><\/p>\n","protected":false},"excerpt":{"rendered":"<p>O Portal Flores no Ar est\u00e1 oferecendo um desconto de 20% na contrata\u00e7\u00e3o dos planos de divulga\u00e7\u00e3o, at\u00e9 o dia 31\/12\/2023, quando os valores passar\u00e3o por reajustes. O Flores no Ar \u00e9 um portal de not\u00edcias independente e contra-hegem\u00f4nico, criado em 2009 pela jornalista, cantadeira e arteterapeuta Lu Rabelo, com a miss\u00e3o de divulgar a\u00e7\u00f5es [&hellip;]<\/p>\n","protected":false},"author":1,"featured_media":44590,"comment_status":"open","ping_status":"open","sticky":false,"template":"","format":"standard","meta":{"om_disable_all_campaigns":false,"_monsterinsights_skip_tracking":false,"_monsterinsights_sitenote_active":false,"_monsterinsights_sitenote_note":"","_monsterinsights_sitenote_category":0,"footnotes":""},"categories":[8,214],"tags":[49,152,1222,1438],"acf":[],"publishpress_future_action":{"enabled":false,"date":"1969-12-31 21:00:00","action":"","terms":[],"taxonomy":"","browser_timezone_offset":0},"_links":{"self":[{"href":"https:\/\/portalfloresnoar.com\/floresnoar\/wp-json\/wp\/v2\/posts\/44587"}],"collection":[{"href":"https:\/\/portalfloresnoar.com\/floresnoar\/wp-json\/wp\/v2\/posts"}],"about":[{"href":"https:\/\/portalfloresnoar.com\/floresnoar\/wp-json\/wp\/v2\/types\/post"}],"author":[{"embeddable":true,"href":"https:\/\/portalfloresnoar.com\/floresnoar\/wp-json\/wp\/v2\/users\/1"}],"replies":[{"embeddable":true,"href":"https:\/\/portalfloresnoar.com\/floresnoar\/wp-json\/wp\/v2\/comments?post=44587"}],"version-history":[{"count":3,"href":"https:\/\/portalfloresnoar.com\/floresnoar\/wp-json\/wp\/v2\/posts\/44587\/revisions"}],"predecessor-version":[{"id":44608,"href":"https:\/\/portalfloresnoar.com\/floresnoar\/wp-json\/wp\/v2\/posts\/44587\/revisions\/44608"}],"wp:featuredmedia":[{"embeddable":true,"href":"https:\/\/portalfloresnoar.com\/floresnoar\/wp-json\/wp\/v2\/media\/44590"}],"wp:attachment":[{"href":"https:\/\/portalfloresnoar.com\/floresnoar\/wp-json\/wp\/v2\/media?parent=44587"}],"wp:term":[{"taxonomy":"category","embeddable":true,"href":"https:\/\/portalfloresnoar.com\/floresnoar\/wp-json\/wp\/v2\/categories?post=44587"},{"taxonomy":"post_tag","embeddable":true,"href":"https:\/\/portalfloresnoar.com\/floresnoar\/wp-json\/wp\/v2\/tags?post=44587"}],"curies":[{"name":"wp","href":"https:\/\/api.w.org\/{rel}","templated":true}]}}