

{"id":44586,"date":"2023-12-18T14:41:16","date_gmt":"2023-12-18T17:41:16","guid":{"rendered":"https:\/\/portalfloresnoar.com\/floresnoar\/?p=44586"},"modified":"2023-12-18T16:37:19","modified_gmt":"2023-12-18T19:37:19","slug":"agenda-pe-atendimentos-terapeuticos-com-leta-vasconcelos-no-espaco-gerar-e-em-domicilio","status":"publish","type":"post","link":"https:\/\/portalfloresnoar.com\/floresnoar\/agenda-pe-atendimentos-terapeuticos-com-leta-vasconcelos-no-espaco-gerar-e-em-domicilio\/","title":{"rendered":"[AGENDA PE] Atendimentos terap\u00eauticos com Leta Vasconcelos no Espa\u00e7o Gerar, on-line e em domic\u00edlio"},"content":{"rendered":"<p><img decoding=\"async\" loading=\"lazy\" class=\"wp-image-44593 alignleft\" src=\"https:\/\/portalfloresnoar.com\/floresnoar\/wp-content\/uploads\/2023\/12\/terapeuta-leta-vasconcelos-2.jpeg\" alt=\"\" width=\"277\" height=\"361\" srcset=\"https:\/\/portalfloresnoar.com\/floresnoar\/wp-content\/uploads\/2023\/12\/terapeuta-leta-vasconcelos-2.jpeg 451w, https:\/\/portalfloresnoar.com\/floresnoar\/wp-content\/uploads\/2023\/12\/terapeuta-leta-vasconcelos-2-230x300.jpeg 230w\" sizes=\"(max-width: 277px) 100vw, 277px\" \/>A terapeuta e arte-educadora Leta Vasconcelos realiza atendimentos terap\u00eauticos individuais, e tamb\u00e9m familiares, no Espa\u00e7o Gerar, localizado no Recife, on-line e em domic\u00edlio. As sess\u00f5es s\u00e3o voltadas para adolescentes, jovens, adultos e idosos.<\/p>\n<p><strong>S\u00e3o oferecidos os seguintes servi\u00e7os terap\u00eauticos:<\/strong><br \/>\n&#8211; Sess\u00f5es com Arteterapia, Yogaterapia, Aromaterapia, Ventosaterapia, entre outras t\u00e9cnicas terap\u00eauticas.<br \/>\n&#8211; Atendimentos voltados \u00e0s situa\u00e7\u00f5es de uso abusivo de subst\u00e2ncias psicoativas, criando caminhos de preven\u00e7\u00e3o, estrat\u00e9gias, planejamentos proativos e psicoeduca\u00e7\u00e3o.<br \/>\n&#8211; Atendimento, acolhimento, suporte e a\u00e7\u00f5es estrat\u00e9gicas no contexto suic\u00eddio e movimentos de autoles\u00e3o, avaliando e criando procedimentos de prote\u00e7\u00e3o, acolhimento, preven\u00e7\u00e3o, a\u00e7\u00e3o e psicoeduca\u00e7\u00e3o.<\/p>\n<p>Os atendimentos individuais e familiares realizados no Espa\u00e7o Gerar t\u00eam 50 minutos de dura\u00e7\u00e3o, assim como as sess\u00f5es on-line. J\u00e1 o servi\u00e7o domiciliar e atendimentos na situa\u00e7\u00e3o do suic\u00eddio, o tempo \u00e9 avaliado e combinado. Na a\u00e7\u00e3o do contexto suic\u00eddio h\u00e1 a disponibilidade de suporte 24 horas.<\/p>\n<p>SOBRE A TERAPEUTA<br \/>\n<strong>Leta Vasconcelos<\/strong> \u00e9 graduada e p\u00f3s-graduada no Ensino da Arte pela UFPE. \u00c9 arteterapeuta, yogaterapeuta, aromaterapeuta, praticante da Ventosaterapia, Dan\u00e7aterapia e Musicoterapia. Participa do Grupo Guardi\u00f5es da Vida, que atua com suicidologia e movimentos de autoles\u00e3o. \u00c9 terapeuta integrativa no Espa\u00e7o Gerar, na Cl\u00ednica Hospitalar Recome\u00e7o, e em domic\u00edlio.<\/p>\n<p>AGENDAMENTOS E MAIS INFORMA\u00c7\u00d5ES<br \/>\n<strong>Fone\/WhatsApp:<\/strong> 81 99831 9292<br \/>\n<strong>Instagram:<\/strong> <a href=\"https:\/\/www.instagram.com\/letavasconcelosreal\/\" target=\"_blank\" rel=\"noopener\">@letavasconcelosreal<\/a><br \/>\n<strong>E-mail:<\/strong> letavasconcelos@gmail.com<br \/>\n<strong>Espa\u00e7o Gerar &#8211; Psicologia Arteterapia e Bem-Estar:<\/strong> Rua Luiz Guimar\u00e3es, 253, Po\u00e7o da Panela, Recife\/PE<br \/>\n<em>(Mapa com a localiza\u00e7\u00e3o:\u00a0<a href=\"https:\/\/maps.app.goo.gl\/kZCHrg1TKRm8Qhmv9\" target=\"_blank\" rel=\"noopener\">https:\/\/maps.app.goo.gl\/kZCHrg1TKRm8Qhmv9<\/a>)<\/em><br \/>\n<strong>Fone\/WhatsApp do Gerar:<\/strong>\u00a0(81) 99760.6383<\/p>\n","protected":false},"excerpt":{"rendered":"<p>A terapeuta e arte-educadora Leta Vasconcelos realiza atendimentos terap\u00eauticos individuais, e tamb\u00e9m familiares, no Espa\u00e7o Gerar, localizado no Recife, on-line e em domic\u00edlio. As sess\u00f5es s\u00e3o voltadas para adolescentes, jovens, adultos e idosos. S\u00e3o oferecidos os seguintes servi\u00e7os terap\u00eauticos: &#8211; Sess\u00f5es com Arteterapia, Yogaterapia, Aromaterapia, Ventosaterapia, entre outras t\u00e9cnicas terap\u00eauticas. &#8211; Atendimentos voltados \u00e0s situa\u00e7\u00f5es [&hellip;]<\/p>\n","protected":false},"author":1,"featured_media":44596,"comment_status":"open","ping_status":"open","sticky":false,"template":"","format":"standard","meta":{"om_disable_all_campaigns":false,"_monsterinsights_skip_tracking":false,"_monsterinsights_sitenote_active":false,"_monsterinsights_sitenote_note":"","_monsterinsights_sitenote_category":0,"footnotes":""},"categories":[8,224,214],"tags":[73,34,1057,1472,1473,1148,127,1470,165],"acf":[],"publishpress_future_action":{"enabled":false,"date":"1969-12-31 21:00:00","action":"","terms":[],"taxonomy":"","browser_timezone_offset":0},"_links":{"self":[{"href":"https:\/\/portalfloresnoar.com\/floresnoar\/wp-json\/wp\/v2\/posts\/44586"}],"collection":[{"href":"https:\/\/portalfloresnoar.com\/floresnoar\/wp-json\/wp\/v2\/posts"}],"about":[{"href":"https:\/\/portalfloresnoar.com\/floresnoar\/wp-json\/wp\/v2\/types\/post"}],"author":[{"embeddable":true,"href":"https:\/\/portalfloresnoar.com\/floresnoar\/wp-json\/wp\/v2\/users\/1"}],"replies":[{"embeddable":true,"href":"https:\/\/portalfloresnoar.com\/floresnoar\/wp-json\/wp\/v2\/comments?post=44586"}],"version-history":[{"count":5,"href":"https:\/\/portalfloresnoar.com\/floresnoar\/wp-json\/wp\/v2\/posts\/44586\/revisions"}],"predecessor-version":[{"id":44605,"href":"https:\/\/portalfloresnoar.com\/floresnoar\/wp-json\/wp\/v2\/posts\/44586\/revisions\/44605"}],"wp:featuredmedia":[{"embeddable":true,"href":"https:\/\/portalfloresnoar.com\/floresnoar\/wp-json\/wp\/v2\/media\/44596"}],"wp:attachment":[{"href":"https:\/\/portalfloresnoar.com\/floresnoar\/wp-json\/wp\/v2\/media?parent=44586"}],"wp:term":[{"taxonomy":"category","embeddable":true,"href":"https:\/\/portalfloresnoar.com\/floresnoar\/wp-json\/wp\/v2\/categories?post=44586"},{"taxonomy":"post_tag","embeddable":true,"href":"https:\/\/portalfloresnoar.com\/floresnoar\/wp-json\/wp\/v2\/tags?post=44586"}],"curies":[{"name":"wp","href":"https:\/\/api.w.org\/{rel}","templated":true}]}}