

{"id":44570,"date":"2023-12-12T20:42:11","date_gmt":"2023-12-12T23:42:11","guid":{"rendered":"https:\/\/portalfloresnoar.com\/floresnoar\/?p=44570"},"modified":"2023-12-12T20:42:11","modified_gmt":"2023-12-12T23:42:11","slug":"agenda-pe-atendimentos-solidarios-de-reiki-e-terapia-tameana-no-recife","status":"publish","type":"post","link":"https:\/\/portalfloresnoar.com\/floresnoar\/agenda-pe-atendimentos-solidarios-de-reiki-e-terapia-tameana-no-recife\/","title":{"rendered":"[AGENDA PE] Atendimentos Solid\u00e1rios de Reiki e Terapia Tameana no Recife"},"content":{"rendered":"<p><img decoding=\"async\" loading=\"lazy\" class=\"wp-image-44572 alignleft\" src=\"https:\/\/portalfloresnoar.com\/floresnoar\/wp-content\/uploads\/2023\/12\/ATENDIMENTOS-SOLIDARIOS-DE-REIKI-E-TERAPIA-TAMEANA-NO-ESPACO-GERAR-560x700.png\" alt=\"\" width=\"360\" height=\"450\" srcset=\"https:\/\/portalfloresnoar.com\/floresnoar\/wp-content\/uploads\/2023\/12\/ATENDIMENTOS-SOLIDARIOS-DE-REIKI-E-TERAPIA-TAMEANA-NO-ESPACO-GERAR-560x700.png 560w, https:\/\/portalfloresnoar.com\/floresnoar\/wp-content\/uploads\/2023\/12\/ATENDIMENTOS-SOLIDARIOS-DE-REIKI-E-TERAPIA-TAMEANA-NO-ESPACO-GERAR-240x300.png 240w, https:\/\/portalfloresnoar.com\/floresnoar\/wp-content\/uploads\/2023\/12\/ATENDIMENTOS-SOLIDARIOS-DE-REIKI-E-TERAPIA-TAMEANA-NO-ESPACO-GERAR-768x960.png 768w, https:\/\/portalfloresnoar.com\/floresnoar\/wp-content\/uploads\/2023\/12\/ATENDIMENTOS-SOLIDARIOS-DE-REIKI-E-TERAPIA-TAMEANA-NO-ESPACO-GERAR.png 1080w\" sizes=\"(max-width: 360px) 100vw, 360px\" \/>O Espa\u00e7o Gerar \u2013 Psicologia, Arteterapia e Bem-Estar, no Recife, oferece nas quintas-feiras, das 10h \u00e0s 12h, sess\u00f5es de Reiki e Terapia Vibracional Tameana, com valores solid\u00e1rios. Os atendimentos s\u00e3o realizados pela terapeuta Ana Paula Barros, sendo numa semana as sess\u00f5es de Reiki e na outra a de Terapia Tameana.<\/p>\n<p>De acordo com a terapeuta, o objetivo dos atendimentos solid\u00e1rios \u00e9 possibilitar, atrav\u00e9s de um valor social, que mais pessoas possam se beneficiar com essas terapias vibracionais.<\/p>\n<p>Veja mais detalhes sobre cada uma das terapias oferecidas!<\/p>\n<p><strong>Reiki<\/strong><br \/>\nO Reiki \u00e9 uma terapia alternativa que consiste na imposi\u00e7\u00e3o das m\u00e3os do terapeuta sobre o corpo para a transfer\u00eancia de energia. Desta forma \u00e9 poss\u00edvel alinhar centros de energia do corpo, conhecidos como chakras, promovendo o equil\u00edbrio energ\u00e9tico, necess\u00e1rio para manter o bem-estar f\u00edsico, mental, emocional e espiritual. Alguns dos benef\u00edcios comprovados s\u00e3o: al\u00edvio de dores e redu\u00e7\u00e3o de sintomas de ansiedade e estresse. A pr\u00e1tica do Reiki \u00e9 segura, n\u00e3o gera nenhum efeito colateral e n\u00e3o est\u00e1 ligada a uma religi\u00e3o. O Reiki pode ser aplicado em qualquer pessoa de qualquer idade (gestantes, beb\u00eas, crian\u00e7as, adultos, idosos), podendo tamb\u00e9m ser aplicado em plantas e animais.<\/p>\n<p><strong>Terapia Vibracional Tameana<\/strong><br \/>\nTameana \u00e9 uma terapia vibracional que trabalha corpo, mente e alma, ajudando o corpo a liberar estresse e bloqueios, colocando a frequ\u00eancia do corpo em sintonia com o campo eletromagn\u00e9tico da terra. A t\u00e9cnica trabalha com elementos minerais, como os cristais de quartzo, geometria sagrada e simbologia pleiadiana (c\u00f3digos que cont\u00eam som). Durante o atendimento, as pessoas podem alcan\u00e7ar estados de relaxamento profundo, diminui\u00e7\u00e3o de estados de ansiedade e estresse, maior equil\u00edbrio emocional e aumento da vitalidade.<\/p>\n<p>SERVI\u00c7O<br \/>\n<strong>Atendimentos Solid\u00e1rios de Reiki e Terapia Vibracional Tameana<\/strong><br \/>\n<strong>Dia:<\/strong> Quintas-feiras<br \/>\n<strong>Hor\u00e1rio:<\/strong> 10h \u00e0s 12h<br \/>\n<strong>Local:<\/strong> GERAR ARTETERAPIA E BEM-ESTAR \u2013 Rua Luiz Guimar\u00e3es, 253, Po\u00e7o da Panela, Recife\/PE. Telefone\/WhatsApp: (81) 99760.6383<br \/>\n<em>(Mapa com a localiza\u00e7\u00e3o:<a href=\"https:\/\/maps.app.goo.gl\/kZCHrg1TKRm8Qhmv9\" target=\"_blank\" rel=\"noopener\"> https:\/\/maps.app.goo.gl\/kZCHrg1TKRm8Qhmv9<\/a>)<\/em><br \/>\n<strong>Contribui\u00e7\u00e3o:<\/strong> R$ 40,00<br \/>\n<strong>Agendamentos e mais informa\u00e7\u00f5es:<\/strong> (81) 98705 1183 (WhatsApp)<\/p>\n","protected":false},"excerpt":{"rendered":"<p>O Espa\u00e7o Gerar \u2013 Psicologia, Arteterapia e Bem-Estar, no Recife, oferece nas quintas-feiras, das 10h \u00e0s 12h, sess\u00f5es de Reiki e Terapia Vibracional Tameana, com valores solid\u00e1rios. Os atendimentos s\u00e3o realizados pela terapeuta Ana Paula Barros, sendo numa semana as sess\u00f5es de Reiki e na outra a de Terapia Tameana. De acordo com a terapeuta, [&hellip;]<\/p>\n","protected":false},"author":1,"featured_media":44573,"comment_status":"open","ping_status":"open","sticky":false,"template":"","format":"standard","meta":{"om_disable_all_campaigns":false,"_monsterinsights_skip_tracking":false,"_monsterinsights_sitenote_active":false,"_monsterinsights_sitenote_note":"","_monsterinsights_sitenote_category":0,"footnotes":""},"categories":[8,224,214],"tags":[427,37,1467,904,1468],"acf":[],"publishpress_future_action":{"enabled":false,"date":"1969-12-31 21:00:00","action":"","terms":[],"taxonomy":"","browser_timezone_offset":0},"_links":{"self":[{"href":"https:\/\/portalfloresnoar.com\/floresnoar\/wp-json\/wp\/v2\/posts\/44570"}],"collection":[{"href":"https:\/\/portalfloresnoar.com\/floresnoar\/wp-json\/wp\/v2\/posts"}],"about":[{"href":"https:\/\/portalfloresnoar.com\/floresnoar\/wp-json\/wp\/v2\/types\/post"}],"author":[{"embeddable":true,"href":"https:\/\/portalfloresnoar.com\/floresnoar\/wp-json\/wp\/v2\/users\/1"}],"replies":[{"embeddable":true,"href":"https:\/\/portalfloresnoar.com\/floresnoar\/wp-json\/wp\/v2\/comments?post=44570"}],"version-history":[{"count":1,"href":"https:\/\/portalfloresnoar.com\/floresnoar\/wp-json\/wp\/v2\/posts\/44570\/revisions"}],"predecessor-version":[{"id":44574,"href":"https:\/\/portalfloresnoar.com\/floresnoar\/wp-json\/wp\/v2\/posts\/44570\/revisions\/44574"}],"wp:featuredmedia":[{"embeddable":true,"href":"https:\/\/portalfloresnoar.com\/floresnoar\/wp-json\/wp\/v2\/media\/44573"}],"wp:attachment":[{"href":"https:\/\/portalfloresnoar.com\/floresnoar\/wp-json\/wp\/v2\/media?parent=44570"}],"wp:term":[{"taxonomy":"category","embeddable":true,"href":"https:\/\/portalfloresnoar.com\/floresnoar\/wp-json\/wp\/v2\/categories?post=44570"},{"taxonomy":"post_tag","embeddable":true,"href":"https:\/\/portalfloresnoar.com\/floresnoar\/wp-json\/wp\/v2\/tags?post=44570"}],"curies":[{"name":"wp","href":"https:\/\/api.w.org\/{rel}","templated":true}]}}