

{"id":44563,"date":"2023-04-11T20:28:39","date_gmt":"2023-04-11T23:28:39","guid":{"rendered":"https:\/\/portalfloresnoar.com\/floresnoar\/?p=44563"},"modified":"2023-12-18T09:16:35","modified_gmt":"2023-12-18T12:16:35","slug":"agenda-pe-neste-domingo-tem-a-feirinha-colaborativa-astralize-na-casa-astral","status":"publish","type":"post","link":"https:\/\/portalfloresnoar.com\/floresnoar\/agenda-pe-neste-domingo-tem-a-feirinha-colaborativa-astralize-na-casa-astral\/","title":{"rendered":"[AGENDA PE] Neste domingo tem a &#8216;Feirinha Colaborativa Astralize&#8217; na Casa Astral"},"content":{"rendered":"<p><img decoding=\"async\" loading=\"lazy\" class=\"aligncenter wp-image-44564\" src=\"https:\/\/portalfloresnoar.com\/floresnoar\/wp-content\/uploads\/2023\/12\/feirinha-de-artesanato-no-recife-700x700.jpeg\" alt=\"\" width=\"530\" height=\"530\" srcset=\"https:\/\/portalfloresnoar.com\/floresnoar\/wp-content\/uploads\/2023\/12\/feirinha-de-artesanato-no-recife-700x700.jpeg 700w, https:\/\/portalfloresnoar.com\/floresnoar\/wp-content\/uploads\/2023\/12\/feirinha-de-artesanato-no-recife-300x300.jpeg 300w, https:\/\/portalfloresnoar.com\/floresnoar\/wp-content\/uploads\/2023\/12\/feirinha-de-artesanato-no-recife-150x150.jpeg 150w, https:\/\/portalfloresnoar.com\/floresnoar\/wp-content\/uploads\/2023\/12\/feirinha-de-artesanato-no-recife-768x768.jpeg 768w, https:\/\/portalfloresnoar.com\/floresnoar\/wp-content\/uploads\/2023\/12\/feirinha-de-artesanato-no-recife-1536x1536.jpeg 1536w, https:\/\/portalfloresnoar.com\/floresnoar\/wp-content\/uploads\/2023\/12\/feirinha-de-artesanato-no-recife-100x100.jpeg 100w, https:\/\/portalfloresnoar.com\/floresnoar\/wp-content\/uploads\/2023\/12\/feirinha-de-artesanato-no-recife.jpeg 1600w\" sizes=\"(max-width: 530px) 100vw, 530px\" \/><\/p>\n<p>Neste domingo, das 13h \u00e0s 18h, acontece na Casa Astral, no Recife, a Feirinha Colaborativa Astralize, uma \u00f3tima oportunidade para comprar pe\u00e7as artesanais diretamente de quem faz, trocar ideias, degustar comida boa, ouvir hist\u00f3rias e m\u00fasica autoral.<\/p>\n<p>Durante a feira ser\u00e3o expostos e comercializados produtos confeccionados por 22 artes\u00e3s do Recife e Regi\u00e3o Metropolitana. Al\u00e9m das pe\u00e7as &#8211; que v\u00e3o desde joias exclusivas e roupas feitas \u00e0 m\u00e3o at\u00e9 decora\u00e7\u00f5es para casa e obras de arte &#8211; a feirinha tamb\u00e9m oferecer\u00e1 oficinas, conta\u00e7\u00e3o de hist\u00f3rias, show musical e uma barraca com culin\u00e1ria local.<\/p>\n<p>&#8220;Mais do que feiras pontuais, queremos expandir e fortalecer uma rede de artes\u00e3s colaborativa, com a\u00e7\u00f5es permanentes, em que as participantes se ajudam e se fortalecem com princ\u00edpios da economia solid\u00e1ria&#8221;, explica Guida Gomes, coordenadora da Casa Astral.<\/p>\n<p>A Feirinha Colaborativa Astralize \u00e9 realizada pela Casa Astral e tem o apoio do Sistema de Incentivo \u00e0 Cultura da Prefeitura do Recife.<\/p>\n<p>PROGRAMA\u00c7\u00c3O<\/p>\n<p>13h &#8211; Abertura da Feirinha Colaborativa Astralize<\/p>\n<p>14h \u00e0s 15h &#8211; Oficinas<br \/>\n&#8211; &#8216;Tecendo conex\u00f5es&#8217;, com Eli Cordeiro<br \/>\n&#8211; &#8216;Moda upcycling: acess\u00f3rios com res\u00edduos t\u00eaxteis&#8217;, com Nina Prado<\/p>\n<p>15h \u00e0s 16h &#8211; Conta\u00e7\u00e3o de Hist\u00f3ria: &#8216;Cantos e Contos de Tradi\u00e7\u00e3o&#8217;, com<br \/>\nAd\u00e9lia Oliveira<\/p>\n<p>17h \u00e0s 18h &#8211; Projeto musical: &#8216;An\u00e1gua: Tamb\u00e9m \u00e9 Mergulho&#8217;, com Nathalia e Mar<\/p>\n<p>SERVI\u00c7O<br \/>\n<strong>* Feirinha Colaborativa Astralize *<\/strong><br \/>\n<strong>Data:<\/strong> 17\/12\/2023 (domingo)<br \/>\n<strong>Hor\u00e1rio:<\/strong> 13h \u00e0s 18h<br \/>\n<strong>Local:<\/strong> Casa Astral &#8211; Rua Joaquim Xavier de Andrade, 104 &#8211; Po\u00e7o da Panela, Recife\/PE<\/p>\n<p><em>Entrada gratuita!<\/em><\/p>\n<p>MAIS INFORMA\u00c7\u00d5ES:<br \/>\n<strong>Instagram:<\/strong> <a href=\"https:\/\/www.instagram.com\/casa.astral\/\" target=\"_blank\" rel=\"noopener\">@casa.astral<\/a><br \/>\n<strong>E-mail:<\/strong> casaastralrecife@gmail.com<br \/>\n<strong>Telefone\/ WhatsApp:<\/strong> 81 3019-0724<\/p>\n","protected":false},"excerpt":{"rendered":"<p>Neste domingo, das 13h \u00e0s 18h, acontece na Casa Astral, no Recife, a Feirinha Colaborativa Astralize, uma \u00f3tima oportunidade para comprar pe\u00e7as artesanais diretamente de quem faz, trocar ideias, degustar comida boa, ouvir hist\u00f3rias e m\u00fasica autoral. Durante a feira ser\u00e3o expostos e comercializados produtos confeccionados por 22 artes\u00e3s do Recife e Regi\u00e3o Metropolitana. Al\u00e9m [&hellip;]<\/p>\n","protected":false},"author":1,"featured_media":44565,"comment_status":"open","ping_status":"open","sticky":false,"template":"","format":"standard","meta":{"om_disable_all_campaigns":false,"_monsterinsights_skip_tracking":false,"_monsterinsights_sitenote_active":false,"_monsterinsights_sitenote_note":"","_monsterinsights_sitenote_category":0,"footnotes":""},"categories":[8,214],"tags":[45,524,1466],"acf":[],"publishpress_future_action":{"enabled":false,"date":"1969-12-31 21:00:00","action":"","terms":[],"taxonomy":"","browser_timezone_offset":0},"_links":{"self":[{"href":"https:\/\/portalfloresnoar.com\/floresnoar\/wp-json\/wp\/v2\/posts\/44563"}],"collection":[{"href":"https:\/\/portalfloresnoar.com\/floresnoar\/wp-json\/wp\/v2\/posts"}],"about":[{"href":"https:\/\/portalfloresnoar.com\/floresnoar\/wp-json\/wp\/v2\/types\/post"}],"author":[{"embeddable":true,"href":"https:\/\/portalfloresnoar.com\/floresnoar\/wp-json\/wp\/v2\/users\/1"}],"replies":[{"embeddable":true,"href":"https:\/\/portalfloresnoar.com\/floresnoar\/wp-json\/wp\/v2\/comments?post=44563"}],"version-history":[{"count":3,"href":"https:\/\/portalfloresnoar.com\/floresnoar\/wp-json\/wp\/v2\/posts\/44563\/revisions"}],"predecessor-version":[{"id":44568,"href":"https:\/\/portalfloresnoar.com\/floresnoar\/wp-json\/wp\/v2\/posts\/44563\/revisions\/44568"}],"wp:featuredmedia":[{"embeddable":true,"href":"https:\/\/portalfloresnoar.com\/floresnoar\/wp-json\/wp\/v2\/media\/44565"}],"wp:attachment":[{"href":"https:\/\/portalfloresnoar.com\/floresnoar\/wp-json\/wp\/v2\/media?parent=44563"}],"wp:term":[{"taxonomy":"category","embeddable":true,"href":"https:\/\/portalfloresnoar.com\/floresnoar\/wp-json\/wp\/v2\/categories?post=44563"},{"taxonomy":"post_tag","embeddable":true,"href":"https:\/\/portalfloresnoar.com\/floresnoar\/wp-json\/wp\/v2\/tags?post=44563"}],"curies":[{"name":"wp","href":"https:\/\/api.w.org\/{rel}","templated":true}]}}