

{"id":44551,"date":"2023-09-05T04:05:06","date_gmt":"2023-09-05T07:05:06","guid":{"rendered":"https:\/\/portalfloresnoar.com\/floresnoar\/?p=44551"},"modified":"2024-01-12T19:19:17","modified_gmt":"2024-01-12T22:19:17","slug":"agenda-pe-exposicao-fotografica-parto-ritual-esta-em-cartaz-no-museu-murillo-la-greca-ate-06-01","status":"publish","type":"post","link":"https:\/\/portalfloresnoar.com\/floresnoar\/agenda-pe-exposicao-fotografica-parto-ritual-esta-em-cartaz-no-museu-murillo-la-greca-ate-06-01\/","title":{"rendered":"[AGENDA PE] Exposi\u00e7\u00e3o fotogr\u00e1fica &#8216;Parto Ritual&#8217; est\u00e1 em cartaz no Museu Murillo La Greca at\u00e9 06\/01"},"content":{"rendered":"<p><img decoding=\"async\" loading=\"lazy\" class=\"aligncenter wp-image-44553\" src=\"https:\/\/portalfloresnoar.com\/floresnoar\/wp-content\/uploads\/2023\/12\/exposicao-fotografica-parto-ritual-560x700.jpeg\" alt=\"\" width=\"523\" height=\"654\" srcset=\"https:\/\/portalfloresnoar.com\/floresnoar\/wp-content\/uploads\/2023\/12\/exposicao-fotografica-parto-ritual-560x700.jpeg 560w, https:\/\/portalfloresnoar.com\/floresnoar\/wp-content\/uploads\/2023\/12\/exposicao-fotografica-parto-ritual-240x300.jpeg 240w, https:\/\/portalfloresnoar.com\/floresnoar\/wp-content\/uploads\/2023\/12\/exposicao-fotografica-parto-ritual-768x960.jpeg 768w, https:\/\/portalfloresnoar.com\/floresnoar\/wp-content\/uploads\/2023\/12\/exposicao-fotografica-parto-ritual.jpeg 1080w\" sizes=\"(max-width: 523px) 100vw, 523px\" \/><\/p>\n<p>Os mais de 15 anos de pesquisa antropol\u00f3gica sobre parto e nascimento e os dez anos de fotografias de partos humanizados de Camilla Rocha culminaram com o nascer da exposi\u00e7\u00e3o fotogr\u00e1fica &#8216;Parto Ritual &#8211; 10 anos de Est\u00fadio Materne&#8217;. A mostra, aberta no 1\u00ba de dezembro, fica em cartaz at\u00e9 6 de janeiro de 2024, no Museu Murillo La Greca, no Recife.<\/p>\n<figure id=\"attachment_44552\" aria-describedby=\"caption-attachment-44552\" style=\"width: 426px\" class=\"wp-caption alignright\"><img decoding=\"async\" loading=\"lazy\" class=\"wp-image-44552\" src=\"https:\/\/portalfloresnoar.com\/floresnoar\/wp-content\/uploads\/2023\/12\/flaria-ferro-em-parto-ritual-700x434.jpg\" alt=\"\" width=\"426\" height=\"264\" srcset=\"https:\/\/portalfloresnoar.com\/floresnoar\/wp-content\/uploads\/2023\/12\/flaria-ferro-em-parto-ritual-700x434.jpg 700w, https:\/\/portalfloresnoar.com\/floresnoar\/wp-content\/uploads\/2023\/12\/flaria-ferro-em-parto-ritual-300x186.jpg 300w, https:\/\/portalfloresnoar.com\/floresnoar\/wp-content\/uploads\/2023\/12\/flaria-ferro-em-parto-ritual-768x477.jpg 768w, https:\/\/portalfloresnoar.com\/floresnoar\/wp-content\/uploads\/2023\/12\/flaria-ferro-em-parto-ritual.jpg 1075w\" sizes=\"(max-width: 426px) 100vw, 426px\" \/><figcaption id=\"caption-attachment-44552\" class=\"wp-caption-text\">A abertura da mostra contou com pocket show de Flaira Ferro<\/figcaption><\/figure>\n<p>O Murillo La Greca \u00e9 a primeira parada da exposi\u00e7\u00e3o itinerante. Depois de 30 dias, Parto Ritual poder\u00e1 ser conferida em um novo espa\u00e7o. Tr\u00eas parques p\u00fablicos do Recife v\u00e3o abrigar a cole\u00e7\u00e3o de 15 fotografias em momentos diferentes, sempre de forma gratuita.<\/p>\n<p>\u201cParto Ritual celebra os 10 anos de acompanhamento fotogr\u00e1fico de partos humanizados que tenho realizado por meio do Est\u00fadio Materne. J\u00e1 foram mais de 56 partos, que foram planejados para serem naturais, que fotografei. Houve diversos desfechos para cada um deles: domiciliares, hospitalares, naturais, normais e cesarianas tamb\u00e9m\u201d, explicou a fot\u00f3grafa Camilla Rocha. \u201cOs partos nos quais trabalhei sempre estiveram dentro dos valores da humaniza\u00e7\u00e3o recomendados pela Organiza\u00e7\u00e3o Mundial de Sa\u00fade, priorizando o protagonismo da mulher e lembrando da import\u00e2ncia do parto vaginal\u201d, acrescentou ela.<\/p>\n<p>Com o objetivo de promover reflex\u00e3o e discuss\u00e3o sobre o protagonismo feminino nos partos, al\u00e9m da mostra fotogr\u00e1fica, o projeto tamb\u00e9m contempla rodas de conversa com profissionais da \u00e1rea de sa\u00fade (parteiras, m\u00e9dicos, enfermeiras, doulas e t\u00e9cnicas de enfermagem) na abertura de cada exposi\u00e7\u00e3o.<\/p>\n<figure id=\"attachment_44554\" aria-describedby=\"caption-attachment-44554\" style=\"width: 317px\" class=\"wp-caption alignleft\"><img decoding=\"async\" loading=\"lazy\" class=\"wp-image-44554\" src=\"https:\/\/portalfloresnoar.com\/floresnoar\/wp-content\/uploads\/2023\/12\/parto-ritual-foto-camilla-rocha-467x700.jpeg\" alt=\"\" width=\"317\" height=\"476\" srcset=\"https:\/\/portalfloresnoar.com\/floresnoar\/wp-content\/uploads\/2023\/12\/parto-ritual-foto-camilla-rocha-467x700.jpeg 467w, https:\/\/portalfloresnoar.com\/floresnoar\/wp-content\/uploads\/2023\/12\/parto-ritual-foto-camilla-rocha-200x300.jpeg 200w, https:\/\/portalfloresnoar.com\/floresnoar\/wp-content\/uploads\/2023\/12\/parto-ritual-foto-camilla-rocha-768x1152.jpeg 768w, https:\/\/portalfloresnoar.com\/floresnoar\/wp-content\/uploads\/2023\/12\/parto-ritual-foto-camilla-rocha.jpeg 864w\" sizes=\"(max-width: 317px) 100vw, 317px\" \/><figcaption id=\"caption-attachment-44554\" class=\"wp-caption-text\">Foto: Camilla Rocha \/ @estudiomaterne<\/figcaption><\/figure>\n<p>\u201cO parto \u00e9 um acontecimento biol\u00f3gico, social, cultural, pol\u00edtico e tamb\u00e9m um ritual, no qual se expressam os valores de cada sociedade ou grupo social. N\u00e3o h\u00e1 sociedade em que o parto e o nascimento n\u00e3o sejam tratados como um momento de mudan\u00e7a para a mulher, a crian\u00e7a e a fam\u00edlia, isso \u00e9 observado pela antrop\u00f3loga Brigitte Jordan\u201d, conta.<\/p>\n<p>Camilla Rocha tamb\u00e9m contribui com a propaga\u00e7\u00e3o de conhecimentos sobre a tem\u00e1tica atrav\u00e9s imagens, textos, rodas de mulheres e atendimentos individuais sobre o sagrado feminino, direitos das mulheres, feminismo, ecologia, arte, ancestralidade e cultura popular. Ela \u00e9 bisneta do povo de Jurema e pesquisadora em sa\u00fade ginecol\u00f3gica aut\u00f4noma e natural. Tem estudos acad\u00eamicos e populares em encontros de raizeiros, benzedeiras e parteiras.<\/p>\n<p>\u201cOs \u00edndices de mortalidade materna nos pa\u00edses em desenvolvimentos ainda s\u00e3o alarmantes, bem como a viol\u00eancia contra a mulher. Os conhecimentos tradicionais e ancestrais, que ajudam a fortalecer o feminino, podem ter um impacto positivo grande em toda sociedade\u201d, ressalta Camilla.<\/p>\n<p>Todas as exposi\u00e7\u00f5es do projeto contar\u00e3o com audiodescri\u00e7\u00e3o para promover acessibilidade \u00e0s pessoas com defici\u00eancia visual. Al\u00e9m disso, int\u00e9rpretes de LIBRAS v\u00e3o atuar nas rodas de conversa e durante o pocket show, auxiliando a compreens\u00e3o de pessoas com defici\u00eancia auditiva. Os lugares escolhidos para a realiza\u00e7\u00e3o de Parto Ritual tamb\u00e9m s\u00e3o acess\u00edveis a pessoas com mobilidade reduzida.<\/p>\n<p>O conjunto de exposi\u00e7\u00f5es Parto Ritual \u00e9 coordenado pelo Est\u00fadio Materne e produzido pela Cabocla Produ\u00e7\u00e3o. Incentivo: Sistema de Incentivo \u00e0 Cultura (SIC), Funda\u00e7\u00e3o de Cultura Cidade do Recife (FCCR), Secretaria de Cultura do Recife, Prefeitura do Recife.<\/p>\n<p>SERVI\u00c7O<br \/>\n<strong>Exposi\u00e7\u00e3o fotogr\u00e1fica Parto Ritual &#8211; 10 anos de Est\u00fadio Materne<\/strong><br \/>\n<strong>Local:<\/strong> Museu Murillo La Greca &#8211; Rua Leonardo Bezerra Cavalcante, 366 &#8211; Parnamirim, Recife\/PE.<br \/>\n<strong>Data:<\/strong> De 01\/12\/2023 a 06\/01\/2024<\/p>\n<p><strong>Hor\u00e1rios de visita\u00e7\u00e3o:<\/strong><br \/>\nQuarta a Sexta &#8211; das 9h \u00e0s 12h e 14h \u00e0s 17h<br \/>\nS\u00e1bado &#8211; das 10h \u00e0s 17h<\/p>\n<p><strong>Contato<\/strong>: <a href=\"https:\/\/www.instagram.com\/estudiomaterne\/\" target=\"_blank\" rel=\"noopener\">@estudiomaterne<\/a><\/p>\n","protected":false},"excerpt":{"rendered":"<p>Os mais de 15 anos de pesquisa antropol\u00f3gica sobre parto e nascimento e os dez anos de fotografias de partos humanizados de Camilla Rocha culminaram com o nascer da exposi\u00e7\u00e3o fotogr\u00e1fica &#8216;Parto Ritual &#8211; 10 anos de Est\u00fadio Materne&#8217;. A mostra, aberta no 1\u00ba de dezembro, fica em cartaz at\u00e9 6 de janeiro de 2024, [&hellip;]<\/p>\n","protected":false},"author":1,"featured_media":44555,"comment_status":"open","ping_status":"open","sticky":false,"template":"","format":"standard","meta":{"om_disable_all_campaigns":false,"_monsterinsights_skip_tracking":false,"_monsterinsights_sitenote_active":false,"_monsterinsights_sitenote_note":"","_monsterinsights_sitenote_category":0,"footnotes":""},"categories":[8,214],"tags":[332,47,80,628,39],"acf":[],"publishpress_future_action":{"enabled":false,"date":"1969-12-31 21:00:00","action":"","terms":[],"taxonomy":"","browser_timezone_offset":0},"_links":{"self":[{"href":"https:\/\/portalfloresnoar.com\/floresnoar\/wp-json\/wp\/v2\/posts\/44551"}],"collection":[{"href":"https:\/\/portalfloresnoar.com\/floresnoar\/wp-json\/wp\/v2\/posts"}],"about":[{"href":"https:\/\/portalfloresnoar.com\/floresnoar\/wp-json\/wp\/v2\/types\/post"}],"author":[{"embeddable":true,"href":"https:\/\/portalfloresnoar.com\/floresnoar\/wp-json\/wp\/v2\/users\/1"}],"replies":[{"embeddable":true,"href":"https:\/\/portalfloresnoar.com\/floresnoar\/wp-json\/wp\/v2\/comments?post=44551"}],"version-history":[{"count":1,"href":"https:\/\/portalfloresnoar.com\/floresnoar\/wp-json\/wp\/v2\/posts\/44551\/revisions"}],"predecessor-version":[{"id":44556,"href":"https:\/\/portalfloresnoar.com\/floresnoar\/wp-json\/wp\/v2\/posts\/44551\/revisions\/44556"}],"wp:featuredmedia":[{"embeddable":true,"href":"https:\/\/portalfloresnoar.com\/floresnoar\/wp-json\/wp\/v2\/media\/44555"}],"wp:attachment":[{"href":"https:\/\/portalfloresnoar.com\/floresnoar\/wp-json\/wp\/v2\/media?parent=44551"}],"wp:term":[{"taxonomy":"category","embeddable":true,"href":"https:\/\/portalfloresnoar.com\/floresnoar\/wp-json\/wp\/v2\/categories?post=44551"},{"taxonomy":"post_tag","embeddable":true,"href":"https:\/\/portalfloresnoar.com\/floresnoar\/wp-json\/wp\/v2\/tags?post=44551"}],"curies":[{"name":"wp","href":"https:\/\/api.w.org\/{rel}","templated":true}]}}