

{"id":44507,"date":"2023-11-30T08:55:51","date_gmt":"2023-11-30T11:55:51","guid":{"rendered":"https:\/\/portalfloresnoar.com\/floresnoar\/?p=44507"},"modified":"2024-09-23T20:39:55","modified_gmt":"2024-09-23T23:39:55","slug":"o-ser-em-sintonia-explorando-o-caminho-do-reiki-nivel-1-o-despertar-para-uma-vida-plena","status":"publish","type":"post","link":"https:\/\/portalfloresnoar.com\/floresnoar\/o-ser-em-sintonia-explorando-o-caminho-do-reiki-nivel-1-o-despertar-para-uma-vida-plena\/","title":{"rendered":"[O SER EM SINTONIA] Explorando o Caminho do Reiki N\u00edvel 1: O Despertar para uma Vida Plena"},"content":{"rendered":"<p><img decoding=\"async\" loading=\"lazy\" class=\"aligncenter wp-image-44508\" src=\"https:\/\/portalfloresnoar.com\/floresnoar\/wp-content\/uploads\/2023\/11\/reiki-nivel-1-700x700.jpeg\" alt=\"\" width=\"630\" height=\"630\" srcset=\"https:\/\/portalfloresnoar.com\/floresnoar\/wp-content\/uploads\/2023\/11\/reiki-nivel-1-700x700.jpeg 700w, https:\/\/portalfloresnoar.com\/floresnoar\/wp-content\/uploads\/2023\/11\/reiki-nivel-1-300x300.jpeg 300w, https:\/\/portalfloresnoar.com\/floresnoar\/wp-content\/uploads\/2023\/11\/reiki-nivel-1-150x150.jpeg 150w, https:\/\/portalfloresnoar.com\/floresnoar\/wp-content\/uploads\/2023\/11\/reiki-nivel-1-768x768.jpeg 768w, https:\/\/portalfloresnoar.com\/floresnoar\/wp-content\/uploads\/2023\/11\/reiki-nivel-1-100x100.jpeg 100w, https:\/\/portalfloresnoar.com\/floresnoar\/wp-content\/uploads\/2023\/11\/reiki-nivel-1.jpeg 1080w\" sizes=\"(max-width: 630px) 100vw, 630px\" \/><\/p>\n<p>|\u00a0<em>Por Roberta Machado<\/em>* |<\/p>\n<p>O Reiki, guiado pela vis\u00e3o inspiradora de Mikao Usui, \u00e9 uma senda para convidar a felicidade e a cura n\u00e3o apenas para o indiv\u00edduo, mas para o mundo em sua totalidade. No n\u00edvel 1, conhecido como &#8216;Shoden&#8217; ou &#8216;O Despertar&#8217;, embarcamos em uma jornada transformadora.<\/p>\n<p>Esta pr\u00e1tica terap\u00eautica, reconhecida pelo Minist\u00e9rio do Trabalho como profiss\u00e3o isolada e enquadrada dentro das atividades de Pr\u00e1ticas Integrativas e Complementares em Sa\u00fade Humana (c\u00f3digo 8690-9\/01 da CONCLA), oferece um mergulho profundo no equil\u00edbrio energ\u00e9tico, potencializando a capacidade inata de autocura. O Reiki atua em diversos n\u00edveis, do f\u00edsico ao espiritual, liberando bloqueios e desintoxicando o organismo.<\/p>\n<p>O Curso de Inicia\u00e7\u00e3o em Reiki 1 \u00e9 realizado ao longo de um final de semana intensivo (s\u00e1bado e domingo, das 8 \u00e0s 18h), quando os participantes s\u00e3o imersos em conhecimentos fundamentais, desde a hist\u00f3ria do Reiki at\u00e9 os princ\u00edpios que embasam essa terapia energ\u00e9tica. Os pontos energ\u00e9ticos, t\u00e9cnicas de imposi\u00e7\u00e3o das m\u00e3os e a reconstru\u00e7\u00e3o de chakras s\u00e3o explorados, proporcionando uma compreens\u00e3o hol\u00edstica do sistema de energia vital.<\/p>\n<p>O curso n\u00e3o se limita apenas \u00e0 cura individual, mas se estende a uma vis\u00e3o mais ampla. A inicia\u00e7\u00e3o no Reiki N\u00edvel 1 n\u00e3o s\u00f3 desperta a consci\u00eancia pessoal, mas tamb\u00e9m fortalece a conex\u00e3o com os outros e com o mundo. Pr\u00e1ticas compartilhadas e tratamentos em grupo tornam-se ferramentas poderosas para irradiar energia positiva e curativa.<\/p>\n<p>Al\u00e9m de complementar tratamentos m\u00e9dicos, o Reiki N\u00edvel 1 tem o poder de ampliar a intui\u00e7\u00e3o, criatividade e confian\u00e7a, abrindo portas para o autoconhecimento. Essa terapia, que n\u00e3o se restringe a humanos, pode ser aplicada a animais, plantas, \u00e1gua, alimentos e muito mais.<\/p>\n<p>Ao concluir o curso, os praticantes n\u00e3o apenas adquirem habilidades terap\u00eauticas valiosas, mas tamb\u00e9m se tornam parte de uma comunidade comprometida com a propaga\u00e7\u00e3o do bem-estar. O Reiki N\u00edvel 1 \u00e9, assim, n\u00e3o apenas um curso, mas um despertar para uma vida plena, alinhada com a vis\u00e3o iluminada de Mikao Usui.<\/p>\n<p>Durante os 21 dias que sucedem a inicia\u00e7\u00e3o no Reiki N\u00edvel 1, o novo praticante embarca em uma jornada interna de adapta\u00e7\u00e3o energ\u00e9tica. Este per\u00edodo \u00e9 mais do que uma mera contagem de dias; \u00e9 um convite \u00e0 pr\u00e1tica reflexiva e \u00e0 aplica\u00e7\u00e3o atenta dos ensinamentos absorvidos. A \u00eanfase recai n\u00e3o apenas na imposi\u00e7\u00e3o das m\u00e3os, mas na autotransforma\u00e7\u00e3o consciente.<\/p>\n<p>Ingerir bastante \u00e1gua nesse per\u00edodo, \u00e9 um \u00f3timo aliado no processo natural de desintoxica\u00e7\u00e3o f\u00edsica e no reequil\u00edbrio do sistema energ\u00e9tico. \u00c9 aconselh\u00e1vel, igualmente, evitar a busca por inicia\u00e7\u00f5es nos n\u00edveis subsequentes, enquanto n\u00e3o passados os 21 dias. A pausa estrat\u00e9gica permite que o praticante mergulhe profundamente em sua rec\u00e9m-descoberta conex\u00e3o com a energia universal, consolidando as bases para uma jornada repleta de autodescoberta e cura.<\/p>\n<p><em>Gostaria de se aprofundar mais sobre o tema? Participe dos cursos oferecidos pelo<a href=\"https:\/\/instituto-dois-sois-reiki.webnode.page\/\" target=\"_blank\" rel=\"noopener\">\u00a0Instituto Dois S\u00f3is Reiki\u00a0<\/a>e permita-nos auxili\u00e1-lo(a) na busca pela expans\u00e3o de consci\u00eancia e pelo equil\u00edbrio f\u00edsico, emocional e energ\u00e9tico. Estamos \u00e0 disposi\u00e7\u00e3o para gui\u00e1-lo(a) nessa jornada de bem-estar. Acesse nosso Instagram \u00a0<a href=\"https:\/\/www.instagram.com\/doissoisreiki\/\" target=\"_blank\" rel=\"noopener\">@doissoisreiki<\/a>\u00a0 e fique por dentro de nossa agenda de cursos. Inscreva-se, tamb\u00e9m, no nosso\u00a0<a href=\"https:\/\/www.youtube.com\/@doissoisreiki4167\" target=\"_blank\" rel=\"noopener\">canal do YouTube \u2013 O Ser em Sintonia<\/a>.<\/em><\/p>\n<p><strong><em>* Roberta Machado \u00e9 mestra em Reiki e integrante do Instituto Dois S\u00f3is Reiki.<\/em><\/strong><\/p>\n<p><em>VEJA TAMB\u00c9M!<\/em><\/p>\n<div class=\"col-lg-6 col-md-6 col-sm-6 col-xs-12\">\n<div class=\"single-content-image\"><a class=\"image-wrap\" href=\"https:\/\/portalfloresnoar.com\/floresnoar\/agenda-pe-curso-de-reiki-nivel-1-dias-16-e-17-de-dezembro-no-recife\/\"><img decoding=\"async\" class=\"lazy already-visible imageshow\" src=\"https:\/\/portalfloresnoar.com\/floresnoar\/wp-content\/uploads\/2023\/10\/curso-de-reiki-presencial-recife-335x200.jpg\" alt=\"[AGENDA PE] \u2018Curso de Reiki n\u00edvel 1\u2019 dias 16 e 17 de dezembro no Recife\" \/><\/a><\/div>\n<\/div>\n<div class=\"col-lg-6 col-md-6 col-sm-6 col-xs-12\">\n<h4><a href=\"https:\/\/portalfloresnoar.com\/floresnoar\/agenda-pe-curso-de-reiki-nivel-1-dias-16-e-17-de-dezembro-no-recife\/\">[AGENDA PE] \u2018Curso de Reiki n\u00edvel 1\u2019 dias 16 e 17 de dezembro no Recife<\/a><\/h4>\n<\/div>\n","protected":false},"excerpt":{"rendered":"<p>|\u00a0Por Roberta Machado* | O Reiki, guiado pela vis\u00e3o inspiradora de Mikao Usui, \u00e9 uma senda para convidar a felicidade e a cura n\u00e3o apenas para o indiv\u00edduo, mas para o mundo em sua totalidade. No n\u00edvel 1, conhecido como &#8216;Shoden&#8217; ou &#8216;O Despertar&#8217;, embarcamos em uma jornada transformadora. Esta pr\u00e1tica terap\u00eautica, reconhecida pelo Minist\u00e9rio [&hellip;]<\/p>\n","protected":false},"author":1,"featured_media":44509,"comment_status":"open","ping_status":"open","sticky":false,"template":"","format":"standard","meta":{"om_disable_all_campaigns":false,"_monsterinsights_skip_tracking":false,"_monsterinsights_sitenote_active":false,"_monsterinsights_sitenote_note":"","_monsterinsights_sitenote_category":0,"footnotes":""},"categories":[10,220,1432],"tags":[499,1057,37,638],"acf":[],"publishpress_future_action":{"enabled":false,"date":"1969-12-31 21:00:00","action":"","terms":[],"taxonomy":"","browser_timezone_offset":0},"_links":{"self":[{"href":"https:\/\/portalfloresnoar.com\/floresnoar\/wp-json\/wp\/v2\/posts\/44507"}],"collection":[{"href":"https:\/\/portalfloresnoar.com\/floresnoar\/wp-json\/wp\/v2\/posts"}],"about":[{"href":"https:\/\/portalfloresnoar.com\/floresnoar\/wp-json\/wp\/v2\/types\/post"}],"author":[{"embeddable":true,"href":"https:\/\/portalfloresnoar.com\/floresnoar\/wp-json\/wp\/v2\/users\/1"}],"replies":[{"embeddable":true,"href":"https:\/\/portalfloresnoar.com\/floresnoar\/wp-json\/wp\/v2\/comments?post=44507"}],"version-history":[{"count":3,"href":"https:\/\/portalfloresnoar.com\/floresnoar\/wp-json\/wp\/v2\/posts\/44507\/revisions"}],"predecessor-version":[{"id":45404,"href":"https:\/\/portalfloresnoar.com\/floresnoar\/wp-json\/wp\/v2\/posts\/44507\/revisions\/45404"}],"wp:featuredmedia":[{"embeddable":true,"href":"https:\/\/portalfloresnoar.com\/floresnoar\/wp-json\/wp\/v2\/media\/44509"}],"wp:attachment":[{"href":"https:\/\/portalfloresnoar.com\/floresnoar\/wp-json\/wp\/v2\/media?parent=44507"}],"wp:term":[{"taxonomy":"category","embeddable":true,"href":"https:\/\/portalfloresnoar.com\/floresnoar\/wp-json\/wp\/v2\/categories?post=44507"},{"taxonomy":"post_tag","embeddable":true,"href":"https:\/\/portalfloresnoar.com\/floresnoar\/wp-json\/wp\/v2\/tags?post=44507"}],"curies":[{"name":"wp","href":"https:\/\/api.w.org\/{rel}","templated":true}]}}