

{"id":44492,"date":"2023-12-04T11:10:05","date_gmt":"2023-12-04T14:10:05","guid":{"rendered":"https:\/\/portalfloresnoar.com\/floresnoar\/?p=44492"},"modified":"2024-02-26T20:06:51","modified_gmt":"2024-02-26T23:06:51","slug":"agenda-pe-agenda-aberta-para-mandala-de-tarot-2024-com-sabrina-carvalho","status":"publish","type":"post","link":"https:\/\/portalfloresnoar.com\/floresnoar\/agenda-pe-agenda-aberta-para-mandala-de-tarot-2024-com-sabrina-carvalho\/","title":{"rendered":"[AGENDA PE] &#8216;Mandala de Tarot 2024&#8217; com Sabrina Carvalho"},"content":{"rendered":"<figure id=\"attachment_44493\" aria-describedby=\"caption-attachment-44493\" style=\"width: 631px\" class=\"wp-caption aligncenter\"><img decoding=\"async\" loading=\"lazy\" class=\"wp-image-44493\" src=\"https:\/\/portalfloresnoar.com\/floresnoar\/wp-content\/uploads\/2023\/11\/tarot-2024-700x700.jpeg\" alt=\"\" width=\"631\" height=\"631\" srcset=\"https:\/\/portalfloresnoar.com\/floresnoar\/wp-content\/uploads\/2023\/11\/tarot-2024-700x700.jpeg 700w, https:\/\/portalfloresnoar.com\/floresnoar\/wp-content\/uploads\/2023\/11\/tarot-2024-300x300.jpeg 300w, https:\/\/portalfloresnoar.com\/floresnoar\/wp-content\/uploads\/2023\/11\/tarot-2024-150x150.jpeg 150w, https:\/\/portalfloresnoar.com\/floresnoar\/wp-content\/uploads\/2023\/11\/tarot-2024-768x768.jpeg 768w, https:\/\/portalfloresnoar.com\/floresnoar\/wp-content\/uploads\/2023\/11\/tarot-2024-1536x1536.jpeg 1536w, https:\/\/portalfloresnoar.com\/floresnoar\/wp-content\/uploads\/2023\/11\/tarot-2024-100x100.jpeg 100w, https:\/\/portalfloresnoar.com\/floresnoar\/wp-content\/uploads\/2023\/11\/tarot-2024.jpeg 1600w\" sizes=\"(max-width: 631px) 100vw, 631px\" \/><figcaption id=\"caption-attachment-44493\" class=\"wp-caption-text\">Foto: Sabrina Carvalho<\/figcaption><\/figure>\n<p>Quer saber qual arcano do Tarot vai reger o seu ano de 2024 e conhecer as energias para os 12 meses do ano que vem?<\/p>\n<p>A tar\u00f3loga Sabrina Carvalho, criadora da Carcar\u00e1 Escola de Tarot, iniciou a temporada de atendimentos on-line da Mandala de Tarot 2024, e os agendamentos j\u00e1 est\u00e3o sendo realizados.<\/p>\n<p>A leitura, com duas horas de dura\u00e7\u00e3o, aborda tr\u00eas cartas por m\u00eas + Arcano do Ano + Carta do Caminho Sagrado + Or\u00e1culo dos Arcanjos. \u201cA Mandala Anual \u00e9 um guia que te acompanha o ano inteiro com os aconselhamentos que s\u00f3 o Tarot pode dar\u201d, conta Sabrina.<\/p>\n<p>A grava\u00e7\u00e3o da sess\u00e3o \u00e9 disponibilizada para que o consulente possa acess\u00e1-la sempre que quiser.<\/p>\n<p><strong>Valor:<\/strong> R$ 287,00<\/p>\n<p><strong>AGENDAMENTOS E MAIS INFORMA\u00c7\u00d5ES<\/strong><br \/>\n<strong>Fone\/ Zap:<\/strong>\u00a0(81) 99965 4458<br \/>\n<strong>E-mail:<\/strong>\u00a0sabracarvalho@gmail.com<br \/>\n<strong>Instagram:<\/strong>\u00a0<a href=\"https:\/\/www.instagram.com\/sabraccarvalho\/\" target=\"_blank\" rel=\"noopener\">@sabraccarvalho<\/a><\/p>\n","protected":false},"excerpt":{"rendered":"<p>Quer saber qual arcano do Tarot vai reger o seu ano de 2024 e conhecer as energias para os 12 meses do ano que vem? A tar\u00f3loga Sabrina Carvalho, criadora da Carcar\u00e1 Escola de Tarot, iniciou a temporada de atendimentos on-line da Mandala de Tarot 2024, e os agendamentos j\u00e1 est\u00e3o sendo realizados. A leitura, [&hellip;]<\/p>\n","protected":false},"author":1,"featured_media":44494,"comment_status":"open","ping_status":"open","sticky":false,"template":"","format":"standard","meta":{"om_disable_all_campaigns":false,"_monsterinsights_skip_tracking":false,"_monsterinsights_sitenote_active":false,"_monsterinsights_sitenote_note":"","_monsterinsights_sitenote_category":0,"footnotes":""},"categories":[8,214],"tags":[390,296,86],"acf":[],"publishpress_future_action":{"enabled":false,"date":"1969-12-31 21:00:00","action":"","terms":[],"taxonomy":"","browser_timezone_offset":0},"_links":{"self":[{"href":"https:\/\/portalfloresnoar.com\/floresnoar\/wp-json\/wp\/v2\/posts\/44492"}],"collection":[{"href":"https:\/\/portalfloresnoar.com\/floresnoar\/wp-json\/wp\/v2\/posts"}],"about":[{"href":"https:\/\/portalfloresnoar.com\/floresnoar\/wp-json\/wp\/v2\/types\/post"}],"author":[{"embeddable":true,"href":"https:\/\/portalfloresnoar.com\/floresnoar\/wp-json\/wp\/v2\/users\/1"}],"replies":[{"embeddable":true,"href":"https:\/\/portalfloresnoar.com\/floresnoar\/wp-json\/wp\/v2\/comments?post=44492"}],"version-history":[{"count":4,"href":"https:\/\/portalfloresnoar.com\/floresnoar\/wp-json\/wp\/v2\/posts\/44492\/revisions"}],"predecessor-version":[{"id":44719,"href":"https:\/\/portalfloresnoar.com\/floresnoar\/wp-json\/wp\/v2\/posts\/44492\/revisions\/44719"}],"wp:featuredmedia":[{"embeddable":true,"href":"https:\/\/portalfloresnoar.com\/floresnoar\/wp-json\/wp\/v2\/media\/44494"}],"wp:attachment":[{"href":"https:\/\/portalfloresnoar.com\/floresnoar\/wp-json\/wp\/v2\/media?parent=44492"}],"wp:term":[{"taxonomy":"category","embeddable":true,"href":"https:\/\/portalfloresnoar.com\/floresnoar\/wp-json\/wp\/v2\/categories?post=44492"},{"taxonomy":"post_tag","embeddable":true,"href":"https:\/\/portalfloresnoar.com\/floresnoar\/wp-json\/wp\/v2\/tags?post=44492"}],"curies":[{"name":"wp","href":"https:\/\/api.w.org\/{rel}","templated":true}]}}