

{"id":44486,"date":"2023-03-23T10:27:31","date_gmt":"2023-03-23T13:27:31","guid":{"rendered":"https:\/\/portalfloresnoar.com\/floresnoar\/?p=44486"},"modified":"2023-12-02T17:09:51","modified_gmt":"2023-12-02T20:09:51","slug":"agenda-pe-jornada-sistemica-com-sheila-gomes-dia-02-12-no-espaco-gerar","status":"publish","type":"post","link":"https:\/\/portalfloresnoar.com\/floresnoar\/agenda-pe-jornada-sistemica-com-sheila-gomes-dia-02-12-no-espaco-gerar\/","title":{"rendered":"[AGENDA PE] Jornada Sist\u00eamica com Sheila Gomes dia 02\/12 no Espa\u00e7o Gerar"},"content":{"rendered":"<p><img decoding=\"async\" loading=\"lazy\" class=\"aligncenter size-large wp-image-44488\" src=\"https:\/\/portalfloresnoar.com\/floresnoar\/wp-content\/uploads\/2023\/11\/jornada-com-scheila-gomes-terapeuta-recife-700x700.jpeg\" alt=\"\" width=\"700\" height=\"700\" srcset=\"https:\/\/portalfloresnoar.com\/floresnoar\/wp-content\/uploads\/2023\/11\/jornada-com-scheila-gomes-terapeuta-recife-700x700.jpeg 700w, https:\/\/portalfloresnoar.com\/floresnoar\/wp-content\/uploads\/2023\/11\/jornada-com-scheila-gomes-terapeuta-recife-300x300.jpeg 300w, https:\/\/portalfloresnoar.com\/floresnoar\/wp-content\/uploads\/2023\/11\/jornada-com-scheila-gomes-terapeuta-recife-150x150.jpeg 150w, https:\/\/portalfloresnoar.com\/floresnoar\/wp-content\/uploads\/2023\/11\/jornada-com-scheila-gomes-terapeuta-recife-768x768.jpeg 768w, https:\/\/portalfloresnoar.com\/floresnoar\/wp-content\/uploads\/2023\/11\/jornada-com-scheila-gomes-terapeuta-recife-1536x1536.jpeg 1536w, https:\/\/portalfloresnoar.com\/floresnoar\/wp-content\/uploads\/2023\/11\/jornada-com-scheila-gomes-terapeuta-recife-100x100.jpeg 100w, https:\/\/portalfloresnoar.com\/floresnoar\/wp-content\/uploads\/2023\/11\/jornada-com-scheila-gomes-terapeuta-recife.jpeg 1599w\" sizes=\"(max-width: 700px) 100vw, 700px\" \/><\/p>\n<p>&#8220;O que voc\u00ea deseja ancorar e expandir na sua vida?&#8221; Esta \u00e9 a quest\u00e3o norteadora da &#8216;Jornada Sist\u00eamica: Desejos &#8211; Tempo de Liberar, Criar e Manifestar&#8217;, que ser\u00e1 realizada pela psicoterapeuta Sist\u00eamica Corporal Scheila Gomes no dia 02\/12, no Recife. A viv\u00eancia ser\u00e1 das 9h \u00e0s 13h, no Espa\u00e7o Gerar, localizado no bairro do Po\u00e7o da Panela.<\/p>\n<p>&#8220;Um novo ano est\u00e1 chegando e com ele desejos nascem e renascem. Quando esses desejos est\u00e3o alinhados com a nossa ess\u00eancia tudo expande e prospera. E para que tudo flua plenamente \u00e9 preciso desapegar de padr\u00f5es, cren\u00e7as, pactos e ciclos que n\u00e3o fazem mais sentido para a vida. Abrir o cora\u00e7\u00e3o para receber a materializa\u00e7\u00e3o dos desejos, liberar tens\u00f5es e emaranhados que impedem essa conex\u00e3o e enraizar tua pot\u00eancia criativa para a vida s\u00e3o os objetivos desta \u00faltima Jornada Sist\u00eamica que realizarei neste ano de 2023&#8221;, explica Scheila.<\/p>\n<p>PROGRAMA\u00c7\u00c3O DO ENCONTRO<br \/>\n&#8211; Medita\u00e7\u00e3o de acolhimento<br \/>\n&#8211; Exerc\u00edcios de abertura<br \/>\n&#8211; Revisitando minhas constru\u00e7\u00f5es (cren\u00e7as, pactos, padr\u00f5es, apegos)<br \/>\n&#8211; Exerc\u00edcios de libera\u00e7\u00e3o<br \/>\n&#8211; Medita\u00e7\u00e3o dos desejos<br \/>\n&#8211; Ritual dos desejos com os 4 elementos (fogo, ar, terra e \u00e1gua)<br \/>\n&#8211; Medita\u00e7\u00e3o da visualiza\u00e7\u00e3o e realiza\u00e7\u00e3o (mantra pessoal de poder)<\/p>\n<p>FACILITADORA<br \/>\n<strong>Scheila Gomes<\/strong> &#8211; especialista em Psicologia Cl\u00ednica, Analista Bioenerg\u00e9tica &#8211; CBT, Terapeuta Sist\u00eamica e Constela\u00e7\u00e3o Sist\u00eamica Familiar. Estudiosa dos fen\u00f4menos experi\u00eancias e suas manifesta\u00e7\u00f5es. Tem como prop\u00f3sito de vida levar experi\u00eancias terap\u00eauticas que proporcionem expans\u00e3o de consci\u00eancia e constru\u00e7\u00f5es criativas para vida.<\/p>\n<p>SERVI\u00c7O<br \/>\n<strong>&#8216;Jornada Sist\u00eamica: Desejos &#8211; Tempo de Liberar, Criar e Manifestar&#8217;<\/strong><br \/>\n<strong>Data:<\/strong> 02 de dezembro de 2023 (S\u00e1bado)<br \/>\n<strong>Hora:<\/strong> 9h \u00e0s 13h<br \/>\n<strong>Local:<\/strong> Espa\u00e7o Gerar \u2013 Psicologia, Arteterapia e Bem-Estar: Rua Luiz Guimar\u00e3es, 252, Po\u00e7o da Panela, Recife\/PE<br \/>\n<em>(Mapa com a localiza\u00e7\u00e3o:\u00a0<a href=\"https:\/\/maps.app.goo.gl\/kZCHrg1TKRm8Qhmv9\" target=\"_blank\" rel=\"noopener\">https:\/\/maps.app.goo.gl\/kZCHrg1TKRm8Qhmv9<\/a>)<\/em><br \/>\n<strong>Contribui\u00e7\u00e3o:<\/strong> R$ 80,00<\/p>\n<p>INSCRI\u00c7\u00d5ES E MAIS INFORMA\u00c7\u00d5ES:<br \/>\n<strong>WhatsApp:<\/strong> (81) 99236.9343<\/p>\n","protected":false},"excerpt":{"rendered":"<p>&#8220;O que voc\u00ea deseja ancorar e expandir na sua vida?&#8221; Esta \u00e9 a quest\u00e3o norteadora da &#8216;Jornada Sist\u00eamica: Desejos &#8211; Tempo de Liberar, Criar e Manifestar&#8217;, que ser\u00e1 realizada pela psicoterapeuta Sist\u00eamica Corporal Scheila Gomes no dia 02\/12, no Recife. A viv\u00eancia ser\u00e1 das 9h \u00e0s 13h, no Espa\u00e7o Gerar, localizado no bairro do Po\u00e7o [&hellip;]<\/p>\n","protected":false},"author":1,"featured_media":44487,"comment_status":"open","ping_status":"open","sticky":false,"template":"","format":"standard","meta":{"om_disable_all_campaigns":false,"_monsterinsights_skip_tracking":false,"_monsterinsights_sitenote_active":false,"_monsterinsights_sitenote_note":"","_monsterinsights_sitenote_category":0,"footnotes":""},"categories":[8,214],"tags":[999,132,531,909,43,148],"acf":[],"publishpress_future_action":{"enabled":false,"date":"1969-12-31 21:00:00","action":"","terms":[],"taxonomy":"","browser_timezone_offset":0},"_links":{"self":[{"href":"https:\/\/portalfloresnoar.com\/floresnoar\/wp-json\/wp\/v2\/posts\/44486"}],"collection":[{"href":"https:\/\/portalfloresnoar.com\/floresnoar\/wp-json\/wp\/v2\/posts"}],"about":[{"href":"https:\/\/portalfloresnoar.com\/floresnoar\/wp-json\/wp\/v2\/types\/post"}],"author":[{"embeddable":true,"href":"https:\/\/portalfloresnoar.com\/floresnoar\/wp-json\/wp\/v2\/users\/1"}],"replies":[{"embeddable":true,"href":"https:\/\/portalfloresnoar.com\/floresnoar\/wp-json\/wp\/v2\/comments?post=44486"}],"version-history":[{"count":1,"href":"https:\/\/portalfloresnoar.com\/floresnoar\/wp-json\/wp\/v2\/posts\/44486\/revisions"}],"predecessor-version":[{"id":44490,"href":"https:\/\/portalfloresnoar.com\/floresnoar\/wp-json\/wp\/v2\/posts\/44486\/revisions\/44490"}],"wp:featuredmedia":[{"embeddable":true,"href":"https:\/\/portalfloresnoar.com\/floresnoar\/wp-json\/wp\/v2\/media\/44487"}],"wp:attachment":[{"href":"https:\/\/portalfloresnoar.com\/floresnoar\/wp-json\/wp\/v2\/media?parent=44486"}],"wp:term":[{"taxonomy":"category","embeddable":true,"href":"https:\/\/portalfloresnoar.com\/floresnoar\/wp-json\/wp\/v2\/categories?post=44486"},{"taxonomy":"post_tag","embeddable":true,"href":"https:\/\/portalfloresnoar.com\/floresnoar\/wp-json\/wp\/v2\/tags?post=44486"}],"curies":[{"name":"wp","href":"https:\/\/api.w.org\/{rel}","templated":true}]}}