

{"id":44478,"date":"2023-03-22T12:41:42","date_gmt":"2023-03-22T15:41:42","guid":{"rendered":"https:\/\/portalfloresnoar.com\/floresnoar\/?p=44478"},"modified":"2023-11-27T08:57:14","modified_gmt":"2023-11-27T11:57:14","slug":"agenda-pe-vivencia-agricola-biodinamica-com-cacao-cerimonial-dia-25-11-em-aldeia-pe","status":"publish","type":"post","link":"https:\/\/portalfloresnoar.com\/floresnoar\/agenda-pe-vivencia-agricola-biodinamica-com-cacao-cerimonial-dia-25-11-em-aldeia-pe\/","title":{"rendered":"[AGENDA PE] Viv\u00eancia Agr\u00edcola Biodin\u00e2mica com Cacao Cerimonial dia 25\/11 em Aldeia\/PE"},"content":{"rendered":"<p><img decoding=\"async\" loading=\"lazy\" class=\"aligncenter size-large wp-image-44480\" src=\"https:\/\/portalfloresnoar.com\/floresnoar\/wp-content\/uploads\/2023\/11\/agricultura-biodinamica-pernambuco-494x700.jpeg\" alt=\"\" width=\"494\" height=\"700\" srcset=\"https:\/\/portalfloresnoar.com\/floresnoar\/wp-content\/uploads\/2023\/11\/agricultura-biodinamica-pernambuco-494x700.jpeg 494w, https:\/\/portalfloresnoar.com\/floresnoar\/wp-content\/uploads\/2023\/11\/agricultura-biodinamica-pernambuco-212x300.jpeg 212w, https:\/\/portalfloresnoar.com\/floresnoar\/wp-content\/uploads\/2023\/11\/agricultura-biodinamica-pernambuco-768x1087.jpeg 768w, https:\/\/portalfloresnoar.com\/floresnoar\/wp-content\/uploads\/2023\/11\/agricultura-biodinamica-pernambuco.jpeg 904w\" sizes=\"(max-width: 494px) 100vw, 494px\" \/><\/p>\n<p>No intuito de promover a conex\u00e3o com os ritmos da Natureza, e de fortalecer as pr\u00e1ticas de autocuidado e de cuidado com toda a comunidade, ser\u00e1 realizada no pr\u00f3ximo s\u00e1bado, dia 25\/11, a &#8216;Viv\u00eancia Agr\u00edcola Biodin\u00e2mica, com Cacao Cerimonial&#8217;, das 8h \u00e0s 21h, no Espa\u00e7o Agricultural de Cultivos Art\u00edsticos, localizado no km 9 de Aldeia\/PE. A experi\u00eancia agr\u00edcola ser\u00e1 facilitada pelo agricultor biodin\u00e2mico Luiz Carvalho Gallego e o Ritual do Cacao pela guardi\u00e3 da Medicina do Cacao Maduh Luz.<\/p>\n<p>&#8220;Na Viv\u00eancia Agr\u00edcola Biodin\u00e2mica desta Primavera iremos desenterrar 33 chifres que foram enterrados durante o perigeu do dia 11 de maio. Al\u00e9m desse desenterrio, vamos realizar o enterrio do Fladen, tamb\u00e9m conhecido como preparado de composto. \u00c9 uma oportunidade excelente para conhecer mais sobre a Agricultura Biodin\u00e2mica, a cosmologia agr\u00edcola espiritual e sua \u00edntima rela\u00e7\u00e3o com os ritmos e ciclos da natureza. Vamos conhecer mais sobre o cora\u00e7\u00e3o da agricultura biodin\u00e2mica, que s\u00e3o os preparados biodin\u00e2micos e como eles se relacionam com os processos biol\u00f3gicos e espirituais. Tudo isso podendo colocar a m\u00e3o na massa recebendo informa\u00e7\u00f5es que une o pensar o sentir e o agir, preenchendo o sentido de tudo que iremos fazer&#8221;, explica Gallego.<\/p>\n<p>Ap\u00f3s as a\u00e7\u00f5es com os preparados biodin\u00e2micos, ser\u00e1 realizada a viv\u00eancia com o Cacao Cerimonial. &#8220;O ritual com o Cacao permite avan\u00e7armos no \u00e2mbito da inten\u00e7\u00e3o e da vontade, aspectos esses de grande import\u00e2ncia no manejo agr\u00edcola biodin\u00e2mico. O Cacao nos permite acessar campos de uma pr\u00e1xis da sutileza. Assim, vamos meditar e permitir que a energia que habita a vitalidade do Cacao biodin\u00e2mico preencha todo o nosso corpo, inunde nossos \u00f3rg\u00e3os, nossa cabe\u00e7a e nosso cora\u00e7\u00e3o, gerando insights e inspirando o amor no gesto brando, em total harmonia com a natureza&#8221;.<\/p>\n<p>PROGRAMA\u00c7\u00c3O<br \/>\n&#8211; Acolhimento com frutas: 8h \u00e0s 9h<br \/>\n&#8211; Desenterrio do P500 e observa\u00e7\u00e3o e coleta do material: 9h \u00e0s 12h<br \/>\n&#8211; Almo\u00e7o org\u00e2nico: 12h \u00e0s 13h30<br \/>\n&#8211; Mistura, pisada e enterrio do FLADEN: 14h \u00e0s 16h<br \/>\n&#8211; Lanche<br \/>\n&#8211; Cerim\u00f4nia do Cacau: 18h \u00e0s 20h<\/p>\n<p>SERVI\u00c7O<br \/>\n<strong>&#8216;Viv\u00eancia Agr\u00edcola Biodin\u00e2mica, com Cacao Cerimonial&#8217;<\/strong><br \/>\n<strong>Data:<\/strong> 25\/11\/2023 (S\u00e1bado)<br \/>\n<strong>Hora:<\/strong> 8h \u00e0s 21h<br \/>\n<strong>Local:<\/strong> Espa\u00e7o Agricultural de Cultivos Art\u00edsticos &#8211; Km 9, Aldeia dos Camar\u00e1s, Camaragibe\/PE<br \/>\n<strong>Investimento:<\/strong> R$ 180,00<\/p>\n<p><strong>Inscri\u00e7\u00e3o e mais informa\u00e7\u00f5es no link:<\/strong><br \/>\n<a href=\"https:\/\/docs.google.com\/forms\/d\/e\/1FAIpQLSeJqTj0-ZGzq4EijpEaGwkOO0kVkSRk8nn-hGmkTZSy_eNBOg\/viewform\" target=\"_blank\" rel=\"noopener\">https:\/\/docs.google.com\/forms\/d\/e\/1FAIpQLSeJqTj0-ZGzq4EijpEaGwkOO0kVkSRk8nn-hGmkTZSy_eNBOg\/viewform<\/a><\/p>\n<p><strong>Contatos:<\/strong><br \/>\n81 999279598 &#8211; Luiz Carvalho Gallego<br \/>\n81 991958404 &#8211; Maduh Luz<\/p>\n","protected":false},"excerpt":{"rendered":"<p>No intuito de promover a conex\u00e3o com os ritmos da Natureza, e de fortalecer as pr\u00e1ticas de autocuidado e de cuidado com toda a comunidade, ser\u00e1 realizada no pr\u00f3ximo s\u00e1bado, dia 25\/11, a &#8216;Viv\u00eancia Agr\u00edcola Biodin\u00e2mica, com Cacao Cerimonial&#8217;, das 8h \u00e0s 21h, no Espa\u00e7o Agricultural de Cultivos Art\u00edsticos, localizado no km 9 de Aldeia\/PE. [&hellip;]<\/p>\n","protected":false},"author":1,"featured_media":44482,"comment_status":"open","ping_status":"open","sticky":false,"template":"","format":"standard","meta":{"om_disable_all_campaigns":false,"_monsterinsights_skip_tracking":false,"_monsterinsights_sitenote_active":false,"_monsterinsights_sitenote_note":"","_monsterinsights_sitenote_category":0,"footnotes":""},"categories":[8,214],"tags":[947,948,23,1460,1461],"acf":[],"publishpress_future_action":{"enabled":false,"date":"1969-12-31 21:00:00","action":"","terms":[],"taxonomy":"","browser_timezone_offset":0},"_links":{"self":[{"href":"https:\/\/portalfloresnoar.com\/floresnoar\/wp-json\/wp\/v2\/posts\/44478"}],"collection":[{"href":"https:\/\/portalfloresnoar.com\/floresnoar\/wp-json\/wp\/v2\/posts"}],"about":[{"href":"https:\/\/portalfloresnoar.com\/floresnoar\/wp-json\/wp\/v2\/types\/post"}],"author":[{"embeddable":true,"href":"https:\/\/portalfloresnoar.com\/floresnoar\/wp-json\/wp\/v2\/users\/1"}],"replies":[{"embeddable":true,"href":"https:\/\/portalfloresnoar.com\/floresnoar\/wp-json\/wp\/v2\/comments?post=44478"}],"version-history":[{"count":3,"href":"https:\/\/portalfloresnoar.com\/floresnoar\/wp-json\/wp\/v2\/posts\/44478\/revisions"}],"predecessor-version":[{"id":44485,"href":"https:\/\/portalfloresnoar.com\/floresnoar\/wp-json\/wp\/v2\/posts\/44478\/revisions\/44485"}],"wp:featuredmedia":[{"embeddable":true,"href":"https:\/\/portalfloresnoar.com\/floresnoar\/wp-json\/wp\/v2\/media\/44482"}],"wp:attachment":[{"href":"https:\/\/portalfloresnoar.com\/floresnoar\/wp-json\/wp\/v2\/media?parent=44478"}],"wp:term":[{"taxonomy":"category","embeddable":true,"href":"https:\/\/portalfloresnoar.com\/floresnoar\/wp-json\/wp\/v2\/categories?post=44478"},{"taxonomy":"post_tag","embeddable":true,"href":"https:\/\/portalfloresnoar.com\/floresnoar\/wp-json\/wp\/v2\/tags?post=44478"}],"curies":[{"name":"wp","href":"https:\/\/api.w.org\/{rel}","templated":true}]}}