

{"id":44471,"date":"2023-11-20T21:30:21","date_gmt":"2023-11-21T00:30:21","guid":{"rendered":"https:\/\/portalfloresnoar.com\/floresnoar\/?p=44471"},"modified":"2023-11-27T22:54:34","modified_gmt":"2023-11-28T01:54:34","slug":"musico-pernambucano-riva-le-boss-lanca-o-album-sons-de-aruanda","status":"publish","type":"post","link":"https:\/\/portalfloresnoar.com\/floresnoar\/musico-pernambucano-riva-le-boss-lanca-o-album-sons-de-aruanda\/","title":{"rendered":"M\u00fasico pernambucano Riva Le Boss lan\u00e7a o \u00e1lbum &#8216;Sons de Aruanda&#8217;"},"content":{"rendered":"<figure id=\"attachment_44472\" aria-describedby=\"caption-attachment-44472\" style=\"width: 645px\" class=\"wp-caption aligncenter\"><img decoding=\"async\" loading=\"lazy\" class=\"wp-image-44472 \" src=\"https:\/\/portalfloresnoar.com\/floresnoar\/wp-content\/uploads\/2023\/11\/Riva-Le-Boss-foto-Edson-Holanda-4-700x467.jpg\" alt=\"\" width=\"645\" height=\"430\" srcset=\"https:\/\/portalfloresnoar.com\/floresnoar\/wp-content\/uploads\/2023\/11\/Riva-Le-Boss-foto-Edson-Holanda-4-700x467.jpg 700w, https:\/\/portalfloresnoar.com\/floresnoar\/wp-content\/uploads\/2023\/11\/Riva-Le-Boss-foto-Edson-Holanda-4-300x200.jpg 300w, https:\/\/portalfloresnoar.com\/floresnoar\/wp-content\/uploads\/2023\/11\/Riva-Le-Boss-foto-Edson-Holanda-4-768x512.jpg 768w, https:\/\/portalfloresnoar.com\/floresnoar\/wp-content\/uploads\/2023\/11\/Riva-Le-Boss-foto-Edson-Holanda-4.jpg 900w\" sizes=\"(max-width: 645px) 100vw, 645px\" \/><figcaption id=\"caption-attachment-44472\" class=\"wp-caption-text\">Foto: Edson Holanda\/ Divulga\u00e7\u00e3o<\/figcaption><\/figure>\n<p>J\u00e1 est\u00e1 dispon\u00edvel <strong><a href=\"https:\/\/open.spotify.com\/intl-pt\/album\/43pzMaHESH3z2wqGCh1Lwb?si=AJiZx5pZSmy9YXQBKpKK4Q\" target=\"_blank\" rel=\"noopener\">nas plataformas digitais <\/a><\/strong>o \u00e1lbum &#8216;Sons de Aruanda&#8217;, do m\u00fasico pernambucano Riva Le Boss.<\/p>\n<p>O disco, lan\u00e7ado em 20\/11\/2023 (Dia da Consci\u00eancia Negra), \u00e9 uma homenagem \u00e0 cultura afro-brasileira, dedicada ao l\u00edder negro Zumbi e a todos que preservam e lutam pela mem\u00f3ria dos ancestrais, promovendo a cultura africana e afro-brasileira.<\/p>\n<p>O \u00e1lbum, com 10 faixas, teve in\u00edcio em 1998, quando o artista iniciou os estudos das ra\u00edzes da cultura afro-brasileira, impulsionado por suas experi\u00eancias e pesquisas junto a grupos e artistas de matriz africana.<\/p>\n<p>\u201cO disco \u00e9 um tributo \u00e0 cultura e a tradi\u00e7\u00e3o, um convite para explorar e preservar as ra\u00edzes que moldaram a identidade musical e cultural do Brasil\u201d, diz o artista.<\/p>\n<p>O projeto incorpora refer\u00eancias musicais que exploram a cultura afro, bem como a miscigena\u00e7\u00e3o dessa cultura com a m\u00fasica pernambucana e seus desdobramentos, criando uma experi\u00eancia aut\u00eantica de &#8216;world music&#8217;.<\/p>\n<p>Este \u00e9 o primeiro \u00e1lbum de Riva Le Boss, que lan\u00e7ou singles anteriormente sob o nome do projeto &#8220;PRETO&#8221;. O \u00e1lbum apresenta colabora\u00e7\u00f5es not\u00e1veis, incluindo a participa\u00e7\u00e3o das netas do cantor, Laura e Sophia, juntamente com sua filha, Lorena, Isabela de Holanda, Ebel Perrelli e Bra\u00falio Ara\u00fajo.<\/p>\n<p>Todo o processo de grava\u00e7\u00e3o, mixagem e masteriza\u00e7\u00e3o foi realizado no est\u00fadio MIDIOUT, localizado em Olinda, Pernambuco, sob a supervis\u00e3o do produtor e tecladista Felipe Maia. O \u00e1lbum ser\u00e1 distribu\u00eddo pelo selo MIDIOUT. A arte do projeto \u00e9 da &#8216;Semeando Artes&#8217;.<\/p>\n<p>&#8216;Sons de Aruanda&#8217; conta com o apoio do SIC Recife (Sistema de Incentivo \u00e0 Cultura) e ser\u00e1 ainda mais acess\u00edvel, com um encarte adicional com explica\u00e7\u00f5es em braile para alcan\u00e7ar um p\u00fablico mais amplo.<\/p>\n<p><iframe loading=\"lazy\" title=\"YouTube video player\" src=\"https:\/\/www.youtube.com\/embed\/13hFE3Yv7bo?si=ji8QltCeR4P3kZjb\" width=\"560\" height=\"315\" frameborder=\"0\" allowfullscreen=\"allowfullscreen\"><\/iframe><\/p>\n","protected":false},"excerpt":{"rendered":"<p>J\u00e1 est\u00e1 dispon\u00edvel nas plataformas digitais o \u00e1lbum &#8216;Sons de Aruanda&#8217;, do m\u00fasico pernambucano Riva Le Boss. O disco, lan\u00e7ado em 20\/11\/2023 (Dia da Consci\u00eancia Negra), \u00e9 uma homenagem \u00e0 cultura afro-brasileira, dedicada ao l\u00edder negro Zumbi e a todos que preservam e lutam pela mem\u00f3ria dos ancestrais, promovendo a cultura africana e afro-brasileira. O [&hellip;]<\/p>\n","protected":false},"author":1,"featured_media":44473,"comment_status":"open","ping_status":"open","sticky":false,"template":"","format":"standard","meta":{"om_disable_all_campaigns":false,"_monsterinsights_skip_tracking":false,"_monsterinsights_sitenote_active":false,"_monsterinsights_sitenote_note":"","_monsterinsights_sitenote_category":0,"footnotes":""},"categories":[15],"tags":[1074,31],"acf":[],"publishpress_future_action":{"enabled":false,"date":"1969-12-31 21:00:00","action":"","terms":[],"taxonomy":"","browser_timezone_offset":0},"_links":{"self":[{"href":"https:\/\/portalfloresnoar.com\/floresnoar\/wp-json\/wp\/v2\/posts\/44471"}],"collection":[{"href":"https:\/\/portalfloresnoar.com\/floresnoar\/wp-json\/wp\/v2\/posts"}],"about":[{"href":"https:\/\/portalfloresnoar.com\/floresnoar\/wp-json\/wp\/v2\/types\/post"}],"author":[{"embeddable":true,"href":"https:\/\/portalfloresnoar.com\/floresnoar\/wp-json\/wp\/v2\/users\/1"}],"replies":[{"embeddable":true,"href":"https:\/\/portalfloresnoar.com\/floresnoar\/wp-json\/wp\/v2\/comments?post=44471"}],"version-history":[{"count":5,"href":"https:\/\/portalfloresnoar.com\/floresnoar\/wp-json\/wp\/v2\/posts\/44471\/revisions"}],"predecessor-version":[{"id":44505,"href":"https:\/\/portalfloresnoar.com\/floresnoar\/wp-json\/wp\/v2\/posts\/44471\/revisions\/44505"}],"wp:featuredmedia":[{"embeddable":true,"href":"https:\/\/portalfloresnoar.com\/floresnoar\/wp-json\/wp\/v2\/media\/44473"}],"wp:attachment":[{"href":"https:\/\/portalfloresnoar.com\/floresnoar\/wp-json\/wp\/v2\/media?parent=44471"}],"wp:term":[{"taxonomy":"category","embeddable":true,"href":"https:\/\/portalfloresnoar.com\/floresnoar\/wp-json\/wp\/v2\/categories?post=44471"},{"taxonomy":"post_tag","embeddable":true,"href":"https:\/\/portalfloresnoar.com\/floresnoar\/wp-json\/wp\/v2\/tags?post=44471"}],"curies":[{"name":"wp","href":"https:\/\/api.w.org\/{rel}","templated":true}]}}