

{"id":44450,"date":"2023-11-20T09:01:41","date_gmt":"2023-11-20T12:01:41","guid":{"rendered":"https:\/\/portalfloresnoar.com\/floresnoar\/?p=44450"},"modified":"2024-09-23T20:40:03","modified_gmt":"2024-09-23T23:40:03","slug":"o-ser-em-sintonia-o-caminho-espiritual-do-reiki-uma-jornada-de-despertar","status":"publish","type":"post","link":"https:\/\/portalfloresnoar.com\/floresnoar\/o-ser-em-sintonia-o-caminho-espiritual-do-reiki-uma-jornada-de-despertar\/","title":{"rendered":"[O SER EM SINTONIA] O Caminho Espiritual do Reiki: uma Jornada de Despertar"},"content":{"rendered":"<p><img decoding=\"async\" loading=\"lazy\" class=\"aligncenter size-large wp-image-44452\" src=\"https:\/\/portalfloresnoar.com\/floresnoar\/wp-content\/uploads\/2023\/11\/despertar-espiritual-reiki-700x700.jpeg\" alt=\"\" width=\"700\" height=\"700\" srcset=\"https:\/\/portalfloresnoar.com\/floresnoar\/wp-content\/uploads\/2023\/11\/despertar-espiritual-reiki-700x700.jpeg 700w, https:\/\/portalfloresnoar.com\/floresnoar\/wp-content\/uploads\/2023\/11\/despertar-espiritual-reiki-300x300.jpeg 300w, https:\/\/portalfloresnoar.com\/floresnoar\/wp-content\/uploads\/2023\/11\/despertar-espiritual-reiki-150x150.jpeg 150w, https:\/\/portalfloresnoar.com\/floresnoar\/wp-content\/uploads\/2023\/11\/despertar-espiritual-reiki-768x768.jpeg 768w, https:\/\/portalfloresnoar.com\/floresnoar\/wp-content\/uploads\/2023\/11\/despertar-espiritual-reiki-100x100.jpeg 100w, https:\/\/portalfloresnoar.com\/floresnoar\/wp-content\/uploads\/2023\/11\/despertar-espiritual-reiki.jpeg 1080w\" sizes=\"(max-width: 700px) 100vw, 700px\" \/><\/p>\n<p>|\u00a0<em>Por Roberta Machado<\/em>* |<\/p>\n<p>O Reiki, uma antiga pr\u00e1tica de cura natural, \u00e9 mais do que um m\u00e9todo terap\u00eautico. Representa um caminho espiritual significativo, composto por est\u00e1gios que conduzem a uma surpreendente expans\u00e3o de consci\u00eancia. S\u00e3o eles:<\/p>\n<p><strong>Despertar<\/strong><br \/>\nO in\u00edcio da jornada no Reiki muitas vezes \u00e9 marcado pelo despertar espiritual. Os praticantes experimentam uma conex\u00e3o mais profunda com a energia vital universal, percebendo uma realidade al\u00e9m do tang\u00edvel.<\/p>\n<p><strong>Desbloqueio Energ\u00e9tico<\/strong><br \/>\nA pr\u00e1tica do Reiki visa desbloquear e equilibrar os centros de energia no corpo, conhecidos como chakras. Isso permite que a energia flua livremente, promovendo harmonia e bem-estar.<\/p>\n<p><strong>Libera\u00e7\u00e3o de Traumas<\/strong><br \/>\nO Reiki atua como uma ferramenta de cura que auxilia na libera\u00e7\u00e3o de traumas emocionais e energ\u00e9ticos. Essa purifica\u00e7\u00e3o permite que os praticantes se desprendam de bagagens passadas, possibilitando uma vida mais plena.<\/p>\n<p><strong>Expans\u00e3o de Consci\u00eancia e Conex\u00e3o com o Mestre Interior<\/strong><br \/>\n\u00c0 medida que o praticante avan\u00e7a, o Reiki facilita a expans\u00e3o da consci\u00eancia e o estabelecimento de uma conex\u00e3o profunda com o mestre interior. Isso promove uma compreens\u00e3o mais clara da pr\u00f3pria natureza e prop\u00f3sito.<\/p>\n<p><strong>Autorrealiza\u00e7\u00e3o<\/strong><br \/>\nA jornada culmina na autorrealiza\u00e7\u00e3o, onde o reikiano atinge um estado de equil\u00edbrio, compreens\u00e3o e aceita\u00e7\u00e3o. A pr\u00e1tica constante do Reiki n\u00e3o apenas beneficia o praticante, mas tamb\u00e9m o capacita a compartilhar essa energia amorosa com os outros.<\/p>\n<p>Uma f\u00e1bula que poderia ilustrar a jornada espiritual do Reiki \u00e9 &#8216;O Jardim Secreto&#8217;, de Frances Hodgson Burnett.<\/p>\n<p>Na historia, Mary Lennox, uma menina nascida na \u00cdndia, ap\u00f3s a morte de seus pais, \u00e9 enviada para viver com seu tio em uma mans\u00e3o sombria e isolada na Inglaterra.<\/p>\n<p>Solit\u00e1ria e mal-humorada, Mary v\u00ea sua vida come\u00e7ar a mudar quando descobre a chave de um jardim secreto, trancado por anos. Junto com um amigo, Dickon, e seu primo, Colin, Mary transforma o jardim abandonado em um lugar cheio de vida e cor.<\/p>\n<p>Essa jornada simboliza v\u00e1rios aspectos da pr\u00e1tica do Reiki, como o despertar para uma nova dimens\u00e3o da vida, a libera\u00e7\u00e3o de traumas e energias estagnadas, a transforma\u00e7\u00e3o e o crescimento pessoal, com destaque para a beleza da autodescoberta e da cura espiritual.<\/p>\n<p>Espero que este artigo tenha ajudado voc\u00ea a encontrar a chave secreta que conduzir\u00e1 a uma explora\u00e7\u00e3o mais profunda do extraordin\u00e1rio caminho do Reiki. Nos pr\u00f3ximos artigos, ser\u00e3o abordados, um a um, os cinco n\u00edveis de Reiki e suas particularidades.<\/p>\n<p><em>Gostaria de se aprofundar mais sobre o tema? Participe dos cursos oferecidos pelo<a href=\"https:\/\/instituto-dois-sois-reiki.webnode.page\/\" target=\"_blank\" rel=\"noopener\">\u00a0Instituto Dois S\u00f3is Reiki\u00a0<\/a>e permita-nos auxili\u00e1-lo(a) na busca pela expans\u00e3o de consci\u00eancia e pelo equil\u00edbrio f\u00edsico, emocional e energ\u00e9tico. Estamos \u00e0 disposi\u00e7\u00e3o para gui\u00e1-lo(a) nessa jornada de bem-estar. Acesse nosso Instagram \u00a0<a href=\"https:\/\/www.instagram.com\/doissoisreiki\/\" target=\"_blank\" rel=\"noopener\">@doissoisreiki<\/a>\u00a0 e fique por dentro de nossa agenda de cursos. Inscreva-se, tamb\u00e9m, no nosso <a href=\"https:\/\/www.youtube.com\/@doissoisreiki4167\" target=\"_blank\" rel=\"noopener\">canal do YouTube &#8211; O Ser em Sintonia<\/a>.<\/em><\/p>\n<p>&nbsp;<\/p>\n<p><strong><em>* Roberta Machado \u00e9 mestra em Reiki e integrante do Instituto Dois S\u00f3is Reiki.<\/em><\/strong><\/p>\n","protected":false},"excerpt":{"rendered":"<p>|\u00a0Por Roberta Machado* | O Reiki, uma antiga pr\u00e1tica de cura natural, \u00e9 mais do que um m\u00e9todo terap\u00eautico. Representa um caminho espiritual significativo, composto por est\u00e1gios que conduzem a uma surpreendente expans\u00e3o de consci\u00eancia. S\u00e3o eles: Despertar O in\u00edcio da jornada no Reiki muitas vezes \u00e9 marcado pelo despertar espiritual. Os praticantes experimentam uma [&hellip;]<\/p>\n","protected":false},"author":1,"featured_media":44451,"comment_status":"open","ping_status":"open","sticky":false,"template":"","format":"standard","meta":{"om_disable_all_campaigns":false,"_monsterinsights_skip_tracking":false,"_monsterinsights_sitenote_active":false,"_monsterinsights_sitenote_note":"","_monsterinsights_sitenote_category":0,"footnotes":""},"categories":[10,220,1432],"tags":[499,136,33,37],"acf":[],"publishpress_future_action":{"enabled":false,"date":"1969-12-31 21:00:00","action":"","terms":[],"taxonomy":"","browser_timezone_offset":0},"_links":{"self":[{"href":"https:\/\/portalfloresnoar.com\/floresnoar\/wp-json\/wp\/v2\/posts\/44450"}],"collection":[{"href":"https:\/\/portalfloresnoar.com\/floresnoar\/wp-json\/wp\/v2\/posts"}],"about":[{"href":"https:\/\/portalfloresnoar.com\/floresnoar\/wp-json\/wp\/v2\/types\/post"}],"author":[{"embeddable":true,"href":"https:\/\/portalfloresnoar.com\/floresnoar\/wp-json\/wp\/v2\/users\/1"}],"replies":[{"embeddable":true,"href":"https:\/\/portalfloresnoar.com\/floresnoar\/wp-json\/wp\/v2\/comments?post=44450"}],"version-history":[{"count":2,"href":"https:\/\/portalfloresnoar.com\/floresnoar\/wp-json\/wp\/v2\/posts\/44450\/revisions"}],"predecessor-version":[{"id":44454,"href":"https:\/\/portalfloresnoar.com\/floresnoar\/wp-json\/wp\/v2\/posts\/44450\/revisions\/44454"}],"wp:featuredmedia":[{"embeddable":true,"href":"https:\/\/portalfloresnoar.com\/floresnoar\/wp-json\/wp\/v2\/media\/44451"}],"wp:attachment":[{"href":"https:\/\/portalfloresnoar.com\/floresnoar\/wp-json\/wp\/v2\/media?parent=44450"}],"wp:term":[{"taxonomy":"category","embeddable":true,"href":"https:\/\/portalfloresnoar.com\/floresnoar\/wp-json\/wp\/v2\/categories?post=44450"},{"taxonomy":"post_tag","embeddable":true,"href":"https:\/\/portalfloresnoar.com\/floresnoar\/wp-json\/wp\/v2\/tags?post=44450"}],"curies":[{"name":"wp","href":"https:\/\/api.w.org\/{rel}","templated":true}]}}