

{"id":44441,"date":"2023-11-17T12:55:10","date_gmt":"2023-11-17T15:55:10","guid":{"rendered":"https:\/\/portalfloresnoar.com\/floresnoar\/?p=44441"},"modified":"2023-11-17T13:13:00","modified_gmt":"2023-11-17T16:13:00","slug":"agenda-pe-psicologa-joanita-agostinho-oferece-terapia-de-casal-no-recife","status":"publish","type":"post","link":"https:\/\/portalfloresnoar.com\/floresnoar\/agenda-pe-psicologa-joanita-agostinho-oferece-terapia-de-casal-no-recife\/","title":{"rendered":"[AGENDA PE] Psic\u00f3loga Joanita Agostinho oferece Terapia de Casal no Recife"},"content":{"rendered":"<p><img decoding=\"async\" loading=\"lazy\" class=\"wp-image-44442 alignleft\" src=\"https:\/\/portalfloresnoar.com\/floresnoar\/wp-content\/uploads\/2023\/11\/psicologa-joanita-agostinho-525x700.jpeg\" alt=\"\" width=\"331\" height=\"441\" srcset=\"https:\/\/portalfloresnoar.com\/floresnoar\/wp-content\/uploads\/2023\/11\/psicologa-joanita-agostinho-525x700.jpeg 525w, https:\/\/portalfloresnoar.com\/floresnoar\/wp-content\/uploads\/2023\/11\/psicologa-joanita-agostinho-225x300.jpeg 225w, https:\/\/portalfloresnoar.com\/floresnoar\/wp-content\/uploads\/2023\/11\/psicologa-joanita-agostinho-768x1024.jpeg 768w, https:\/\/portalfloresnoar.com\/floresnoar\/wp-content\/uploads\/2023\/11\/psicologa-joanita-agostinho.jpeg 780w\" sizes=\"(max-width: 331px) 100vw, 331px\" \/>A psic\u00f3loga Joanita Agostinho est\u00e1 oferecendo sess\u00f5es de <strong>Terapia de Casal<\/strong> com o objetivo de olhar para situa\u00e7\u00f5es pontuais nos relacionamentos afetivos (heteroafetivos e homoafetivos). Os atendimentos s\u00e3o realizados no Espa\u00e7o Gerar, localizado no bairro do Po\u00e7o da Panela, no Recife.<\/p>\n<p>&#8220;Rela\u00e7\u00f5es conjugais nem sempre s\u00e3o f\u00e1ceis e muitas vezes n\u00e3o s\u00e3o feitas de momentos agrad\u00e1veis. Quando o casal est\u00e1 enfrentando uma crise no relacionamento e n\u00e3o tem conseguido estabelecer uma conex\u00e3o saud\u00e1vel com seu parceiro(a), causando preju\u00edzos para a rela\u00e7\u00e3o, a terapia de casal pode ser uma excelente aliada. Procurar um acompanhamento profissional ajudar\u00e1 ambos a compreenderem a origem dos problemas, insatisfa\u00e7\u00f5es e inseguran\u00e7as, e descobrirem quais sentimentos permanecem na rela\u00e7\u00e3o e como superar os momentos de crise&#8221;, aconselha a psic\u00f3loga.<\/p>\n<p>A Terapia de Casal \u00e9 oferecida atrav\u00e9s de um m\u00f3dulo composto por 04 sess\u00f5es, com atua\u00e7\u00e3o focada na demanda pontual do casal e suas poss\u00edveis resolu\u00e7\u00f5es. Cada sess\u00e3o tem 1 hora de dura\u00e7\u00e3o e acontece de forma presencial, nas ter\u00e7as-feiras, com agendamento pr\u00e9vio.<\/p>\n<p>OUTROS ATENDIMENTOS &#8211; Al\u00e9m da Terapia de Casal, a psic\u00f3loga Joanita Agostinho oferece atendimentos psicoterap\u00eauticos para adolescentes (a partir de 13 anos), adultos (incluindo idosos) e casais.<\/p>\n<p>As sess\u00f5es t\u00eam como objetivo a promo\u00e7\u00e3o da sa\u00fade mental e do bem-estar psicossocial. Os atendimentos s\u00e3o realizados tanto de modo on-line, como tamb\u00e9m presencial, no\u00a0<a href=\"https:\/\/www.instagram.com\/gerararteterapia\/\" target=\"_blank\" rel=\"noopener\">Espa\u00e7o Gerar<\/a>, no Recife.<\/p>\n<p>Outro servi\u00e7o realizado por Joanita \u00e9 a Roda Terap\u00eautica para Adolescentes \u2018Ansiedade n\u00e3o tem idade!\u2019. Em dezembro pr\u00f3ximo, haver\u00e1 um novo encontro da Roda. As pessoas interessadas devem entrar em contato com a psic\u00f3loga atrav\u00e9s do WhatsApp: \u00a0(81) 98836-1203 ou Instagram:\u00a0<a href=\"https:\/\/www.instagram.com\/joanitaagostinhopsi\/\" target=\"_blank\" rel=\"noopener\">@joanitaagostinhopsi<\/a>.<\/p>\n<p>SOBRE JOANITA AGOSTINHO<br \/>\n<img decoding=\"async\" loading=\"lazy\" class=\"wp-image-43244 alignleft\" src=\"https:\/\/portalfloresnoar.com\/floresnoar\/wp-content\/uploads\/2023\/04\/Joanita-Agostinho-psicologa-525x700.jpg\" sizes=\"(max-width: 169px) 100vw, 169px\" srcset=\"https:\/\/portalfloresnoar.com\/floresnoar\/wp-content\/uploads\/2023\/04\/Joanita-Agostinho-psicologa-525x700.jpg 525w, https:\/\/portalfloresnoar.com\/floresnoar\/wp-content\/uploads\/2023\/04\/Joanita-Agostinho-psicologa-225x300.jpg 225w, https:\/\/portalfloresnoar.com\/floresnoar\/wp-content\/uploads\/2023\/04\/Joanita-Agostinho-psicologa-768x1024.jpg 768w, https:\/\/portalfloresnoar.com\/floresnoar\/wp-content\/uploads\/2023\/04\/Joanita-Agostinho-psicologa.jpg 1000w\" alt=\"\" width=\"169\" height=\"225\" \/><br \/>\nTem forma\u00e7\u00e3o em Psicologia (2010), pela FACHO (CRP 02\/22696);<br \/>\nAtua\u00e7\u00e3o cl\u00ednica individual permanente (Espa\u00e7o Gerar, Liame Espa\u00e7o Terap\u00eautico e Consult\u00f3rio Empresarial Pedro Martiniano);<br \/>\nAtua\u00e7\u00e3o na Coordena\u00e7\u00e3o do setor Psicossocial na ONG Movimento Inspire, desde Fevereiro 2020;<br \/>\nForma\u00e7\u00e3o em Gest\u00e3o de Pessoas;<br \/>\nForma\u00e7\u00e3o em Psicoterapia Breve;<br \/>\nForma\u00e7\u00e3o Continuada em Psicofarmacologia;<br \/>\nForma\u00e7\u00e3o em Psicologia e Diversidade Sexual;<br \/>\nP\u00f3s-graduanda em Aten\u00e7\u00e3o Psicossocial e Sa\u00fade Mental (Faculdade Unimed).<\/p>\n<p>&nbsp;<\/p>\n<p><strong>Local dos atendimentos:<\/strong> Espa\u00e7o Gerar &#8211; \u00a0Rua Luiz Guimar\u00e3es, 253, Po\u00e7o da Panela, Recife\/PE<br \/>\n<em>(Mapa com a localiza\u00e7\u00e3o:\u00a0<a href=\"https:\/\/maps.app.goo.gl\/kZCHrg1TKRm8Qhmv9\" target=\"_blank\" rel=\"noopener\">https:\/\/maps.app.goo.gl\/kZCHrg1TKRm8Qhmv9<\/a>)<\/em><\/p>\n<p>AGENDAMENTOS E MAIS INFORMA\u00c7\u00d5ES<br \/>\n<strong>WhatsApp:<\/strong>\u00a0(81) 98836-1203 (Joanita)\/ (81) 99760-6383 (Gerar)<br \/>\n<strong>E-mail:<\/strong>\u00a0joanitaagostinho8@gmail.com<br \/>\n<strong>Instagram:<\/strong>\u00a0<a href=\"https:\/\/www.instagram.com\/joanitaagostinhopsi\/\" target=\"_blank\" rel=\"noopener\">@joanitaagostinhopsi<\/a><\/p>\n","protected":false},"excerpt":{"rendered":"<p>A psic\u00f3loga Joanita Agostinho est\u00e1 oferecendo sess\u00f5es de Terapia de Casal com o objetivo de olhar para situa\u00e7\u00f5es pontuais nos relacionamentos afetivos (heteroafetivos e homoafetivos). Os atendimentos s\u00e3o realizados no Espa\u00e7o Gerar, localizado no bairro do Po\u00e7o da Panela, no Recife. &#8220;Rela\u00e7\u00f5es conjugais nem sempre s\u00e3o f\u00e1ceis e muitas vezes n\u00e3o s\u00e3o feitas de momentos [&hellip;]<\/p>\n","protected":false},"author":1,"featured_media":44443,"comment_status":"open","ping_status":"open","sticky":false,"template":"","format":"standard","meta":{"om_disable_all_campaigns":false,"_monsterinsights_skip_tracking":false,"_monsterinsights_sitenote_active":false,"_monsterinsights_sitenote_note":"","_monsterinsights_sitenote_category":0,"footnotes":""},"categories":[8,224,214],"tags":[81,147,236,865,1310,1148],"acf":[],"publishpress_future_action":{"enabled":false,"date":"1969-12-31 21:00:00","action":"","terms":[],"taxonomy":"","browser_timezone_offset":0},"_links":{"self":[{"href":"https:\/\/portalfloresnoar.com\/floresnoar\/wp-json\/wp\/v2\/posts\/44441"}],"collection":[{"href":"https:\/\/portalfloresnoar.com\/floresnoar\/wp-json\/wp\/v2\/posts"}],"about":[{"href":"https:\/\/portalfloresnoar.com\/floresnoar\/wp-json\/wp\/v2\/types\/post"}],"author":[{"embeddable":true,"href":"https:\/\/portalfloresnoar.com\/floresnoar\/wp-json\/wp\/v2\/users\/1"}],"replies":[{"embeddable":true,"href":"https:\/\/portalfloresnoar.com\/floresnoar\/wp-json\/wp\/v2\/comments?post=44441"}],"version-history":[{"count":4,"href":"https:\/\/portalfloresnoar.com\/floresnoar\/wp-json\/wp\/v2\/posts\/44441\/revisions"}],"predecessor-version":[{"id":44447,"href":"https:\/\/portalfloresnoar.com\/floresnoar\/wp-json\/wp\/v2\/posts\/44441\/revisions\/44447"}],"wp:featuredmedia":[{"embeddable":true,"href":"https:\/\/portalfloresnoar.com\/floresnoar\/wp-json\/wp\/v2\/media\/44443"}],"wp:attachment":[{"href":"https:\/\/portalfloresnoar.com\/floresnoar\/wp-json\/wp\/v2\/media?parent=44441"}],"wp:term":[{"taxonomy":"category","embeddable":true,"href":"https:\/\/portalfloresnoar.com\/floresnoar\/wp-json\/wp\/v2\/categories?post=44441"},{"taxonomy":"post_tag","embeddable":true,"href":"https:\/\/portalfloresnoar.com\/floresnoar\/wp-json\/wp\/v2\/tags?post=44441"}],"curies":[{"name":"wp","href":"https:\/\/api.w.org\/{rel}","templated":true}]}}