

{"id":44408,"date":"2023-11-08T21:15:35","date_gmt":"2023-11-09T00:15:35","guid":{"rendered":"https:\/\/portalfloresnoar.com\/floresnoar\/?p=44408"},"modified":"2023-11-08T21:15:35","modified_gmt":"2023-11-09T00:15:35","slug":"galeria-a-arte-da-intuicao","status":"publish","type":"post","link":"https:\/\/portalfloresnoar.com\/floresnoar\/galeria-a-arte-da-intuicao\/","title":{"rendered":"[GALERIA] A Arte da Intui\u00e7\u00e3o"},"content":{"rendered":"<p><img decoding=\"async\" loading=\"lazy\" class=\"aligncenter wp-image-44416\" src=\"https:\/\/portalfloresnoar.com\/floresnoar\/wp-content\/uploads\/2023\/11\/aline-leoncio.jpg\" alt=\"\" width=\"630\" height=\"630\" srcset=\"https:\/\/portalfloresnoar.com\/floresnoar\/wp-content\/uploads\/2023\/11\/aline-leoncio.jpg 700w, https:\/\/portalfloresnoar.com\/floresnoar\/wp-content\/uploads\/2023\/11\/aline-leoncio-300x300.jpg 300w, https:\/\/portalfloresnoar.com\/floresnoar\/wp-content\/uploads\/2023\/11\/aline-leoncio-150x150.jpg 150w, https:\/\/portalfloresnoar.com\/floresnoar\/wp-content\/uploads\/2023\/11\/aline-leoncio-100x100.jpg 100w\" sizes=\"(max-width: 630px) 100vw, 630px\" \/><\/p>\n<p>| <em>Por Aline Le\u00f4ncio*<\/em> |<\/p>\n<p>Das profundezas do meu sentir, dos abismos dos meus medos, dos desconfortos do meu existir, nasceu a s\u00e9rie &#8216;A Arte da Intui\u00e7\u00e3o&#8217;. A primeira de muitas que ainda vir\u00e3o!<\/p>\n<p>Depois de um grande percurso de experi\u00eancias dolorosas de um corpo altamente sens\u00edvel em uma realidade ca\u00f3tica e violenta, juntei meus peda\u00e7os e me recolhi em mim mesma, lambendo minhas feridas no colo da M\u00e3e Natureza. Foram longos anos de transforma\u00e7\u00e3o dentro do casulo, at\u00e9 que reencontrei meu cora\u00e7\u00e3o e renasci. Na realidade, venho renascendo desde ent\u00e3o, descobrindo a cada novo passo, a misteriosa for\u00e7a que existe na arte.<\/p>\n<p>Renasci atrav\u00e9s dessa s\u00e9rie de pinturas intuitivas, que abriram as portas da minha percep\u00e7\u00e3o. Feitas com tinta acr\u00edlica sobre papel 300g, cada obra me trouxe ensinamentos preciosos demais para manter em sil\u00eancio e, juntas, me deram a coragem necess\u00e1ria para compartilhar a minha sensibilidade art\u00edstica com o mundo. Durante o processo de cria\u00e7\u00e3o, minha inten\u00e7\u00e3o foi apenas soltar as m\u00e3os e dar passagem para as energias se manifestarem.<\/p>\n<p>Convido aqueles que enxergam de olhos fechados e escutam os sussurros silenciosos do vento, a abrirem os cora\u00e7\u00f5es para sentir o toque de cada obra e receber os recados de uma dimens\u00e3o sutil e extracorp\u00f3rea.<\/p>\n<p><strong>OBRAS DA S\u00c9RIE &#8216;A ARTE DA INTUI\u00c7\u00c3O&#8217;<\/strong><\/p>\n<p><img decoding=\"async\" loading=\"lazy\" class=\"aligncenter size-large wp-image-44413\" src=\"https:\/\/portalfloresnoar.com\/floresnoar\/wp-content\/uploads\/2023\/11\/Hipersensivel-497x700.jpg\" alt=\"\" width=\"497\" height=\"700\" srcset=\"https:\/\/portalfloresnoar.com\/floresnoar\/wp-content\/uploads\/2023\/11\/Hipersensivel-497x700.jpg 497w, https:\/\/portalfloresnoar.com\/floresnoar\/wp-content\/uploads\/2023\/11\/Hipersensivel-213x300.jpg 213w, https:\/\/portalfloresnoar.com\/floresnoar\/wp-content\/uploads\/2023\/11\/Hipersensivel.jpg 690w\" sizes=\"(max-width: 497px) 100vw, 497px\" \/><\/p>\n<p><strong>Hipersens\u00edvel<\/strong><\/p>\n<p>Sobre ver o mundo com o cora\u00e7\u00e3o e se permitir transbordar.<\/p>\n<p>Expande o peito, firme os p\u00e9s no ch\u00e3o, se coloque em estado de presen\u00e7a, sente o amor pulsar em cada c\u00e9lula e abre caminho para que essa energia passe atrav\u00e9s de voc\u00ea, at\u00e9 onde puder alcan\u00e7ar.<\/p>\n<p>&nbsp;<\/p>\n<p><img decoding=\"async\" loading=\"lazy\" class=\"aligncenter size-large wp-image-44414\" src=\"https:\/\/portalfloresnoar.com\/floresnoar\/wp-content\/uploads\/2023\/11\/Inteirar-se-491x700.jpg\" alt=\"\" width=\"491\" height=\"700\" srcset=\"https:\/\/portalfloresnoar.com\/floresnoar\/wp-content\/uploads\/2023\/11\/Inteirar-se-491x700.jpg 491w, https:\/\/portalfloresnoar.com\/floresnoar\/wp-content\/uploads\/2023\/11\/Inteirar-se-211x300.jpg 211w, https:\/\/portalfloresnoar.com\/floresnoar\/wp-content\/uploads\/2023\/11\/Inteirar-se.jpg 690w\" sizes=\"(max-width: 491px) 100vw, 491px\" \/><\/p>\n<p><strong>Inteirar-se<\/strong><\/p>\n<p>\u00c9 tempo de se integrar, a si mesmo e ao todo. Isso s\u00f3 ser\u00e1 poss\u00edvel quando aprendermos a equilibrar nossa dualidade, incorporando todos os elementos que existem no nosso ser, nos tornando, assim, um todo mais coerente, mais inteiro.<\/p>\n<p>Negar a mat\u00e9ria n\u00e3o nos faz mais espiritualizados; Negar nosso masculino n\u00e3o nos faz seres mais femininos (e vice-versa), muito pelo contr\u00e1rio. Quanto mais a gente nega, mais a gente se afasta de si.<\/p>\n<p>A integra\u00e7\u00e3o acontece no encontro das duas polaridades: positivo-negativo, luz-sombra, amor-\u00f3dio, feminino-masculino, esp\u00edrito-mat\u00e9ria e por a\u00ed vai&#8230; Esse \u00e9 o caminho do equil\u00edbrio, abra\u00e7ar o que nos faz humanos, sem esquecer da responsabilidade no amor, a si mesmo, ao pr\u00f3ximo, \u00e0 natureza e ao criador.<\/p>\n<p>&nbsp;<\/p>\n<p><img decoding=\"async\" loading=\"lazy\" class=\"aligncenter size-large wp-image-44411\" src=\"https:\/\/portalfloresnoar.com\/floresnoar\/wp-content\/uploads\/2023\/11\/Do-centro-para-expandir-490x700.jpg\" alt=\"\" width=\"490\" height=\"700\" srcset=\"https:\/\/portalfloresnoar.com\/floresnoar\/wp-content\/uploads\/2023\/11\/Do-centro-para-expandir-490x700.jpg 490w, https:\/\/portalfloresnoar.com\/floresnoar\/wp-content\/uploads\/2023\/11\/Do-centro-para-expandir-210x300.jpg 210w, https:\/\/portalfloresnoar.com\/floresnoar\/wp-content\/uploads\/2023\/11\/Do-centro-para-expandir.jpg 690w\" sizes=\"(max-width: 490px) 100vw, 490px\" \/><\/p>\n<p><strong>Do centro para expandir<\/strong><\/p>\n<p>Essa surgiu pra mim durante uma medita\u00e7\u00e3o e veio como uma sensa\u00e7\u00e3o potente de expans\u00e3o. Uma vontade de deixar que a minha verdade se espalhe para al\u00e9m dos meus poros, transcendendo os limites da mat\u00e9ria. A vontade de ser quem eu sou na forma mais pura: ser luz e sombra, consci\u00eancia e amor. O que n\u00e3o \u00e9 nada f\u00e1cil em um mundo que cultiva exatamente o oposto, fazendo a gente desacreditar a todo instante da nossa pot\u00eancia, do nosso valor. \u00c9 preciso estar sempre relembrando o quanto somos divinos e capazes. Temos mais for\u00e7a e coragem do que supomos. Somos o verbo do criador em a\u00e7\u00e3o, poxa! Existe algo mais poderoso do que isso?<\/p>\n<p>&nbsp;<\/p>\n<p><img decoding=\"async\" loading=\"lazy\" class=\"aligncenter size-large wp-image-44412\" src=\"https:\/\/portalfloresnoar.com\/floresnoar\/wp-content\/uploads\/2023\/11\/Fluyendo-501x700.jpg\" alt=\"\" width=\"501\" height=\"700\" srcset=\"https:\/\/portalfloresnoar.com\/floresnoar\/wp-content\/uploads\/2023\/11\/Fluyendo-501x700.jpg 501w, https:\/\/portalfloresnoar.com\/floresnoar\/wp-content\/uploads\/2023\/11\/Fluyendo-215x300.jpg 215w, https:\/\/portalfloresnoar.com\/floresnoar\/wp-content\/uploads\/2023\/11\/Fluyendo.jpg 690w\" sizes=\"(max-width: 501px) 100vw, 501px\" \/><\/p>\n<p><strong>Fluyendo<\/strong><\/p>\n<p>Nunca se esque\u00e7a de quem voc\u00ea \u00e9, ainda que esteja machucada. Voc\u00ea pode chorar! Lembre-se: voc\u00ea pode chorar! Beba as suas l\u00e1grimas e deixe que o seu rio flua livremente. Torne-se uma parte do oceano.<\/p>\n<p>A tela que me mostrou a beleza que existe nas l\u00e1grimas. Chorar \u00e9 al\u00edvio, \u00e9 regula\u00e7\u00e3o emocional. Certas emo\u00e7\u00f5es s\u00f3 podem ser expressas dessa forma. Chorando a gente se cura, a gente sente profundamente o que precisa ser sentido e libera, solta, deixa fluir.<\/p>\n<p>&nbsp;<\/p>\n<p><img decoding=\"async\" loading=\"lazy\" class=\"aligncenter size-large wp-image-44410\" src=\"https:\/\/portalfloresnoar.com\/floresnoar\/wp-content\/uploads\/2023\/11\/Coletividade-518x700.jpg\" alt=\"\" width=\"518\" height=\"700\" srcset=\"https:\/\/portalfloresnoar.com\/floresnoar\/wp-content\/uploads\/2023\/11\/Coletividade-518x700.jpg 518w, https:\/\/portalfloresnoar.com\/floresnoar\/wp-content\/uploads\/2023\/11\/Coletividade-222x300.jpg 222w, https:\/\/portalfloresnoar.com\/floresnoar\/wp-content\/uploads\/2023\/11\/Coletividade.jpg 690w\" sizes=\"(max-width: 518px) 100vw, 518px\" \/><\/p>\n<p><strong>Coletividade<\/strong><\/p>\n<p>N\u00e3o subestime a for\u00e7a que h\u00e1 em um povo unido a servi\u00e7o do amor e do bem maior!<\/p>\n<p>N\u00e3o existe melhor ou pior, certo ou errado, grande ou pequeno. O que existe \u00e9 muito trabalho a ser feito! A beleza reside nas diferen\u00e7as, que, assim como as cores na pintura, se complementam. Se cada ser focar em fazer a sua parte, o resultado vai ser maravilhoso. Pode acreditar!<\/p>\n<p>&#8212;&#8212;&#8211;<\/p>\n<p><em><strong>*<\/strong> Me expressar pela arte foi a melhor escolha que eu j\u00e1 fiz e sigo escolhendo isso todos os dias. Apesar das dificuldades, \u00e9 a arte que me mant\u00e9m seguindo. \u00c9 pela arte que eu tenho aprendido a me amar. Me chamo Aline Le\u00f4ncio, sou Artista Pl\u00e1stica, Designer e Terapeuta Energ\u00e9tica, conduzida pelas for\u00e7as da natureza. Se quiser conhecer melhor o meu trabalho, tomar um ch\u00e1zinho e trocar uma ideia, s\u00f3 entrar em contato.<\/em><br \/>\n<strong>Instagram:<\/strong> <a href=\"https:\/\/www.instagram.com\/leoncioaline\/\" target=\"_blank\" rel=\"noopener\">@leoncioaline<\/a><br \/>\n<strong>E-mail:<\/strong>\u00a0leoncio.aline@hotmail.com<\/p>\n","protected":false},"excerpt":{"rendered":"<p>| Por Aline Le\u00f4ncio* | Das profundezas do meu sentir, dos abismos dos meus medos, dos desconfortos do meu existir, nasceu a s\u00e9rie &#8216;A Arte da Intui\u00e7\u00e3o&#8217;. A primeira de muitas que ainda vir\u00e3o! Depois de um grande percurso de experi\u00eancias dolorosas de um corpo altamente sens\u00edvel em uma realidade ca\u00f3tica e violenta, juntei meus [&hellip;]<\/p>\n","protected":false},"author":1,"featured_media":44409,"comment_status":"open","ping_status":"open","sticky":false,"template":"","format":"standard","meta":{"om_disable_all_campaigns":false,"_monsterinsights_skip_tracking":false,"_monsterinsights_sitenote_active":false,"_monsterinsights_sitenote_note":"","_monsterinsights_sitenote_category":0,"footnotes":""},"categories":[12],"tags":[44,364,136,150],"acf":[],"publishpress_future_action":{"enabled":false,"date":"1969-12-31 21:00:00","action":"","terms":[],"taxonomy":"","browser_timezone_offset":0},"_links":{"self":[{"href":"https:\/\/portalfloresnoar.com\/floresnoar\/wp-json\/wp\/v2\/posts\/44408"}],"collection":[{"href":"https:\/\/portalfloresnoar.com\/floresnoar\/wp-json\/wp\/v2\/posts"}],"about":[{"href":"https:\/\/portalfloresnoar.com\/floresnoar\/wp-json\/wp\/v2\/types\/post"}],"author":[{"embeddable":true,"href":"https:\/\/portalfloresnoar.com\/floresnoar\/wp-json\/wp\/v2\/users\/1"}],"replies":[{"embeddable":true,"href":"https:\/\/portalfloresnoar.com\/floresnoar\/wp-json\/wp\/v2\/comments?post=44408"}],"version-history":[{"count":2,"href":"https:\/\/portalfloresnoar.com\/floresnoar\/wp-json\/wp\/v2\/posts\/44408\/revisions"}],"predecessor-version":[{"id":44417,"href":"https:\/\/portalfloresnoar.com\/floresnoar\/wp-json\/wp\/v2\/posts\/44408\/revisions\/44417"}],"wp:featuredmedia":[{"embeddable":true,"href":"https:\/\/portalfloresnoar.com\/floresnoar\/wp-json\/wp\/v2\/media\/44409"}],"wp:attachment":[{"href":"https:\/\/portalfloresnoar.com\/floresnoar\/wp-json\/wp\/v2\/media?parent=44408"}],"wp:term":[{"taxonomy":"category","embeddable":true,"href":"https:\/\/portalfloresnoar.com\/floresnoar\/wp-json\/wp\/v2\/categories?post=44408"},{"taxonomy":"post_tag","embeddable":true,"href":"https:\/\/portalfloresnoar.com\/floresnoar\/wp-json\/wp\/v2\/tags?post=44408"}],"curies":[{"name":"wp","href":"https:\/\/api.w.org\/{rel}","templated":true}]}}