

{"id":4437,"date":"2012-10-24T09:44:17","date_gmt":"2012-10-24T12:44:17","guid":{"rendered":"http:\/\/portalfloresnoar.com\/floresnoar\/?p=4437"},"modified":"2014-09-24T18:36:29","modified_gmt":"2014-09-24T21:36:29","slug":"workshop-anatomia-de-um-ensaio-fotografico-com-eder-chiodetto-de-7-a-9-de-dezembro-no-3-e-meio","status":"publish","type":"post","link":"https:\/\/portalfloresnoar.com\/floresnoar\/workshop-anatomia-de-um-ensaio-fotografico-com-eder-chiodetto-de-7-a-9-de-dezembro-no-3-e-meio\/","title":{"rendered":"Workshop \u201cAnatomia de um Ensaio Fotogr\u00e1fico\u201d com Eder Chiodetto, de 7 a 9 de dezembro, no 3 e Meio"},"content":{"rendered":"<p><img decoding=\"async\" loading=\"lazy\" class=\"alignleft size-medium wp-image-4438\" title=\"eder chiodetto\" src=\"http:\/\/portalfloresnoar.com\/floresnoar\/wp-content\/uploads\/2012\/11\/eder-chiodetto-300x200.jpg\" alt=\"\" width=\"300\" height=\"200\" srcset=\"https:\/\/portalfloresnoar.com\/floresnoar\/wp-content\/uploads\/2012\/11\/eder-chiodetto-300x200.jpg 300w, https:\/\/portalfloresnoar.com\/floresnoar\/wp-content\/uploads\/2012\/11\/eder-chiodetto-150x100.jpg 150w, https:\/\/portalfloresnoar.com\/floresnoar\/wp-content\/uploads\/2012\/11\/eder-chiodetto-400x266.jpg 400w, https:\/\/portalfloresnoar.com\/floresnoar\/wp-content\/uploads\/2012\/11\/eder-chiodetto.jpg 600w\" sizes=\"(max-width: 300px) 100vw, 300px\" \/><\/p>\n<p>Dias\/hor\u00e1rios:<br \/>\n07\/12\/12 sexta-feira das 18h \u00e0s 20:30h<br \/>\n08\/12\/12 s\u00e1bado das 10h \u00e0s 13h<br \/>\n09\/12\/12 domingo das 10h \u00e0s 13h<\/p>\n<p>Dura\u00e7\u00e3o: 08 horas em tr\u00eas dias consecutivos (sexta a domingo)<\/p>\n<p>CONTE\u00daDO DO CURSO<br \/>\nDia 07:<br \/>\n&#8211; O curador e editor Eder Chiodetto far\u00e1 uma abordagem pormenorizada, a partir de suas pesquisas, sobre a cria\u00e7\u00e3o conceitual e est\u00e9tica, edi\u00e7\u00e3o e<br \/>\nfinaliza\u00e7\u00e3o de ensaios e s\u00e9ries fotogr\u00e1ficas, ilustrando os t\u00f3picos com proje\u00e7\u00e3o de imagens e livros de diversos fot\u00f3grafos nacionais e estrangeiros.<br \/>\n&#8211; Abordagem preliminar sobre processos curatoriais: o recorte de um acervo; adequa\u00e7\u00e3o do trabalho ao espa\u00e7o expositivo; o pensamento museogr\u00e1fico; a confec\u00e7\u00e3o de um cat\u00e1logo\/folder, etc.<\/p>\n<p>Dia 08:<br \/>\n&#8211; Mostra e discuss\u00e3o dos trabalhos selecionados para alguns projetos curatoriais realizado pelo palestrante.<br \/>\n&#8211; Leitura aberta de portf\u00f3lios dos participantes do workshop. Cada participante pode trazer no m\u00e1ximo dois ensaios com at\u00e9 25 fotografias cada.<br \/>\nSe n\u00e3o h\u00e1 ensaios finalizados, trazer at\u00e9 50 fotografias para discuss\u00e3o de edi\u00e7\u00e3o. Pede-se que as imagens sejam levadas em c\u00f3pias de trabalho, apenas como refer\u00eancia. Leitura de portf\u00f3lio em computadores n\u00e3o s\u00e3o funcionais.<\/p>\n<p>Dia 09:<br \/>\n&#8211; Continua\u00e7\u00e3o das leituras abertas de portf\u00f3lios.<br \/>\n&#8211; Encerramento do workshop.<\/p>\n<p>P\u00daBLICO-ALVO<br \/>\nFot\u00f3grafos profissionais ou amadores avan\u00e7ados com produ\u00e7\u00e3o autoral em andamento, seja em fotografia documental ou de car\u00e1ter<br \/>\nexperimental\/ art\u00edstico.<\/p>\n<p>Investimento: R$ 630,00<br \/>\n<em><em><strong>(No ato da inscri\u00e7\u00e3o informe que tomou conhecimento do curso atrav\u00e9s do Portal Flores no Ar e ganhe um desconto de 10%)<\/strong><\/em><\/em><\/p>\n<p>Os interessados dever\u00e3o enviar seus trabalhos para pr\u00e9-sele\u00e7\u00e3o.<br \/>\nOs participantes dever\u00e3o enviar Biografia pessoal resumida; Endere\u00e7o eletr\u00f4nico (link) (flickr, picassa, behance, etc..) para acesso ao ensaio e\/ou trabalho fotogr\u00e1fico (conjunto de fotografias com unidade tem\u00e1tica e\/ou t\u00e9cnica), contendo at\u00e9 20 (vinte) fotografias.<br \/>\nEnviar para o e-mail: contato@3emeio.com.br<\/p>\n<p>MINISTRADO POR<br \/>\nEder Chiodetto [S\u00e3o Paulo, SP, 1965] \u00e9 mestre em Comunica\u00e7\u00e3o e Artes pela Universidade de S\u00e3o Paulo, jornalista, fot\u00f3grafo, curador independente e cr\u00edtico de fotografia. \u00c9 autor do livro O Lugar do Escritor (Cosac Naify), um dos vencedores do pr\u00eamio Jabuti 2004 e coordenador editorial da cole\u00e7\u00e3o \u201cFotoport\u00e1til\u201d (Cosac Naify), entre outros t\u00edtulos. Atua como curador do Clube de Colecionadores de Fotografia do MAM-SP e realiza, desde 2004, projetos autorais de curadoria para diversas institui\u00e7\u00f5es no Brasil e no exterior. Atuou como rep\u00f3rter-fotogr\u00e1fico (1991-1995), editor (1995-2004) e cr\u00edtico de fotografia (1996-2010) no jornal Folha de S.Paulo. Como docente ministrou aulas na Universidade Metodista de S\u00e3o Paulo e na Faculdade de Fotografia do Senac-SP. Atualmente coordena os Grupos de<br \/>\nEstudo e Cria\u00e7\u00e3o em Fotografia, no seu ateli\u00ea, em S\u00e3o Paulo, atendendo cerca de 50 fot\u00f3grafos semanalmente. Em 2009 foi eleito o melhor curador de fotografia do pa\u00eds em elei\u00e7\u00e3o realizada pela revista Clix\/Fotosite. Em outubro deste ano realizar\u00e1 a mostra &#8220;Mitologias &#8211; Fotografia Contempor\u00e2nea Brasileira&#8221;, na galeria Shiseido, em T\u00f3quio, Jap\u00e3o.Curadorias recentes:<\/p>\n<p>Olhar e Fingir \u2013 Fotografias da Cole\u00e7\u00e3o Auer (MAM-SP, 2009);<br \/>\nHenri Cartier-Bresson, Fot\u00f3grafo (Sesc Pinheiros, SP, 2009);<br \/>\nA Inven\u00e7\u00e3o de um Mundo \u2013 Acervo da Maison Europe\u00e9nne de la<br \/>\nPhotographie (Ita\u00fa Cultural, SP, 2009);<br \/>\nGera\u00e7\u00e3o 00: A Nova Fotografia Brasileira (Sesc Belenzinho, SP, 2011);<br \/>\nEstrat\u00e9gias para Luzes Acidentais (galeria Luciana Brito, SP, 2011);<br \/>\nO Elogio da Vertigem: Cole\u00e7\u00e3o Ita\u00fa de Fotografia Brasileira (Maison<br \/>\nEurop\u00e9enne de la Photographie, Paris, 2012);<br \/>\nInvent\u00e1rio da Pele (galeria SIM, Curitiba, 2012);<br \/>\nCole\u00e7\u00e3o Ita\u00fa de Fotografia Brasileira (Pa\u00e7o Imperial, RJ, 2012);<br \/>\nDocumental Imagin\u00e1rio (Oi Futuro Flamengo, Rio de Janeiro, 2012).<\/p>\n<p><strong>3emeio. Cultura em Movimento<\/strong><br \/>\nRua Professor Jos\u00e9 Brand\u00e3o, 163 &#8211; Boa Viagem<br \/>\nCep: 51020-180 &#8211; Recife-PE<br \/>\nP: (81) 3040-2225<br \/>\nE: contato@3emeio.com.br<\/p>\n<p><span style=\"color: #ffffff;\">&#8211;<\/span><br \/>\n<span style=\"color: #ffffff;\"> &#8211;<\/span><br \/>\n<script type=\"text\/javascript\">\/\/ <![CDATA[\ngoogle_ad_client = \"ca-pub-6774921656048980\";\n\/* banner normal *\/\ngoogle_ad_slot = \"2987505043\";\ngoogle_ad_width = 468;\ngoogle_ad_height = 60;\n\/\/ ]]><\/script><br \/>\n<script type=\"text\/javascript\" src=\"http:\/\/pagead2.googlesyndication.com\/pagead\/show_ads.js\">\/\/ <![CDATA[\n\n\/\/ ]]><\/script><\/p>\n","protected":false},"excerpt":{"rendered":"<p>Dias\/hor\u00e1rios: 07\/12\/12 sexta-feira das 18h \u00e0s 20:30h 08\/12\/12 s\u00e1bado das 10h \u00e0s 13h 09\/12\/12 domingo das 10h \u00e0s 13h Dura\u00e7\u00e3o: 08 horas em tr\u00eas dias consecutivos (sexta a domingo) CONTE\u00daDO DO CURSO Dia 07: &#8211; O curador e editor Eder Chiodetto far\u00e1 uma abordagem pormenorizada, a partir de suas pesquisas, sobre a cria\u00e7\u00e3o conceitual e [&hellip;]<\/p>\n","protected":false},"author":1,"featured_media":4439,"comment_status":"open","ping_status":"open","sticky":false,"template":"","format":"standard","meta":{"om_disable_all_campaigns":false,"_monsterinsights_skip_tracking":false,"_monsterinsights_sitenote_active":false,"_monsterinsights_sitenote_note":"","_monsterinsights_sitenote_category":0,"footnotes":""},"categories":[8,214],"tags":[],"acf":[],"publishpress_future_action":{"enabled":false,"date":"1969-12-31 21:00:00","action":"","terms":[],"taxonomy":"","browser_timezone_offset":0},"_links":{"self":[{"href":"https:\/\/portalfloresnoar.com\/floresnoar\/wp-json\/wp\/v2\/posts\/4437"}],"collection":[{"href":"https:\/\/portalfloresnoar.com\/floresnoar\/wp-json\/wp\/v2\/posts"}],"about":[{"href":"https:\/\/portalfloresnoar.com\/floresnoar\/wp-json\/wp\/v2\/types\/post"}],"author":[{"embeddable":true,"href":"https:\/\/portalfloresnoar.com\/floresnoar\/wp-json\/wp\/v2\/users\/1"}],"replies":[{"embeddable":true,"href":"https:\/\/portalfloresnoar.com\/floresnoar\/wp-json\/wp\/v2\/comments?post=4437"}],"version-history":[{"count":0,"href":"https:\/\/portalfloresnoar.com\/floresnoar\/wp-json\/wp\/v2\/posts\/4437\/revisions"}],"wp:featuredmedia":[{"embeddable":true,"href":"https:\/\/portalfloresnoar.com\/floresnoar\/wp-json\/wp\/v2\/media\/4439"}],"wp:attachment":[{"href":"https:\/\/portalfloresnoar.com\/floresnoar\/wp-json\/wp\/v2\/media?parent=4437"}],"wp:term":[{"taxonomy":"category","embeddable":true,"href":"https:\/\/portalfloresnoar.com\/floresnoar\/wp-json\/wp\/v2\/categories?post=4437"},{"taxonomy":"post_tag","embeddable":true,"href":"https:\/\/portalfloresnoar.com\/floresnoar\/wp-json\/wp\/v2\/tags?post=4437"}],"curies":[{"name":"wp","href":"https:\/\/api.w.org\/{rel}","templated":true}]}}