

{"id":44364,"date":"2023-02-01T12:29:22","date_gmt":"2023-02-01T15:29:22","guid":{"rendered":"https:\/\/portalfloresnoar.com\/floresnoar\/?p=44364"},"modified":"2023-11-27T09:03:14","modified_gmt":"2023-11-27T12:03:14","slug":"agenda-pe-workshop-o-caminho-do-autoconhecimento-e-pra-dentro-dia-25-11-com-samelly-xavier-no-recife","status":"publish","type":"post","link":"https:\/\/portalfloresnoar.com\/floresnoar\/agenda-pe-workshop-o-caminho-do-autoconhecimento-e-pra-dentro-dia-25-11-com-samelly-xavier-no-recife\/","title":{"rendered":"[AGENDA PE] Workshop &#8216;O caminho do autoconhecimento \u00e9 pra dentro&#8217; dia 25\/11 com Samelly Xavier no Recife"},"content":{"rendered":"<p><img decoding=\"async\" loading=\"lazy\" class=\"aligncenter size-large wp-image-44365\" src=\"https:\/\/portalfloresnoar.com\/floresnoar\/wp-content\/uploads\/2023\/11\/samelly-xavier-no-recife-560x700.jpeg\" alt=\"\" width=\"560\" height=\"700\" srcset=\"https:\/\/portalfloresnoar.com\/floresnoar\/wp-content\/uploads\/2023\/11\/samelly-xavier-no-recife-560x700.jpeg 560w, https:\/\/portalfloresnoar.com\/floresnoar\/wp-content\/uploads\/2023\/11\/samelly-xavier-no-recife-240x300.jpeg 240w, https:\/\/portalfloresnoar.com\/floresnoar\/wp-content\/uploads\/2023\/11\/samelly-xavier-no-recife-768x960.jpeg 768w, https:\/\/portalfloresnoar.com\/floresnoar\/wp-content\/uploads\/2023\/11\/samelly-xavier-no-recife.jpeg 1080w\" sizes=\"(max-width: 560px) 100vw, 560px\" \/><\/p>\n<p>A terapeuta integrativa e escritora Samelly Xavier realiza no Recife na manh\u00e3 de 25\/11 o workshop &#8216;O caminho do autoconhecimento \u00e9 pra dentro&#8217;, voltado para pessoas que desejam se aprofundar no autoconhecimento e gerir melhor suas emo\u00e7\u00f5es e rela\u00e7\u00f5es. O encontro acontece das 9h \u00e0s 12, no Espa\u00e7o Gerar, localizado no bairro do Po\u00e7o da Panela.<\/p>\n<p>No workshop, a terapeuta utiliza t\u00e9cnicas de medita\u00e7\u00e3o, respira\u00e7\u00e3o, terapias integrativas e ferramentas de autoconhecimento com base na Neuroci\u00eancia, como a escrita emocional.<\/p>\n<p>&#8220;Quando a gente se conhece mais, a gente se respeita mais. E quando a gente se respeita mais, a gente sofre menos. Investir no seu processo de aprimoramento humano \u00e9 a certeza de viver uma vida mais coerente com os pr\u00f3prios valores&#8221;, informa Samelly, ressaltando que as viv\u00eancias propostas possibilitam empoderamento, reconhecimento das potencialidades, qualidade de vida e melhoria nas rela\u00e7\u00f5es.<\/p>\n<p>ATENDIMENTOS &#8211; No per\u00edodo da tarde, no mesmo dia 25\/11, Samelly Xavier vai estar com a agenda aberta para atendimentos terap\u00eauticos integrativos e tamb\u00e9m oraculares (cartas ciganas, mapas astrais&#8230;) e\u00a0ben\u00e7\u00e3o das rosas.<br \/>\nAgendamentos: (83) 98188-8559 (WhatsApp).<\/p>\n<p>JORNADA CORPO ALMA CORA\u00c7\u00c3O &#8211; No dia 16\/12, Samelly voltar\u00e1 ao Espa\u00e7o Gerar para promover a imers\u00e3o &#8216;Jornada Corpo Alma Cora\u00e7\u00e3o&#8217;, um momento profundo de autoconhecimento, misturando t\u00e9cnicas da intelig\u00eancia emocional, resgate ancestral e Neuroci\u00eancia.<br \/>\nMais informa\u00e7\u00f5es: (83) 98188-8559 (WhatsApp)<\/p>\n<p>SOBRE A TERAPEUTA<br \/>\n<strong>Samelly Xavier<\/strong> \u00e9 escritora, professora, terapeuta integrativa, palestrante e facilitadora de grupos de autoconhecimento e espiritualidade. Tem Especializa\u00e7\u00e3o em Neuroci\u00eancia, mestrado em Linguagem e Ensino, al\u00e9m de v\u00e1rias forma\u00e7\u00f5es na \u00e1rea da Intelig\u00eancia Emocional e Terapias Hol\u00edsticas. \u00c9 um ser a servi\u00e7o do (auto)conhecimento e da evolu\u00e7\u00e3o espiritual.<\/p>\n<p>SERVI\u00c7O<br \/>\n<strong>Workshop &#8216;O caminho do autoconhecimento \u00e9 pra dentro&#8217;<\/strong><br \/>\n<strong>Data:<\/strong> 25\/11\/2023 (S\u00e1bado)<br \/>\n<strong>Hora:<\/strong> Das 09h \u00e0s 12h<br \/>\n<strong>Local:<\/strong> Espa\u00e7o Gerar &#8211; Endere\u00e7o: Rua Luiz Guimar\u00e3es, 253, Po\u00e7o da Panela, Recife\/PE<br \/>\n<em>(Mapa com a localiza\u00e7\u00e3o: <a href=\"https:\/\/maps.app.goo.gl\/kZCHrg1TKRm8Qhmv9\" target=\"_blank\" rel=\"noopener\">https:\/\/maps.app.goo.gl\/kZCHrg1TKRm8Qhmv9<\/a>)<\/em><br \/>\n<strong>Investimento:<\/strong> R$ 170,00 [pagamento via pix ou dividido no cart\u00e3o (com acr\u00e9scimo de juros)]<\/p>\n<p><strong>Inscri\u00e7\u00f5es atrav\u00e9s deste link:<\/strong> <a href=\"https:\/\/docs.google.com\/forms\/d\/e\/1FAIpQLSdDWBE1Q9pYG6Y9nOTRcSb_s9ugAThC2_iBXbPQXrcwYGk_tw\/viewform\" target=\"_blank\" rel=\"noopener\">https:\/\/docs.google.com\/forms\/d\/e\/1FAIpQLSdDWBE1Q9pYG6Y9nOTRcSb_s9ugAThC2_iBXbPQXrcwYGk_tw\/viewform<\/a><\/p>\n<p>MAIS INFORMA\u00c7\u00d5ES<br \/>\n<strong>WhatsApp:<\/strong> (83) 98188-8559<br \/>\n<strong>Instagram:<\/strong> <a href=\"https:\/\/www.instagram.com\/samellyces\/\" target=\"_blank\" rel=\"noopener\">@samellyces<\/a><\/p>\n","protected":false},"excerpt":{"rendered":"<p>A terapeuta integrativa e escritora Samelly Xavier realiza no Recife na manh\u00e3 de 25\/11 o workshop &#8216;O caminho do autoconhecimento \u00e9 pra dentro&#8217;, voltado para pessoas que desejam se aprofundar no autoconhecimento e gerir melhor suas emo\u00e7\u00f5es e rela\u00e7\u00f5es. O encontro acontece das 9h \u00e0s 12, no Espa\u00e7o Gerar, localizado no bairro do Po\u00e7o da [&hellip;]<\/p>\n","protected":false},"author":1,"featured_media":44366,"comment_status":"open","ping_status":"open","sticky":false,"template":"","format":"standard","meta":{"om_disable_all_campaigns":false,"_monsterinsights_skip_tracking":false,"_monsterinsights_sitenote_active":false,"_monsterinsights_sitenote_note":"","_monsterinsights_sitenote_category":0,"footnotes":""},"categories":[8,214],"tags":[136,1451,127,515],"acf":[],"publishpress_future_action":{"enabled":false,"date":"1969-12-31 21:00:00","action":"","terms":[],"taxonomy":"","browser_timezone_offset":0},"_links":{"self":[{"href":"https:\/\/portalfloresnoar.com\/floresnoar\/wp-json\/wp\/v2\/posts\/44364"}],"collection":[{"href":"https:\/\/portalfloresnoar.com\/floresnoar\/wp-json\/wp\/v2\/posts"}],"about":[{"href":"https:\/\/portalfloresnoar.com\/floresnoar\/wp-json\/wp\/v2\/types\/post"}],"author":[{"embeddable":true,"href":"https:\/\/portalfloresnoar.com\/floresnoar\/wp-json\/wp\/v2\/users\/1"}],"replies":[{"embeddable":true,"href":"https:\/\/portalfloresnoar.com\/floresnoar\/wp-json\/wp\/v2\/comments?post=44364"}],"version-history":[{"count":5,"href":"https:\/\/portalfloresnoar.com\/floresnoar\/wp-json\/wp\/v2\/posts\/44364\/revisions"}],"predecessor-version":[{"id":44377,"href":"https:\/\/portalfloresnoar.com\/floresnoar\/wp-json\/wp\/v2\/posts\/44364\/revisions\/44377"}],"wp:featuredmedia":[{"embeddable":true,"href":"https:\/\/portalfloresnoar.com\/floresnoar\/wp-json\/wp\/v2\/media\/44366"}],"wp:attachment":[{"href":"https:\/\/portalfloresnoar.com\/floresnoar\/wp-json\/wp\/v2\/media?parent=44364"}],"wp:term":[{"taxonomy":"category","embeddable":true,"href":"https:\/\/portalfloresnoar.com\/floresnoar\/wp-json\/wp\/v2\/categories?post=44364"},{"taxonomy":"post_tag","embeddable":true,"href":"https:\/\/portalfloresnoar.com\/floresnoar\/wp-json\/wp\/v2\/tags?post=44364"}],"curies":[{"name":"wp","href":"https:\/\/api.w.org\/{rel}","templated":true}]}}