

{"id":44362,"date":"2023-03-10T18:14:48","date_gmt":"2023-03-10T21:14:48","guid":{"rendered":"https:\/\/portalfloresnoar.com\/floresnoar\/?p=44362"},"modified":"2023-12-02T17:10:41","modified_gmt":"2023-12-02T20:10:41","slug":"agenda-pe-grupo-arteterapeutico-flores-astrais-realiza-vivencia-dia-02-12-no-recife","status":"publish","type":"post","link":"https:\/\/portalfloresnoar.com\/floresnoar\/agenda-pe-grupo-arteterapeutico-flores-astrais-realiza-vivencia-dia-02-12-no-recife\/","title":{"rendered":"[AGENDA PE] Grupo Arteterap\u00eautico &#8216;Flores Astrais&#8217; realiza viv\u00eancia dia 02\/12 no Recife"},"content":{"rendered":"<p><img decoding=\"async\" loading=\"lazy\" class=\"aligncenter wp-image-44420\" src=\"https:\/\/portalfloresnoar.com\/floresnoar\/wp-content\/uploads\/2023\/11\/grupo-terapeutico-para-mulheres-no-climaterio-e-menopausa-no-recife-559x700.jpg\" alt=\"\" width=\"545\" height=\"682\" srcset=\"https:\/\/portalfloresnoar.com\/floresnoar\/wp-content\/uploads\/2023\/11\/grupo-terapeutico-para-mulheres-no-climaterio-e-menopausa-no-recife-559x700.jpg 559w, https:\/\/portalfloresnoar.com\/floresnoar\/wp-content\/uploads\/2023\/11\/grupo-terapeutico-para-mulheres-no-climaterio-e-menopausa-no-recife-240x300.jpg 240w, https:\/\/portalfloresnoar.com\/floresnoar\/wp-content\/uploads\/2023\/11\/grupo-terapeutico-para-mulheres-no-climaterio-e-menopausa-no-recife-768x961.jpg 768w, https:\/\/portalfloresnoar.com\/floresnoar\/wp-content\/uploads\/2023\/11\/grupo-terapeutico-para-mulheres-no-climaterio-e-menopausa-no-recife.jpg 1080w\" sizes=\"(max-width: 545px) 100vw, 545px\" \/><\/p>\n<p>Na manh\u00e3 do dia 02\/12, na Casa Astral, no Recife, acontece o primeiro encontro do \u2018Flores Astrais\u2019, grupo arteterap\u00eautico voltado para pessoas no climat\u00e9rio e menopausa, com foco no autoconhecimento e no autocuidado. Os encontros ser\u00e3o guiados pelas terapeutas Lu Rabelo e Morgana Maria.<\/p>\n<p>Atrav\u00e9s de viv\u00eancias arteterap\u00eauticas &#8211; e com o apoio dos Florais da Amaz\u00f4nia &#8211; as participantes ser\u00e3o estimuladas a se expressarem criativamente, compartilhando as experi\u00eancias, com vistas ao fortalecimento m\u00fatuo, nesta fase de tantas mudan\u00e7as e desafios.<\/p>\n<p>\u201cA ideia de criar este grupo vem da nossa pr\u00f3pria experi\u00eancia de estar vivenciando esta fase da vida. As oscila\u00e7\u00f5es hormonais ocasionam muitas mudan\u00e7as nas nossas emo\u00e7\u00f5es e corpos e precisamos nos informar e nos cuidar para vivermos esta fase de maneira criativa e saud\u00e1vel\u201d, contam as terapeutas.<\/p>\n<p>SOBRE AS TERAPEUTAS<br \/>\n<strong>Lu Rabelo<\/strong> \u00e9 m\u00e3e, cantadeira, jornalista, arteterapeuta, yogaterapeuta e aromaterapeuta. Estuda Herbalismo, Tarot, Sonhos, Astrologia, Palha\u00e7aria\u2026 \u00c9 docente nas Forma\u00e7\u00f5es em Arteterapia pela Tra\u00e7os Estudos em Arteterapia e pela Terapiarte, ambas no Recife. \u00c9 criadora e editora do Portal Flores no Ar.<\/p>\n<p><strong>Morgana Maria<\/strong> \u00e9 arte-educadora, arteterapeuta, terapeuta floral, mestre em Reiki, herbalista, produtora cultural e facilitadora de SoulCollage\u00ae.<\/p>\n<p>SERVI\u00c7O<br \/>\n\u2018<strong>Flores Astrais \u2013 Grupo Arteterap\u00eautico para Pessoas no Climat\u00e9rio e Menopausa\u2019<\/strong><br \/>\n<strong>Data do encontro:<\/strong> 02\/12\/2023<br \/>\n<strong>Hora:<\/strong> 9h \u00e0s 12h<br \/>\n<strong>Local:<\/strong> Casa Astral \u2013 Rua Joaquim Xavier de Andrade, 104, Po\u00e7o da Panela, Recife\/PE<br \/>\n<strong>Investimento:<\/strong> R$ 120,00<em> (materiais da viv\u00eancia inclusos no valor)<\/em><\/p>\n<p><em>Obs.: Ir com roupas leves que permitam o livre movimento.<\/em><\/p>\n<p>INSCRI\u00c7\u00d5ES E MAIS INFORMA\u00c7\u00d5ES<br \/>\n<strong>WhatsApp:<\/strong> (81) 81 9825-3988 (Morgana Maria) \/ (81) 99966-9188 (Lu Rabelo)<\/p>\n","protected":false},"excerpt":{"rendered":"<p>Na manh\u00e3 do dia 02\/12, na Casa Astral, no Recife, acontece o primeiro encontro do \u2018Flores Astrais\u2019, grupo arteterap\u00eautico voltado para pessoas no climat\u00e9rio e menopausa, com foco no autoconhecimento e no autocuidado. Os encontros ser\u00e3o guiados pelas terapeutas Lu Rabelo e Morgana Maria. Atrav\u00e9s de viv\u00eancias arteterap\u00eauticas &#8211; e com o apoio dos Florais [&hellip;]<\/p>\n","protected":false},"author":1,"featured_media":44421,"comment_status":"open","ping_status":"open","sticky":false,"template":"","format":"standard","meta":{"om_disable_all_campaigns":false,"_monsterinsights_skip_tracking":false,"_monsterinsights_sitenote_active":false,"_monsterinsights_sitenote_note":"","_monsterinsights_sitenote_category":0,"footnotes":""},"categories":[8,214],"tags":[34,1244,688,137,695,995,1423,435],"acf":[],"publishpress_future_action":{"enabled":false,"date":"1969-12-31 21:00:00","action":"","terms":[],"taxonomy":"","browser_timezone_offset":0},"_links":{"self":[{"href":"https:\/\/portalfloresnoar.com\/floresnoar\/wp-json\/wp\/v2\/posts\/44362"}],"collection":[{"href":"https:\/\/portalfloresnoar.com\/floresnoar\/wp-json\/wp\/v2\/posts"}],"about":[{"href":"https:\/\/portalfloresnoar.com\/floresnoar\/wp-json\/wp\/v2\/types\/post"}],"author":[{"embeddable":true,"href":"https:\/\/portalfloresnoar.com\/floresnoar\/wp-json\/wp\/v2\/users\/1"}],"replies":[{"embeddable":true,"href":"https:\/\/portalfloresnoar.com\/floresnoar\/wp-json\/wp\/v2\/comments?post=44362"}],"version-history":[{"count":5,"href":"https:\/\/portalfloresnoar.com\/floresnoar\/wp-json\/wp\/v2\/posts\/44362\/revisions"}],"predecessor-version":[{"id":44427,"href":"https:\/\/portalfloresnoar.com\/floresnoar\/wp-json\/wp\/v2\/posts\/44362\/revisions\/44427"}],"wp:featuredmedia":[{"embeddable":true,"href":"https:\/\/portalfloresnoar.com\/floresnoar\/wp-json\/wp\/v2\/media\/44421"}],"wp:attachment":[{"href":"https:\/\/portalfloresnoar.com\/floresnoar\/wp-json\/wp\/v2\/media?parent=44362"}],"wp:term":[{"taxonomy":"category","embeddable":true,"href":"https:\/\/portalfloresnoar.com\/floresnoar\/wp-json\/wp\/v2\/categories?post=44362"},{"taxonomy":"post_tag","embeddable":true,"href":"https:\/\/portalfloresnoar.com\/floresnoar\/wp-json\/wp\/v2\/tags?post=44362"}],"curies":[{"name":"wp","href":"https:\/\/api.w.org\/{rel}","templated":true}]}}