

{"id":44356,"date":"2024-02-02T06:35:20","date_gmt":"2024-02-02T09:35:20","guid":{"rendered":"https:\/\/portalfloresnoar.com\/floresnoar\/?p=44356"},"modified":"2024-07-06T17:59:47","modified_gmt":"2024-07-06T20:59:47","slug":"agenda-pe-escola-waldorf-rural-turmalina-esta-com-as-matriculas-abertas-para-2024","status":"publish","type":"post","link":"https:\/\/portalfloresnoar.com\/floresnoar\/agenda-pe-escola-waldorf-rural-turmalina-esta-com-as-matriculas-abertas-para-2024\/","title":{"rendered":"[AGENDA PE] Escola Waldorf Rural Turmalina est\u00e1 com as matr\u00edculas abertas para 2024"},"content":{"rendered":"<p><img decoding=\"async\" loading=\"lazy\" class=\"aligncenter wp-image-44357\" src=\"https:\/\/portalfloresnoar.com\/floresnoar\/wp-content\/uploads\/2023\/10\/escola-waldorf-rural-em-pernambuco-700x700.jpeg\" alt=\"\" width=\"601\" height=\"601\" srcset=\"https:\/\/portalfloresnoar.com\/floresnoar\/wp-content\/uploads\/2023\/10\/escola-waldorf-rural-em-pernambuco-700x700.jpeg 700w, https:\/\/portalfloresnoar.com\/floresnoar\/wp-content\/uploads\/2023\/10\/escola-waldorf-rural-em-pernambuco-300x300.jpeg 300w, https:\/\/portalfloresnoar.com\/floresnoar\/wp-content\/uploads\/2023\/10\/escola-waldorf-rural-em-pernambuco-150x150.jpeg 150w, https:\/\/portalfloresnoar.com\/floresnoar\/wp-content\/uploads\/2023\/10\/escola-waldorf-rural-em-pernambuco-768x768.jpeg 768w, https:\/\/portalfloresnoar.com\/floresnoar\/wp-content\/uploads\/2023\/10\/escola-waldorf-rural-em-pernambuco-1536x1536.jpeg 1536w, https:\/\/portalfloresnoar.com\/floresnoar\/wp-content\/uploads\/2023\/10\/escola-waldorf-rural-em-pernambuco-100x100.jpeg 100w, https:\/\/portalfloresnoar.com\/floresnoar\/wp-content\/uploads\/2023\/10\/escola-waldorf-rural-em-pernambuco.jpeg 1600w\" sizes=\"(max-width: 601px) 100vw, 601px\" \/><\/p>\n<p>A Escola Waldorf Rural Turmalina (EWRT) est\u00e1 com as matr\u00edculas abertas para 2024, com turmas da Educa\u00e7\u00e3o Infantil ao Ensino M\u00e9dio.<\/p>\n<p>Unindo ci\u00eancia, arte e natureza, a escola est\u00e1 localizada na zona rural do munic\u00edpio de Paudalho\/PE, e conta com transporte escolar desde Aldeia e Recife.<\/p>\n<p>Devido \u00e0 sua localiza\u00e7\u00e3o e proposta, a Escola Waldorf Rural Turmalina se apoia em uma vertente espec\u00edfica da Pedagogia Waldorf \u2013 a Pedagogia do Fazer Coerente -, pensada para ser aplicada idealmente em espa\u00e7os rurais. Diante disso, a escola tem atra\u00eddo fam\u00edlias de diversos Estados brasileiros, que est\u00e3o vindo morar no Grande Recife para proporcionarem aos seus filhos uma experi\u00eancia pedag\u00f3gica diferenciada, imersa na Natureza.<\/p>\n<p>De acordo com o Manual da Comunidade Escolar da EWRT, este Fazer Coerente busca suprir uma necessidade dos nossos tempos de que a educa\u00e7\u00e3o seja mais experiencial e esteja ligada, de forma significativa, \u00e0 realidade do mundo e das crian\u00e7as e jovens.<\/p>\n<p>\u201cNa EWRT, a Pedagogia do Fazer Coerente pode significar, por exemplo, que o conhecimento de matem\u00e1tica seja usado para calcular a quantidade de r\u00facula que precisar\u00e1 ser plantada e colhida para o almo\u00e7o dos pr\u00f3prios alunos; que os alunos maiores fabriquem brinquedos para as salas do jardim de inf\u00e2ncia nas aulas de marcenaria; que as can\u00e7\u00f5es trabalhadas na aula de m\u00fasica sejam apresentadas em um evento para a comunidade do entorno; e assim por diante.\u201d<\/p>\n<p>Assim como as demais escolas Waldorf, a EWRT n\u00e3o possui propriet\u00e1rio, nem tampouco fins lucrativos, sendo gerida pelas fam\u00edlias e professores. As mensalidades pagas pelas fam\u00edlias s\u00e3o revertidas em benef\u00edcio da pr\u00f3pria escola, respeitando-se o princ\u00edpio da fraternidade econ\u00f4mica.<\/p>\n<p>A Escola Waldorf Rural Turmalina \u00e9 regulamentada pelo MEC, filiada \u00e0 Federa\u00e7\u00e3o das Escolas Waldorf no Brasil (FEWB) e integra a Rede de Escolas Associadas \u00e0 Unesco.<\/p>\n<p>Fam\u00edlias interessadas em conhecer a escola, podem agendar uma visita atrav\u00e9s do telefone\/whatsapp: (81) 98292-1462.<\/p>\n<p><strong>Endere\u00e7o:<\/strong> BR \u2013 408, Km 80, Ch\u00e3 de Capoeira, Estrada do Cajueiro Claro, Paudalho\/PE<br \/>\n<em>(Localiza\u00e7\u00e3o: https:\/\/goo.gl\/maps\/dCY2MtjXkn6ppgJM8)<\/em><br \/>\n<strong>Instagram:<\/strong> @escolawaldorfruralturmalina<br \/>\n<strong>WhatsApp:<\/strong> (81) 98292-1462<\/p>\n","protected":false},"excerpt":{"rendered":"<p>A Escola Waldorf Rural Turmalina (EWRT) est\u00e1 com as matr\u00edculas abertas para 2024, com turmas da Educa\u00e7\u00e3o Infantil ao Ensino M\u00e9dio. Unindo ci\u00eancia, arte e natureza, a escola est\u00e1 localizada na zona rural do munic\u00edpio de Paudalho\/PE, e conta com transporte escolar desde Aldeia e Recife. Devido \u00e0 sua localiza\u00e7\u00e3o e proposta, a Escola Waldorf [&hellip;]<\/p>\n","protected":false},"author":1,"featured_media":44358,"comment_status":"open","ping_status":"open","sticky":false,"template":"","format":"standard","meta":{"om_disable_all_campaigns":false,"_monsterinsights_skip_tracking":false,"_monsterinsights_sitenote_active":false,"_monsterinsights_sitenote_note":"","_monsterinsights_sitenote_category":0,"footnotes":""},"categories":[8,214],"tags":[23,83,901,1450,461,115,624],"acf":[],"publishpress_future_action":{"enabled":false,"date":"1969-12-31 21:00:00","action":"","terms":[],"taxonomy":"","browser_timezone_offset":0},"_links":{"self":[{"href":"https:\/\/portalfloresnoar.com\/floresnoar\/wp-json\/wp\/v2\/posts\/44356"}],"collection":[{"href":"https:\/\/portalfloresnoar.com\/floresnoar\/wp-json\/wp\/v2\/posts"}],"about":[{"href":"https:\/\/portalfloresnoar.com\/floresnoar\/wp-json\/wp\/v2\/types\/post"}],"author":[{"embeddable":true,"href":"https:\/\/portalfloresnoar.com\/floresnoar\/wp-json\/wp\/v2\/users\/1"}],"replies":[{"embeddable":true,"href":"https:\/\/portalfloresnoar.com\/floresnoar\/wp-json\/wp\/v2\/comments?post=44356"}],"version-history":[{"count":1,"href":"https:\/\/portalfloresnoar.com\/floresnoar\/wp-json\/wp\/v2\/posts\/44356\/revisions"}],"predecessor-version":[{"id":44359,"href":"https:\/\/portalfloresnoar.com\/floresnoar\/wp-json\/wp\/v2\/posts\/44356\/revisions\/44359"}],"wp:featuredmedia":[{"embeddable":true,"href":"https:\/\/portalfloresnoar.com\/floresnoar\/wp-json\/wp\/v2\/media\/44358"}],"wp:attachment":[{"href":"https:\/\/portalfloresnoar.com\/floresnoar\/wp-json\/wp\/v2\/media?parent=44356"}],"wp:term":[{"taxonomy":"category","embeddable":true,"href":"https:\/\/portalfloresnoar.com\/floresnoar\/wp-json\/wp\/v2\/categories?post=44356"},{"taxonomy":"post_tag","embeddable":true,"href":"https:\/\/portalfloresnoar.com\/floresnoar\/wp-json\/wp\/v2\/tags?post=44356"}],"curies":[{"name":"wp","href":"https:\/\/api.w.org\/{rel}","templated":true}]}}